{"id":418526,"date":"2025-09-26T08:56:12","date_gmt":"2025-09-26T08:56:12","guid":{"rendered":"https:\/\/www.europesays.com\/fr\/418526\/"},"modified":"2025-09-26T08:56:12","modified_gmt":"2025-09-26T08:56:12","slug":"ol-0-1-de-carvalho-applaudi-par-paulo-fonseca","status":"publish","type":"post","link":"https:\/\/www.europesays.com\/fr\/418526\/","title":{"rendered":"OL (0-1) : De Carvalho applaudi par Paulo Fonseca"},"content":{"rendered":"<p>                            <img width=\"770\" height=\"433\" src=\"https:\/\/www.europesays.com\/fr\/wp-content\/uploads\/2025\/09\/Fq8KloEXsAE7I_w-e1752653305491-770x433.jpeg\" class=\"attachment-article size-article wp-post-image\" alt=\"Mathys De Carvalho, milieu de l'OL\" decoding=\"async\" fetchpriority=\"high\"  \/><\/p>\n<p>Mathys De Carvalho, milieu de l\u2019OL<\/p>\n<p>Pour sa premi\u00e8re soir\u00e9e europ\u00e9enne, Mathys De Carvalho a affich\u00e9 de la personnalit\u00e9, livrant une tr\u00e8s bonne performance. De quoi se voir f\u00e9licit\u00e9 par Paulo Fonseca.<\/p>\n<p>Apr\u00e8s sa d\u00e9couverte de la Ligue 1 vendredi dernier face \u00e0 Angers (1-0), Mathys <strong>De Carvalho<\/strong> \u00e9tait lanc\u00e9 dans le grand bain jeudi aux Pays-Bas. Aux c\u00f4t\u00e9s de Tyler <strong>Morton<\/strong>, patron dans l&rsquo;entrejeu, le footballeur de 20 ans \u00e9tait titulaire contre Utrecht (<a href=\"https:\/\/www.olympique-et-lyonnais.com\/un-missile-de-tessmann-sort-lol-du-piege-dutrecht-0-1,381149.html\" target=\"_blank\" rel=\"noopener\">0-1<\/a>) pour entamer la Ligue Europa. Un choix judicieux, tant il a franchi avec calme et s\u00e9r\u00e9nit\u00e9 cette nouvelle \u00e9tape.<\/p>\n<p>\u00c2g\u00e9 de 20 ans, il ne s&rsquo;est absolument pas cach\u00e9 (75 ballons touch\u00e9s), r\u00e9ussissant 46 de ses 55 passes tent\u00e9s et gagnant de nombreux duels au sol (10 sur 14). Pas inhib\u00e9 par cette sc\u00e8ne qu&rsquo;il fallait appr\u00e9hender, il a parfois donn\u00e9 l&rsquo;impression d&rsquo;\u00eatre un \u00ab\u00a0vieux briscard\u00a0\u00bb pour glaner des fautes (7). On retient aussi son activit\u00e9 tout au long des 90 minutes. <\/p>\n<p>\u00ab\u00a0Le meilleur joueur de l&rsquo;\u00e9quipe\u00a0\u00bb, Fonseca<\/p>\n<p>Du d\u00e9chet un peu certes (11 pertes de balles), mais il a sembl\u00e9 \u00ab\u00a0grandir\u00a0\u00bb dans la rencontre, ce qui est toujours bon signe. De quoi glaner les louanges de son entra\u00eeneur. \u00ab\u00a0Je n&rsquo;aime pas parler des individualit\u00e9s, mais l\u00e0, je dois faire une exception. Mathys a \u00e9t\u00e9 <a href=\"https:\/\/www.olympique-et-lyonnais.com\/utrecht-ol-0-1-le-top-le-flop-ce-quil-faut-retenir,381154.html\" target=\"_blank\" rel=\"noopener\">le meilleur \u00e9l\u00e9ment de l&rsquo;\u00e9quipe<\/a>. Il a \u00e9t\u00e9 incroyable. Un jeune joueur qui joue pour la premi\u00e8re fois une comp\u00e9tition comme celle-ci, en \u00e9tant en plus titulaire&#8230; Je suis tr\u00e8s content parce qu&rsquo;il a d\u00e9montr\u00e9 beaucoup de personnalit\u00e9 et de caract\u00e8re, a soulign\u00e9 Paulo <strong>Fonseca<\/strong>. Il a gagn\u00e9 beaucoup de second ballon. J&rsquo;ai aim\u00e9 sa performance.\u00a0\u00bb<\/p>\n<p>Derri\u00e8re le trio qui se dessine au milieu, Tyler <strong>Morton <\/strong>&#8211; Tanner <strong>Tessmann <\/strong>&#8211; Corentin <strong>Tolisso<\/strong>, l&rsquo;OL a donc finalement un peu de r\u00e9serve, et de la jeunesse. Apr\u00e8s Khalis <strong>Merah<\/strong>, l&rsquo;Olympique lyonnais pourrait avoir une bonne surprise avec Mathys <strong>De Carvalho<\/strong> cette saison. Rappelons qu&rsquo;il a paraph\u00e9 <a href=\"https:\/\/www.olympique-et-lyonnais.com\/ol-academie-mathys-de-carvalho-prolonge-laventure,370675.html\" target=\"_blank\" rel=\"noopener\">son premier contrat professionnel<\/a> en juillet dernier.<\/p>\n","protected":false},"excerpt":{"rendered":"Mathys De Carvalho, milieu de l\u2019OL Pour sa premi\u00e8re soir\u00e9e europ\u00e9enne, Mathys De Carvalho a affich\u00e9 de la&hellip;\n","protected":false},"author":2,"featured_media":418527,"comment_status":"","ping_status":"","sticky":false,"template":"","format":"standard","meta":{"footnotes":""},"categories":[2],"tags":[11,54820,43314,1011,27,12,241],"class_list":{"0":"post-418526","1":"post","2":"type-post","3":"status-publish","4":"format-standard","5":"has-post-thumbnail","7":"category-actualites","8":"tag-actualites","9":"tag-de-carvalho","10":"tag-fonseca","11":"tag-fr","12":"tag-france","13":"tag-news","14":"tag-ol"},"share_on_mastodon":{"url":"https:\/\/pubeurope.com\/@fr\/115269768582227505","error":""},"_links":{"self":[{"href":"https:\/\/www.europesays.com\/fr\/wp-json\/wp\/v2\/posts\/418526","targetHints":{"allow":["GET"]}}],"collection":[{"href":"https:\/\/www.europesays.com\/fr\/wp-json\/wp\/v2\/posts"}],"about":[{"href":"https:\/\/www.europesays.com\/fr\/wp-json\/wp\/v2\/types\/post"}],"author":[{"embeddable":true,"href":"https:\/\/www.europesays.com\/fr\/wp-json\/wp\/v2\/users\/2"}],"replies":[{"embeddable":true,"href":"https:\/\/www.europesays.com\/fr\/wp-json\/wp\/v2\/comments?post=418526"}],"version-history":[{"count":0,"href":"https:\/\/www.europesays.com\/fr\/wp-json\/wp\/v2\/posts\/418526\/revisions"}],"wp:featuredmedia":[{"embeddable":true,"href":"https:\/\/www.europesays.com\/fr\/wp-json\/wp\/v2\/media\/418527"}],"wp:attachment":[{"href":"https:\/\/www.europesays.com\/fr\/wp-json\/wp\/v2\/media?parent=418526"}],"wp:term":[{"taxonomy":"category","embeddable":true,"href":"https:\/\/www.europesays.com\/fr\/wp-json\/wp\/v2\/categories?post=418526"},{"taxonomy":"post_tag","embeddable":true,"href":"https:\/\/www.europesays.com\/fr\/wp-json\/wp\/v2\/tags?post=418526"}],"curies":[{"name":"wp","href":"https:\/\/api.w.org\/{rel}","templated":true}]}}