{"id":418530,"date":"2025-09-26T08:58:12","date_gmt":"2025-09-26T08:58:12","guid":{"rendered":"https:\/\/www.europesays.com\/fr\/418530\/"},"modified":"2025-09-26T08:58:12","modified_gmt":"2025-09-26T08:58:12","slug":"la-nausee-de-lex-maire-de-saint-etienne-vise-par-un-projet-de-chantage","status":"publish","type":"post","link":"https:\/\/www.europesays.com\/fr\/418530\/","title":{"rendered":"la \u00ab\u00a0naus\u00e9e\u00a0\u00bb de l&rsquo;ex-maire de Saint-Etienne vis\u00e9 par un projet de chantage"},"content":{"rendered":"<p>            Par<br \/>\n        <strong><br \/>\n            <a href=\"https:\/\/actu.fr\/auteur\/redaction-saint-etienne\" title=\"Consulter tous les articles de R\u00e9daction Saint-\u00c9tienne\" rel=\"nofollow noopener\" target=\"_blank\">R\u00e9daction Saint-\u00c9tienne<\/a><br \/>\n        <\/strong><\/p>\n<p>        Publi\u00e9 le<\/p>\n<p>            26 sept. 2025 \u00e0 10h30        <\/p>\n<p>L\u2019<a href=\"https:\/\/actu.fr\/auvergne-rhone-alpes\/saint-etienne_42218\/saint-etienne-proces-de-la-sextape-le-projet-machiavelique-pour-pieger-l-ancien-maire_63199272.html\" rel=\"nofollow noopener\" target=\"_blank\">ancien maire de Saint-Etienne<\/a>, vis\u00e9 par un projet de sextape qui ne s\u2019est pas concr\u00e9tis\u00e9, a expliqu\u00e9 jeudi avoir \u00ab\u00a0une impression de naus\u00e9e permanente\u00a0\u00bb depuis la r\u00e9v\u00e9lation du scandale en 2022.<\/p>\n<p class=\" wall-content\">Michel Thiolli\u00e8re, maire UMP-Rad de 1994 \u00e0 2008, \u00e9tait entendu comme partie civile par le tribunal correctionnel de Lyon, qui juge depuis lundi 22 septembre <a href=\"https:\/\/actu.fr\/auvergne-rhone-alpes\/saint-etienne_42218\/proces-de-la-sextape-pas-glorieux-les-declarations-du-maire-de-saint-etienne-interrogent_63210781.html\" rel=\"nofollow noopener\" target=\"_blank\">le maire actuel de Saint-Etienne Ga\u00ebl Perdriau<\/a> (ex-LR) et trois de ses anciens collaborateurs pour chantage.<\/p>\n<p>Filmer l\u2019ancien maire avec une prostitu\u00e9e mineure pour le forcer \u00e0 se retirer d\u00e9finitivement de la vie politique<\/p>\n<p class=\" wall-content\">Ces quatre pr\u00e9venus sont accus\u00e9s d\u2019avoir musel\u00e9 un rival de Ga\u00ebl Perdriau en le filmant \u00e0 son insu avec un prostitu\u00e9. Mais l\u2019enqu\u00eate a fait ressortir un autre projet de \u00ab\u00a0kompromat\u00a0\u00bb \u00e0 l\u2019encontre de Michel Thiolli\u00e8re.<\/p>\n<p class=\" wall-content\">Dans un enregistrement audio saisi lors des investigations, on entend le directeur de cabinet du maire, Pierre Gauttieri, envisager, dans un \u00e9change avec un autre pr\u00e9venu, de filmer l\u2019ancien maire avec une prostitu\u00e9e mineure pour le forcer \u00e0 se retirer d\u00e9finitivement de la vie politique.<\/p>\n<p>Le maire Ga\u00ebl Perdriau n\u2019est pas poursuivi \u00e0 ce sujet<\/p>\n<p class=\" wall-content\">Le projet a \u00e9t\u00e9 abandonn\u00e9 et le maire Ga\u00ebl Perdriau n\u2019est pas poursuivi \u00e0 ce sujet. Mais \u00ab\u00a0j\u2019aurais aim\u00e9 qu\u2019il prenne la parole pour me manifester un soutien\u00a0\u00bb, quand l\u2019affaire a \u00e9t\u00e9 rendue publique, a d\u00e9plor\u00e9 Michel Thiolli\u00e8re.<\/p>\n<p class=\" wall-content\">Selon lui, Ga\u00ebl Perdriau, qui nie tout d\u00e9lit, a <strong>manqu\u00e9 de fermet\u00e9 dans cette affaire.<\/strong><\/p>\n<p class=\" wall-content\">Pierre Gauttieri, qui dans un autre enregistrement prof\u00e8re de violentes menaces en pr\u00e9sence de Ga\u00ebl Perdriau, \u00ab\u00a0aurait d\u00fb \u00eatre recadr\u00e9\u00a0\u00bb, tacle l\u2019ancien maire.<\/p>\n<p>Votre r\u00e9gion, votre actu !<\/p>\n<p>Recevez chaque jour les infos qui comptent pour vous.<\/p>\n<p>\t<a href=\"https:\/\/actu.fr\/newsletter\" class=\"ac-btn ac-btn--corner ac-btn--medium ac-btn--blue800\" rel=\"nofollow noopener\" target=\"_blank\">S&rsquo;incrire<\/a><br \/>\nLe maire aurait d\u00fb lui \u00ab\u00a0retirer ses d\u00e9l\u00e9gations\u00a0\u00bb<\/p>\n<p class=\" wall-content\">Et Ga\u00ebl Perdriau, qui a reconnu avoir su qu\u2019un de ses adjoints disposait d\u2019une sextape, aurait d\u00fb lui \u00ab\u00a0retirer ses d\u00e9l\u00e9gations\u00a0\u00bb, admoneste-t-il encore, en regrettant le mal port\u00e9 \u00e0 la ville de Saint-Etienne.<\/p>\n<p class=\" wall-content\">Le proc\u00e8s, qui a pris du retard, doit durer jusqu\u2019en milieu de semaine prochaine. Ga\u00ebl Perdriau encourt dix ans de prison et une peine d\u2019in\u00e9ligibilit\u00e9.<\/p>\n<p class=\" wall-content\"><strong>AFP.<\/strong><\/p>\n<p class=\" wall-content\">Personnalisez votre actualit\u00e9 en ajoutant vos villes et m\u00e9dias en favori avec <a href=\"https:\/\/moncompte.actu.fr\" title=\"D\u00e9couvez Mon Actu\" rel=\"nofollow noopener\" data-trk=\"{&quot;cta&quot;:{&quot;action&quot;:&quot;https:\\\/\\\/moncompte.actu.fr&quot;,&quot;category&quot;:&quot;mon compte&quot;,&quot;from&quot;:&quot;article footer&quot;,&quot;name&quot;:&quot;Mon actu&quot;,&quot;type&quot;:&quot;cta&quot;}}\" target=\"_blank\">Mon Actu<\/a>.<\/p>\n","protected":false},"excerpt":{"rendered":"Par R\u00e9daction Saint-\u00c9tienne Publi\u00e9 le 26 sept. 2025 \u00e0 10h30 L\u2019ancien maire de Saint-Etienne, vis\u00e9 par un projet&hellip;\n","protected":false},"author":2,"featured_media":418531,"comment_status":"","ping_status":"","sticky":false,"template":"","format":"standard","meta":{"footnotes":""},"categories":[9653],"tags":[1111,11,2430,1777,674,1011,27,12242,303,12,25,4001,104],"class_list":{"0":"post-418530","1":"post","2":"type-post","3":"status-publish","4":"format-standard","5":"has-post-thumbnail","7":"category-saint-etienne","8":"tag-actu","9":"tag-actualites","10":"tag-auvergne-rhone-alpes","11":"tag-eu","12":"tag-europe","13":"tag-fr","14":"tag-france","15":"tag-gael-perdriau","16":"tag-justice","17":"tag-news","18":"tag-republique-francaise","19":"tag-saint-etienne","20":"tag-societe"},"share_on_mastodon":{"url":"https:\/\/pubeurope.com\/@fr\/115269776439613559","error":""},"_links":{"self":[{"href":"https:\/\/www.europesays.com\/fr\/wp-json\/wp\/v2\/posts\/418530","targetHints":{"allow":["GET"]}}],"collection":[{"href":"https:\/\/www.europesays.com\/fr\/wp-json\/wp\/v2\/posts"}],"about":[{"href":"https:\/\/www.europesays.com\/fr\/wp-json\/wp\/v2\/types\/post"}],"author":[{"embeddable":true,"href":"https:\/\/www.europesays.com\/fr\/wp-json\/wp\/v2\/users\/2"}],"replies":[{"embeddable":true,"href":"https:\/\/www.europesays.com\/fr\/wp-json\/wp\/v2\/comments?post=418530"}],"version-history":[{"count":0,"href":"https:\/\/www.europesays.com\/fr\/wp-json\/wp\/v2\/posts\/418530\/revisions"}],"wp:featuredmedia":[{"embeddable":true,"href":"https:\/\/www.europesays.com\/fr\/wp-json\/wp\/v2\/media\/418531"}],"wp:attachment":[{"href":"https:\/\/www.europesays.com\/fr\/wp-json\/wp\/v2\/media?parent=418530"}],"wp:term":[{"taxonomy":"category","embeddable":true,"href":"https:\/\/www.europesays.com\/fr\/wp-json\/wp\/v2\/categories?post=418530"},{"taxonomy":"post_tag","embeddable":true,"href":"https:\/\/www.europesays.com\/fr\/wp-json\/wp\/v2\/tags?post=418530"}],"curies":[{"name":"wp","href":"https:\/\/api.w.org\/{rel}","templated":true}]}}