{"id":418532,"date":"2025-09-26T08:59:10","date_gmt":"2025-09-26T08:59:10","guid":{"rendered":"https:\/\/www.europesays.com\/fr\/418532\/"},"modified":"2025-09-26T08:59:10","modified_gmt":"2025-09-26T08:59:10","slug":"la-foret-hyperconnectee-au-coeur-des-alliances-invisibles","status":"publish","type":"post","link":"https:\/\/www.europesays.com\/fr\/418532\/","title":{"rendered":"La for\u00eat hyperconnect\u00e9e au c\u0153ur des alliances invisibles"},"content":{"rendered":"<p><strong>Flore 54 propose une conf\u00e9rence de Francis Martin, le vendredi 3 octobre \u00e0 partir de 20 h 00, salle Louis Pergaud, place de la Libert\u00e9 \u00e0 Laxou village (54). Entr\u00e9e libre et gratuite. <\/strong><\/p>\n<p><img loading=\"lazy\" decoding=\"async\" class=\"wp-image-82141\" src=\"https:\/\/www.europesays.com\/fr\/wp-content\/uploads\/2025\/09\/la-foret-hyperconnectee-820x1024.jpg\" alt=\"La for\u00eat interconnect\u00e9e (Francis Martin)\" width=\"464\" height=\"579\"  \/>La for\u00eat interconnect\u00e9e (Francis Martin)<\/p>\n<p>Chaque arbre est un superorganisme, un arbre-monde. Nous explorerons comment les interactions symbiotiques animent des r\u00e9seaux d\u2019interd\u00e9pendance complexes au sein des for\u00eats, tissant des liens entre le monde des arbres et le peuple des microbes. Ces symbioses entre plantes et champignons fa\u00e7onnent les \u00e9cosyst\u00e8mes terrestres depuis des millions d\u2019ann\u00e9es.<\/p>\n<p>Ces associations \u00e0 b\u00e9n\u00e9fice mutuel entre les esp\u00e8ces facilitent leur capacit\u00e9 d\u2019adaptation, notamment face aux d\u00e9fis pos\u00e9s par le changement climatique. Des for\u00eats primaires du Yunnan \u00e0 celles de nos futaies jardin\u00e9es, Francis Martin, Directeur de<br \/>recherche \u00e0 l\u2019INRAE de Nancy, nous fera d\u00e9couvrir comment les scientifiques sont en train de r\u00e9v\u00e9ler les secrets d\u2019un monde<br \/>souterrain, invisible et largement m\u00e9connu : le microbiote des for\u00eats.<\/p>\n<p><strong>Contact FLORE 54 :\u00a0<a href=\"https:\/\/infodujour.fr\/environnement\/nature\/mailto:rrflore54@etik.com\" target=\"_blank\" rel=\"noopener\">rrflore54@wanadoo.fr<\/a> \u00a006 86 05 04 31<\/strong><br \/><strong><a href=\"http:\/\/flore54.org\/\" target=\"_blank\" rel=\"noopener\">flore54.org<\/a>\u00a0<\/strong><\/p>\n","protected":false},"excerpt":{"rendered":"Flore 54 propose une conf\u00e9rence de Francis Martin, le vendredi 3 octobre \u00e0 partir de 20 h 00,&hellip;\n","protected":false},"author":2,"featured_media":418533,"comment_status":"","ping_status":"","sticky":false,"template":"","format":"standard","meta":{"footnotes":""},"categories":[9635],"tags":[1111,11,3570,6211,1777,674,54821,1011,27,775,1702,12,25],"class_list":{"0":"post-418532","1":"post","2":"type-post","3":"status-publish","4":"format-standard","5":"has-post-thumbnail","7":"category-nancy","8":"tag-actu","9":"tag-actualites","10":"tag-arbres","11":"tag-conference","12":"tag-eu","13":"tag-europe","14":"tag-flore-54","15":"tag-fr","16":"tag-france","17":"tag-grand-est","18":"tag-nancy","19":"tag-news","20":"tag-republique-francaise"},"share_on_mastodon":{"url":"https:\/\/pubeurope.com\/@fr\/115269781021104919","error":""},"_links":{"self":[{"href":"https:\/\/www.europesays.com\/fr\/wp-json\/wp\/v2\/posts\/418532","targetHints":{"allow":["GET"]}}],"collection":[{"href":"https:\/\/www.europesays.com\/fr\/wp-json\/wp\/v2\/posts"}],"about":[{"href":"https:\/\/www.europesays.com\/fr\/wp-json\/wp\/v2\/types\/post"}],"author":[{"embeddable":true,"href":"https:\/\/www.europesays.com\/fr\/wp-json\/wp\/v2\/users\/2"}],"replies":[{"embeddable":true,"href":"https:\/\/www.europesays.com\/fr\/wp-json\/wp\/v2\/comments?post=418532"}],"version-history":[{"count":0,"href":"https:\/\/www.europesays.com\/fr\/wp-json\/wp\/v2\/posts\/418532\/revisions"}],"wp:featuredmedia":[{"embeddable":true,"href":"https:\/\/www.europesays.com\/fr\/wp-json\/wp\/v2\/media\/418533"}],"wp:attachment":[{"href":"https:\/\/www.europesays.com\/fr\/wp-json\/wp\/v2\/media?parent=418532"}],"wp:term":[{"taxonomy":"category","embeddable":true,"href":"https:\/\/www.europesays.com\/fr\/wp-json\/wp\/v2\/categories?post=418532"},{"taxonomy":"post_tag","embeddable":true,"href":"https:\/\/www.europesays.com\/fr\/wp-json\/wp\/v2\/tags?post=418532"}],"curies":[{"name":"wp","href":"https:\/\/api.w.org\/{rel}","templated":true}]}}