{"id":418541,"date":"2025-09-26T09:04:10","date_gmt":"2025-09-26T09:04:10","guid":{"rendered":"https:\/\/www.europesays.com\/fr\/418541\/"},"modified":"2025-09-26T09:04:10","modified_gmt":"2025-09-26T09:04:10","slug":"laffaire-de-la-cantine-du-pescadou-a-palavas-les-flots-sinvite-au-tribunal","status":"publish","type":"post","link":"https:\/\/www.europesays.com\/fr\/418541\/","title":{"rendered":"l&rsquo;affaire de La Cantine du Pescadou \u00e0 Palavas-les-Flots s&rsquo;invite au tribunal"},"content":{"rendered":"<p>            Par<br \/>\n        <strong><br \/>\n            <a href=\"https:\/\/actu.fr\/auteur\/jm-aubert\" title=\"Consulter tous les articles de Jean-Marc Aubert\" rel=\"nofollow noopener\" target=\"_blank\">Jean-Marc Aubert<\/a><br \/>\n        <\/strong><\/p>\n<p>        Publi\u00e9 le<\/p>\n<p>            26 sept. 2025 \u00e0 10h42<br \/>\n        ; mis \u00e0 jour le 26 sept. 2025 \u00e0 11h03    <\/p>\n<p>L\u2019affaire de violences pr\u00e9sum\u00e9es avait enflamm\u00e9 les r\u00e9seaux sociaux, dans la soir\u00e9e du dimanche 12 janvier dernier, avec une <strong>fermeture administrative<\/strong> prononc\u00e9e dans la foul\u00e9e par le pr\u00e9fet de l\u2019H\u00e9rault : il \u00e9tait question de gendarmes insult\u00e9s et malmen\u00e9s dans le restaurant La Cantine du Pescadou, pr\u00e8s des ar\u00e8nes, sur les rive gauche de <strong>Palavas-les-Flots,<\/strong> lors d\u2019un week-end festif avec DJ set et des brunchs.\u00a0Une version vivement contest\u00e9e par des clients, pr\u00e9sents au moment de l\u2019intervention qualifi\u00e9e de rude et de disproportionn\u00e9e des militaires du peloton de surveillance et d\u2019intervention -Psig- de la compagnie de Lunel.<\/p>\n<p>    <a href=\"https:\/\/www.google.com\/maps\/embed?pb=!1m18!1m12!1m3!1d8488.391808954548!2d3.8667895431874832!3d43.60982994978802!2m3!1f0!2f0!3f0!3m2!1i1024!2i768!4f13.1!3m3!1m2!1s0x12b6afaa72f9407f%3A0x8635a1527e55fabe!2sTribunal%20Judiciaire%20de%20Montpellier!5e0!3m2!1sfr!2sfr!4v1758874453430!5m2!1sfr!2sfr\" title=\"Ouvrie le lien\" rel=\"nofollow noopener\" target=\"_blank\">Cliquez ici pour visualiser le contenu<\/a><\/p>\n<p class=\" wall-content\">Cette affaire vient de s\u2019inviter en plat de r\u00e9sistance au <strong>tribunal correctionnel de Montpellier<\/strong>,\u00a0ce jeudi 24 septembre 2025 en matin\u00e9e.\u00a0<\/p>\n<p class=\" wall-content\">Huit mois de prison avec sursis et une amende ont \u00e9t\u00e9 requis par le procureur de la R\u00e9publique contre les deux tenanciers de ce restaurant, un p\u00e8re et son fils, jug\u00e9s pour avoir fait de la r\u00e9sistance, quand les gendarmes ont d\u00e9barqu\u00e9, en soir\u00e9e, apr\u00e8s, selon eux, des appels de voisins se plaignant de tapage nocturne. Une version battue en br\u00e8che par les trois avocats de la d\u00e9fense, Marine Czternastek, Michel Gouron et Jean-Baptiste Mousset : \u00ab\u00a0Ces nuisances sonores ont \u00e9t\u00e9 invent\u00e9es, il n\u2019y a aucun bruit sur la vid\u00e9o de la cam\u00e9ra-pi\u00e9ton des gendarmes vers\u00e9e au dossier d\u2019instruction par les gendarmes, aucun t\u00e9moignage, ni aucune plainte de riverains et le film ne correspond pas aux faits relat\u00e9s dans la proc\u00e9dure : pas de violences, ni de r\u00e9bellion, seulement des outrages. Le fils a dit aux gendarmes, vous embarquez mon p\u00e8re comme une merde, alors qu\u2019il est retranscrit, la v\u00e9rit\u00e9, vous \u00eates des merdes\u00a0\u00bb\u2026\u00a0<\/p>\n<p class=\" wall-content\">Pour les avocats, l\u2019infraction d\u2019outrage \u00e0 personne d\u00e9positaire de l\u2019autorit\u00e9 publique n\u2019est pas constitu\u00e9e, pas plus que celle d\u2019injures portant atteintes \u00e0 leur dignit\u00e9 et aux respect d\u00fb \u00e0 leur fonctions ni celle de violences volontaires aggrav\u00e9es, \u00ab\u00a0puisque les deux pr\u00e9venus n\u2019ont jamais port\u00e9 de coups sur les gendarmes. Une l\u00e9g\u00e8re blessure \u00e0 une clavicule de l\u2019un d\u2019eux peut s\u2019expliquer par un coup re\u00e7u de la part d\u2019un individu non identifi\u00e9, lors du mouvement de foule ayant suivi l\u2019arriv\u00e9e des militaires. Avec une preuve \u00e0 l\u2019appui : la cam\u00e9ra-pi\u00e9ton du gendarme bless\u00e9 n\u2019a jamais immortalis\u00e9 un acte de violence des deux exploitants du restaurant\u00a0\u00bb.<\/p>\n<p>Vid\u00e9os : en ce moment sur ActuLes gendarmes demandent des sanctions<\/p>\n<p class=\" wall-content\">Les gendarmes qui maintiennent l\u2019existence de ce d\u00e9lit demandent des sanctions et des r\u00e9parations financi\u00e8res contre les deux pr\u00e9venus, qui ne cessent de s\u2019interroger depuis les faits sur les vraies raisons de cette intervention brutale et massive dans cet \u00e9tablissement ayant pignon sur rue, o\u00f9 de nombreux clients se trouvaient. Et o\u00f9 les policiers municipaux de la brigade de nuit de la station baln\u00e9aire \u00e9taient \u00e9galement pr\u00e9sents, en plus des nombreux gendarmes. Les avocats des pr\u00e9venus ont relev\u00e9 l\u2019absence d\u2019auditions de tous \u00a0les militaires engag\u00e9s, des clients, d\u2019autres t\u00e9moins et des policiers municipaux dans cette proc\u00e9dure. D\u00e9lib\u00e9r\u00e9 au 6 octobre.<\/p>\n<p class=\" wall-content\">Personnalisez votre actualit\u00e9 en ajoutant vos villes et m\u00e9dias en favori avec <a href=\"https:\/\/moncompte.actu.fr\" title=\"D\u00e9couvez Mon Actu\" rel=\"nofollow noopener\" data-trk=\"{&quot;cta&quot;:{&quot;action&quot;:&quot;https:\\\/\\\/moncompte.actu.fr&quot;,&quot;category&quot;:&quot;mon compte&quot;,&quot;from&quot;:&quot;article footer&quot;,&quot;name&quot;:&quot;Mon actu&quot;,&quot;type&quot;:&quot;cta&quot;}}\" target=\"_blank\">Mon Actu<\/a>.<\/p>\n","protected":false},"excerpt":{"rendered":"Par Jean-Marc Aubert Publi\u00e9 le 26 sept. 2025 \u00e0 10h42 ; mis \u00e0 jour le 26 sept. 2025&hellip;\n","protected":false},"author":2,"featured_media":418542,"comment_status":"","ping_status":"","sticky":false,"template":"","format":"standard","meta":{"footnotes":""},"categories":[9599],"tags":[1111,11,215,1777,674,118,1011,27,3381,303,2208,12,2680,25],"class_list":{"0":"post-418541","1":"post","2":"type-post","3":"status-publish","4":"format-standard","5":"has-post-thumbnail","7":"category-montpellier","8":"tag-actu","9":"tag-actualites","10":"tag-commerce","11":"tag-eu","12":"tag-europe","13":"tag-faits-divers","14":"tag-fr","15":"tag-france","16":"tag-gendarmerie","17":"tag-justice","18":"tag-montpellier","19":"tag-news","20":"tag-occitanie","21":"tag-republique-francaise"},"share_on_mastodon":{"url":"https:\/\/pubeurope.com\/@fr\/115269800317997736","error":""},"_links":{"self":[{"href":"https:\/\/www.europesays.com\/fr\/wp-json\/wp\/v2\/posts\/418541","targetHints":{"allow":["GET"]}}],"collection":[{"href":"https:\/\/www.europesays.com\/fr\/wp-json\/wp\/v2\/posts"}],"about":[{"href":"https:\/\/www.europesays.com\/fr\/wp-json\/wp\/v2\/types\/post"}],"author":[{"embeddable":true,"href":"https:\/\/www.europesays.com\/fr\/wp-json\/wp\/v2\/users\/2"}],"replies":[{"embeddable":true,"href":"https:\/\/www.europesays.com\/fr\/wp-json\/wp\/v2\/comments?post=418541"}],"version-history":[{"count":0,"href":"https:\/\/www.europesays.com\/fr\/wp-json\/wp\/v2\/posts\/418541\/revisions"}],"wp:featuredmedia":[{"embeddable":true,"href":"https:\/\/www.europesays.com\/fr\/wp-json\/wp\/v2\/media\/418542"}],"wp:attachment":[{"href":"https:\/\/www.europesays.com\/fr\/wp-json\/wp\/v2\/media?parent=418541"}],"wp:term":[{"taxonomy":"category","embeddable":true,"href":"https:\/\/www.europesays.com\/fr\/wp-json\/wp\/v2\/categories?post=418541"},{"taxonomy":"post_tag","embeddable":true,"href":"https:\/\/www.europesays.com\/fr\/wp-json\/wp\/v2\/tags?post=418541"}],"curies":[{"name":"wp","href":"https:\/\/api.w.org\/{rel}","templated":true}]}}