{"id":418543,"date":"2025-09-26T09:05:09","date_gmt":"2025-09-26T09:05:09","guid":{"rendered":"https:\/\/www.europesays.com\/fr\/418543\/"},"modified":"2025-09-26T09:05:09","modified_gmt":"2025-09-26T09:05:09","slug":"seine-marathon-76-loisirs-creatifs-nouvelles-enseignes-que-faire-a-rouen-ce-weekend","status":"publish","type":"post","link":"https:\/\/www.europesays.com\/fr\/418543\/","title":{"rendered":"Seine Marathon 76, loisirs cr\u00e9atifs, nouvelles enseignes&#8230; Que faire \u00e0 Rouen ce weekend\u00a0?"},"content":{"rendered":"<p>            Par<br \/>\n        <strong><br \/>\n            <a href=\"https:\/\/actu.fr\/auteur\/fmass\" title=\"Consulter tous les articles de Fabien Massin\" rel=\"nofollow noopener\" target=\"_blank\">Fabien Massin<\/a><br \/>\n        <\/strong><\/p>\n<p>        Publi\u00e9 le<\/p>\n<p>            26 sept. 2025 \u00e0 10h32        <\/p>\n<p>Vous \u00eates \u00e0<a href=\"https:\/\/actu.fr\/normandie\/rouen_76540\" rel=\"nofollow noopener\" target=\"_blank\"> Rouen (Seine-Maritime)<\/a> en ce dernier weekend de septembre\u2009?<strong> Voici quelques id\u00e9es de sorties<\/strong> pour s\u2019occuper seul, en famille ou entre amis samedi\u00a027 et dimanche 28\u00a0septembre 2025.<\/p>\n<p>Participer \u00e0 Seine Marathon 76<\/p>\n<p class=\" wall-content\">Avis aux amateurs de course \u00e0 pied, les 27 et 28\u00a0septembre 2025, le Seine Marathon 76 revient pour une septi\u00e8me \u00e9dition \u00e0 Rouen, sans doute l\u2019un des plus gros \u00e9v\u00e9nements d\u00e9di\u00e9s \u00e0 la course \u00e0 pied de la r\u00e9gion. Au total, cinq \u00e9preuves sur quatre distances sont propos\u00e9es, <strong>de 5 kilom\u00e8tres \u00e0 l\u2019\u00e9preuve reine, le marathon et ses 42,195 kilom\u00e8tres<\/strong>. Tous les d\u00e9parts auront lieu depuis le quai Jean-Moulin, aux pieds de l\u2019H\u00f4tel du D\u00e9partement. Retrouvez tout le programme, <a href=\"https:\/\/actu.fr\/normandie\/rouen_76540\/seine-marathon-76-vise-le-top-10-des-courses-de-france-en-attendant-voici-le-programme_62855021.html\" rel=\"nofollow noopener\" target=\"_blank\">ici<\/a>.<\/p>\n<p>D\u00e9ployer toute sa cr\u00e9ativit\u00e9 en couture, photo, tufting\u2026<\/p>\n<p class=\" wall-content\">Du jeudi\u00a026 au dimanche 28\u00a0septembre 2025, le Parc des expositions de Rouen accueille pour sa 23e \u00e9dition, l\u2019un des plus grands salons de loisirs cr\u00e9atifs de la r\u00e9gion. \u00c9v\u00e9nement incontournable pour les amateurs de DIY (comprenez \u00ab\u2009faites-le vous-m\u00eame\u2009\u00bb), Creativa accueille 100\u00a0exposants sur 6\u2009000\u00a0m2 et pr\u00e9voit de d\u00e9passer les 15\u2009000\u00a0visiteurs. <strong>Certaines activit\u00e9s originales se d\u00e9marquent des autres<\/strong>. <a href=\"https:\/\/actu.fr\/normandie\/le-grand-quevilly_76322\/creativa-le-grand-salon-des-loisirs-creatifs-revient-a-rouen-cinq-activites-originales-a-faire-sur-place_63167328.html\" rel=\"nofollow noopener\" target=\"_blank\">On vous fait notre top\u00a05<\/a>.<\/p>\n<p>Tester de nouvelles enseignes<\/p>\n<p class=\" wall-content\">\u00c7a bouge dans les centres commerciaux de Rouen. <strong>D\u00e9coration, restaurants, pr\u00eat-\u00e0-porter\u2026<\/strong> En cette rentr\u00e9e de septembre\u00a02025,<a href=\"https:\/\/actu.fr\/normandie\/rouen_76540\/restaurants-et-vetements-decouvrez-les-nombreuses-nouvelles-enseignes-des-centres-commerciaux-de-rouen_63202420.html\" rel=\"nofollow noopener\" target=\"_blank\"> d\u00e9couvrez les nouveaut\u00e9s \u00e0 Saint-Sever et aux Docks 76<\/a>, les deux centres commerciaux de la rive gauche et de la rive droite de la capitale normande.<\/p>\n<p>Red\u00e9couvrir le M\u00e9tropole, caf\u00e9 mythique<\/p>\n<p class=\" wall-content\">Le M\u00e9tropole est de retour. Le mythique caf\u00e9 situ\u00e9 devant la gare de Rouen <a href=\"https:\/\/actu.fr\/normandie\/rouen_76540\/metropole-cafe-legendaire-de-rouen-rouvre_63182257.html\" rel=\"nofollow noopener\" target=\"_blank\">a rouvert ses portes<\/a>. Il \u00e9tait ferm\u00e9 depuis le mois de mars mais s\u2019offre donc une deuxi\u00e8me jeunesse avec un nouveau patron. Les grandes lignes ne varient pas. Nous sommes toujours dans un espace splendide, art d\u00e9co, avec une hauteur sous plafond assez extraordinaire. Un\u00a0caf\u00e9 dans lequel\u00a0<strong>Simone de Beauvoir et Jean-Paul Sartre<\/strong> <a href=\"https:\/\/actu.fr\/normandie\/rouen_76540\/rouen-quand-jean-paul-sartre-et-simone-de-beauvoir-avaient-leurs-habitudes-au-metropole_62376727.html\" rel=\"nofollow noopener\" target=\"_blank\">avaient leurs habitudes<\/a>.<\/p>\n<p>Admirer l\u2019abbatiale Saint-Ouen restaur\u00e9e<\/p>\n<p class=\" wall-content\">Fragilis\u00e9e, l\u2019abbatiale Saint-Ouen de Rouen a b\u00e9n\u00e9fici\u00e9 d\u2019un important chantier de r\u00e9novation pendant 4\u00a0ans.<a href=\"https:\/\/actu.fr\/normandie\/rouen_76540\/en-images-apres-4-ans-de-travaux-l-abbatiale-saint-ouen-de-rouen-resplendit-a-nouveau_63194437.html\" rel=\"nofollow noopener\" target=\"_blank\"> Sa restauration a \u00e9t\u00e9 inaugur\u00e9e vendredi 19\u00a0septembre<\/a>. Sa fa\u00e7ade, autrefois noircie, <strong>illumine d\u00e9sormais par sa blancheur immacul\u00e9e<\/strong>. Quelques parties de l\u2019\u00e9difice restent ternes, mais l\u2019essentiel est l\u00e0. Cette grande phase de restauration avait d\u00e9but\u00e9 en 2021.<\/p>\n<p>Suivez l\u2019actualit\u00e9 de Rouen sur notre <a href=\"https:\/\/www.whatsapp.com\/channel\/0029VaKfnf99hXF2ddApFB1D\" rel=\"nofollow noopener\" target=\"_blank\">cha\u00eene WhatsApp<\/a> et sur notre <a href=\"https:\/\/www.tiktok.com\/@76actu.fr?lang=fr\" rel=\"nofollow noopener\" target=\"_blank\">compte TikTok<\/a><\/p>\n<p class=\" wall-content\">Personnalisez votre actualit\u00e9 en ajoutant vos villes et m\u00e9dias en favori avec <a href=\"https:\/\/moncompte.actu.fr\" title=\"D\u00e9couvez Mon Actu\" rel=\"nofollow noopener\" data-trk=\"{&quot;cta&quot;:{&quot;action&quot;:&quot;https:\\\/\\\/moncompte.actu.fr&quot;,&quot;category&quot;:&quot;mon compte&quot;,&quot;from&quot;:&quot;article footer&quot;,&quot;name&quot;:&quot;Mon actu&quot;,&quot;type&quot;:&quot;cta&quot;}}\" target=\"_blank\">Mon Actu<\/a>.<\/p>\n<p>                    <script async src=\"\/\/www.tiktok.com\/embed.js\"><\/script><\/p>\n","protected":false},"excerpt":{"rendered":"Par Fabien Massin Publi\u00e9 le 26 sept. 2025 \u00e0 10h32 Vous \u00eates \u00e0 Rouen (Seine-Maritime) en ce dernier&hellip;\n","protected":false},"author":2,"featured_media":418544,"comment_status":"","ping_status":"","sticky":false,"template":"","format":"standard","meta":{"footnotes":""},"categories":[9587],"tags":[54114,1111,11,9086,1777,674,1011,27,1652,12,5161,3147,25,9590],"class_list":{"0":"post-418543","1":"post","2":"type-post","3":"status-publish","4":"format-standard","5":"has-post-thumbnail","7":"category-rouen","8":"tag-abbatiale-saint-ouen","9":"tag-actu","10":"tag-actualites","11":"tag-bon-plan-a-rouen","12":"tag-eu","13":"tag-europe","14":"tag-fr","15":"tag-france","16":"tag-loisirs-culture","17":"tag-news","18":"tag-normandie","19":"tag-nouveaux-commerces","20":"tag-republique-francaise","21":"tag-rouen"},"share_on_mastodon":{"url":"https:\/\/pubeurope.com\/@fr\/115269803922117483","error":""},"_links":{"self":[{"href":"https:\/\/www.europesays.com\/fr\/wp-json\/wp\/v2\/posts\/418543","targetHints":{"allow":["GET"]}}],"collection":[{"href":"https:\/\/www.europesays.com\/fr\/wp-json\/wp\/v2\/posts"}],"about":[{"href":"https:\/\/www.europesays.com\/fr\/wp-json\/wp\/v2\/types\/post"}],"author":[{"embeddable":true,"href":"https:\/\/www.europesays.com\/fr\/wp-json\/wp\/v2\/users\/2"}],"replies":[{"embeddable":true,"href":"https:\/\/www.europesays.com\/fr\/wp-json\/wp\/v2\/comments?post=418543"}],"version-history":[{"count":0,"href":"https:\/\/www.europesays.com\/fr\/wp-json\/wp\/v2\/posts\/418543\/revisions"}],"wp:featuredmedia":[{"embeddable":true,"href":"https:\/\/www.europesays.com\/fr\/wp-json\/wp\/v2\/media\/418544"}],"wp:attachment":[{"href":"https:\/\/www.europesays.com\/fr\/wp-json\/wp\/v2\/media?parent=418543"}],"wp:term":[{"taxonomy":"category","embeddable":true,"href":"https:\/\/www.europesays.com\/fr\/wp-json\/wp\/v2\/categories?post=418543"},{"taxonomy":"post_tag","embeddable":true,"href":"https:\/\/www.europesays.com\/fr\/wp-json\/wp\/v2\/tags?post=418543"}],"curies":[{"name":"wp","href":"https:\/\/api.w.org\/{rel}","templated":true}]}}