{"id":418547,"date":"2025-09-26T09:08:10","date_gmt":"2025-09-26T09:08:10","guid":{"rendered":"https:\/\/www.europesays.com\/fr\/418547\/"},"modified":"2025-09-26T09:08:10","modified_gmt":"2025-09-26T09:08:10","slug":"cetait-quoi-cet-helicoptere-au-dessus-du-parc-paul-mistral","status":"publish","type":"post","link":"https:\/\/www.europesays.com\/fr\/418547\/","title":{"rendered":"c\u2019\u00e9tait quoi cet h\u00e9licopt\u00e8re au-dessus du parc Paul-Mistral\u00a0?"},"content":{"rendered":"<p>C\u2019est une op\u00e9ration d\u00e9licate qui s\u2019est d\u00e9roul\u00e9e ce vendredi matin dans le parc Paul-Mistral de Grenoble. Un h\u00e9licopt\u00e8re a survol\u00e9 plusieurs fois la tour Perret.<\/p>\n<p><a href=\"https:\/\/www.ledauphine.com\/d\/le-chantier-de-la-tour-perret-l-un-des-emblemes-de-grenoble-9b489fe4-faa0-4d3f-bccf-c76e6e4a9be1\" target=\"_blank\" rel=\"nofollow noopener\">La vieille dame de b\u00e9ton et de fer<\/a>, inaugur\u00e9e pour l\u2019exposition internationale de la houille blanche en 1925 et tr\u00e8s endommag\u00e9e, fait l\u2019objet d\u2019un vaste chantier de restauration entam\u00e9 fin 2023.<\/p>\n<p>\u00a0Le pi\u00e9destal et une boule en b\u00e9ton pesant au total 1,3 tonne install\u00e9s dans quelques jours<\/p>\n<p>Ce vendredi, c\u2019est une \u00e9tape importante et hautement symbolique qui s\u2019est d\u00e9roul\u00e9e sous l\u2019\u0153il attentif et admiratif des quelques promeneurs du parc.<\/p>\n<p>Les \u00e9l\u00e9ments qui composent la boule sommitale, qui tr\u00f4ne \u00e0 85 m\u00e8tres de haut, ont \u00e9t\u00e9 h\u00e9liport\u00e9s et d\u00e9pos\u00e9s au sommet lors d\u2019une impressionnante op\u00e9ration r\u00e9alis\u00e9e en seulement quelques minutes. Le pi\u00e9destal et une boule en b\u00e9ton pesant au total 1,3 tonne, con\u00e7us par l\u2019entreprise Comte, seront install\u00e9s dans quelques jours. L\u2019ancienne boule a d\u00fb \u00eatre concass\u00e9e sur place, trop ab\u00eem\u00e9e pour \u00eatre replac\u00e9e, et \u00e9vacu\u00e9e lors de la rotation de l\u2019h\u00e9licopt\u00e8re\u00a0<\/p>\n<p>Apr\u00e8s cette \u00e9tape importante, le chantier va se poursuivre encore pendant plusieurs mois.<\/p>\n<p>Ferm\u00e9e depuis 1960, <a href=\"https:\/\/www.ledauphine.com\/culture-loisirs\/2025\/06\/23\/isere-grenoble-dans-moins-d-un-an-la-tour-perret-rouvrira-aux-visiteurs-et-voila-ce-qui-les-attend\" target=\"_blank\" rel=\"nofollow noopener\">la tour devrait rouvrir aux visiteurs courant juin 2026<\/a>. Le parcours de visite permettra d\u2019acc\u00e9der aux plateformes et retrouver ainsi la vocation premi\u00e8re de la tour pens\u00e9e et con\u00e7ue par Auguste Perret : regarder les montagnes!<\/p>\n","protected":false},"excerpt":{"rendered":"C\u2019est une op\u00e9ration d\u00e9licate qui s\u2019est d\u00e9roul\u00e9e ce vendredi matin dans le parc Paul-Mistral de Grenoble. Un h\u00e9licopt\u00e8re&hellip;\n","protected":false},"author":2,"featured_media":418548,"comment_status":"","ping_status":"","sticky":false,"template":"","format":"standard","meta":{"footnotes":""},"categories":[9566],"tags":[1111,11,2430,1687,112,1777,674,107,1011,27,2731,1757,108,12,25],"class_list":{"0":"post-418547","1":"post","2":"type-post","3":"status-publish","4":"format-standard","5":"has-post-thumbnail","7":"category-grenoble","8":"tag-actu","9":"tag-actualites","10":"tag-auvergne-rhone-alpes","11":"tag-culture-loisirs","12":"tag-edition-grenoble-agglomeration","13":"tag-eu","14":"tag-europe","15":"tag-fil-info","16":"tag-fr","17":"tag-france","18":"tag-grenoble","19":"tag-insolite","20":"tag-isere","21":"tag-news","22":"tag-republique-francaise"},"share_on_mastodon":{"url":"https:\/\/pubeurope.com\/@fr\/115269815766391413","error":""},"_links":{"self":[{"href":"https:\/\/www.europesays.com\/fr\/wp-json\/wp\/v2\/posts\/418547","targetHints":{"allow":["GET"]}}],"collection":[{"href":"https:\/\/www.europesays.com\/fr\/wp-json\/wp\/v2\/posts"}],"about":[{"href":"https:\/\/www.europesays.com\/fr\/wp-json\/wp\/v2\/types\/post"}],"author":[{"embeddable":true,"href":"https:\/\/www.europesays.com\/fr\/wp-json\/wp\/v2\/users\/2"}],"replies":[{"embeddable":true,"href":"https:\/\/www.europesays.com\/fr\/wp-json\/wp\/v2\/comments?post=418547"}],"version-history":[{"count":0,"href":"https:\/\/www.europesays.com\/fr\/wp-json\/wp\/v2\/posts\/418547\/revisions"}],"wp:featuredmedia":[{"embeddable":true,"href":"https:\/\/www.europesays.com\/fr\/wp-json\/wp\/v2\/media\/418548"}],"wp:attachment":[{"href":"https:\/\/www.europesays.com\/fr\/wp-json\/wp\/v2\/media?parent=418547"}],"wp:term":[{"taxonomy":"category","embeddable":true,"href":"https:\/\/www.europesays.com\/fr\/wp-json\/wp\/v2\/categories?post=418547"},{"taxonomy":"post_tag","embeddable":true,"href":"https:\/\/www.europesays.com\/fr\/wp-json\/wp\/v2\/tags?post=418547"}],"curies":[{"name":"wp","href":"https:\/\/api.w.org\/{rel}","templated":true}]}}