{"id":418549,"date":"2025-09-26T09:09:16","date_gmt":"2025-09-26T09:09:16","guid":{"rendered":"https:\/\/www.europesays.com\/fr\/418549\/"},"modified":"2025-09-26T09:09:16","modified_gmt":"2025-09-26T09:09:16","slug":"municipales-2026-a-grenoble-laurence-ruffin-porte-un-projet-cooperatif","status":"publish","type":"post","link":"https:\/\/www.europesays.com\/fr\/418549\/","title":{"rendered":"Municipales 2026 \u00e0 Grenoble : Laurence Ruffin porte un projet \u00ab\u00a0coop\u00e9ratif\u00a0\u00bb"},"content":{"rendered":"<p><img loading=\"lazy\" decoding=\"async\" alt=\"\u00a9 Rapha\u00eblle Lavorel - Laurence Ruffin, t\u00eate de liste des \u00c9cologistes et de plusieurs partis de gauche pour les municipales 2026 de Grenoble.\" data-zoom-src=\"https:\/\/www.europesays.com\/fr\/wp-content\/uploads\/2025\/09\/initial-laurence-ruffin-candidate-ecologistes-municipales-2026-grenoble-credit-raphaelle-lavorel.jpg\" data-zoomable=\"\" height=\"702\" src=\"https:\/\/www.europesays.com\/fr\/wp-content\/uploads\/2025\/09\/initial-laurence-ruffin-candidate-ecologistes-municipales-2026-grenoble-credit-raphaelle-lavorel.jpg\" width=\"1248\"\/>  <\/p>\n<p class=\"article-desc\">\u00a9 Rapha\u00eblle Lavorel &#8211; Laurence Ruffin, t\u00eate de liste des \u00c9cologistes et de plusieurs partis de gauche pour les municipales 2026 de Grenoble. <\/p>\n<p><a href=\"https:\/\/mesinfos.fr\/38000-grenoble\/municipales-2026-laurence-ruffin-sera-tete-de-liste-des-ecologistes-a-grenoble-230337.html\" target=\"_blank\" rel=\"noopener\">C\u2019est officiel depuis le 21 septembre<\/a> : Laurence Ruffin, 47 ans, est la t\u00eate de liste pour les \u00e9cologistes et pour une partie de la gauche en vue des <strong>\u00e9lections municipales de mars 2026 \u00e0 Grenoble<\/strong>. Ce jeudi 25 septembre, Laurence Ruffin a lanc\u00e9 la campagne des \u00e9cologistes et des diff\u00e9rents partis de gauche unis derri\u00e8re elle : le Parti communiste, le Parti animaliste, l\u2019Ades, L\u2019Apr\u00e8s, G\u00e9n\u00e9ration.s et R\u00e9seau citoyen. <\/p>\n<p>Grenoble, une \u00ab\u00a0ville de coeur\u00a0\u00bb pour Laurence Ruffin <\/p>\n<p>La d\u00e9signation de Laurence Ruffin n\u2019a pas \u00e9t\u00e9 un long fleuve tranquille. Initialement, un quatuor devait \u00eatre d\u00e9partag\u00e9 par le vote, mais deux \u00ab\u00a0volontaires\u00a0\u00bb, le communiste Nicolas Beron-Perez et l\u2019\u00e9cologiste Margot Belair, se sont d\u00e9sist\u00e9s quelques jours avant le scrutin. L\u2019autre candidate, Lucille Lheureux, a d\u00e9nonc\u00e9 des \u00ab\u00a0pressions\u00a0\u00bb et des \u00ab\u00a0intimidations\u00a0\u00bb de la part du<strong> maire de Grenoble<\/strong>, \u00c9ric Piolle, pour le retrait de sa candidature qu\u2019elle a maintenue. <\/p>\n<p>Pour Grenoble, sa \u00ab\u00a0ville de coeur\u00a0\u00bb, Laurence Ruffin,<strong> s\u0153ur du d\u00e9put\u00e9 Fran\u00e7ois Ruffin et n\u00e9e \u00e0 Amiens<\/strong>, veut \u00ab\u00a0mettre la coop\u00e9ration au centre du projet politique\u00a0\u00bb. Une volont\u00e9 directement li\u00e9e \u00e0 son parcours professionnel, puisque Laurence Ruffin, install\u00e9e depuis 2003 \u00e0 Grenoble, <a href=\"https:\/\/mesinfos.fr\/38400-saint-martin-dheres\/la-scop-iseroise-alma-change-de-gouvernance-apres-une-annee-record-219368.html\" target=\"_blank\" rel=\"noopener\">pr\u00e9side pour encore un an la Scop Alma<\/a>, soci\u00e9t\u00e9 \u00e9ditrice de logiciels install\u00e9e \u00e0 Saint-Martin-d\u2019H\u00e8res.<\/p>\n<p> Les priorit\u00e9s de Laurence Ruffin, candidate aux municipales 2026 \u00e0 Grenoble <\/p>\n<p>Parmi les <strong>grandes priorit\u00e9s <\/strong>de Laurence Ruffin : renforcer le service public; d\u00e9velopper le logement avec l\u2019objectif de \u00ab\u00a030% de logement social d\u2019ici la fin du mandat\u00a0\u00bb; se pr\u00e9occuper de la s\u00e9curit\u00e9 avec le d\u00e9veloppement de la police de proximit\u00e9; pr\u00e9parer l\u2019adaptation de la ville au changement climatique, avec un th\u00e8me central et transversal, la sant\u00e9 \u00ab\u00a0au sens large, pas seulement l\u2019acc\u00e8s aux soins\u00a0\u00bb.\u00a0 <\/p>\n<p>La<strong> t\u00eate de liste des \u00e9cologistes<\/strong> \u00e0 Grenoble \u00e9voque la possibilit\u00e9 de <strong>soumettre certains sujets en r\u00e9f\u00e9rendum <\/strong>aupr\u00e8s des habitants \u00ab\u00a0qui pourraient \u00eatre ouverts aux jeunes \u00e0 partir de 16 ans et aux personnes de nationalit\u00e9 \u00e9trang\u00e8re\u00a0\u00bb. Elle d\u00e9fend une soci\u00e9t\u00e9 \u00ab\u00a0de lien\u00a0\u00bb plus que \u00ab\u00a0de consommation\u00a0\u00bb : favoriser l\u2019emploi local et le commerce de proximit\u00e9, mutualiser les ressources\u2026\u00a0 <\/p>\n<p>\u00c9lections municipales 2026 \u00e0 Grenoble : comment s&rsquo;organise-t-on \u00e0 gauche ? <\/p>\n<p>Pour l\u2019heure,<strong> la gauche part divis\u00e9e<\/strong> \u00e0 Grenoble, <strong>face \u00e0 une droite monopolis\u00e9e <\/strong>par <a href=\"https:\/\/mesinfos.fr\/38000-grenoble\/municipales-2026-alain-carignon-lance-sa-campagne-230344.html\" target=\"_blank\" rel=\"noopener\">la liste d\u2019Alain Carignon<\/a>. Samedi 20 septembre, La France insoumise (LFI) a act\u00e9 la rupture avec son alli\u00e9 \u00e9cologiste depuis 2014, en pr\u00e9sentant sa liste autonome \u00ab\u00a0Insoumise et citoyenne\u00a0\u00bb. Elle sera men\u00e9e par Allan Brunon, ancien assistant parlementaire et <a href=\"https:\/\/mesinfos.fr\/auvergne-rhone-alpes\/elections-legislatives-ce-quil-faut-retenir-avant-de-voter-109465.html\" target=\"_blank\" rel=\"noopener\">candidat aux l\u00e9gislatives en 2022 dans le Nord-Is\u00e8re<\/a>.\u00a0 <\/p>\n<p>Une <strong>autre coalition <\/strong>s\u2019est form\u00e9e \u00e0 gauche, rassemblant le Camp de base citoyen, Faces et Equinoxe, rejoints par Place publique et PRG-Le centre gauche. Elle a pour chef de file Romain Gentil, conseiller municipal d\u2019opposition de Grenoble affili\u00e9 au groupe \u00ab\u00a0Socialistes et apparent\u00e9s\u00a0\u00bb. Enfin, une<strong> liste citoyenne <\/strong>et qui se veut \u00ab\u00a0hors des logiques partisanes\u00a0\u00bb, Grenoble Alpes collectif, a lanc\u00e9 officiellement sa campagne le 14 septembre dernier. <\/p>\n<p>Laurence Ruffin et les forces politiques r\u00e9unies autour d\u2019elle assurent que le \u00ab\u00a0dialogue\u00a0\u00bb est maintenu avec les autres listes de gauche. \u00ab\u00a0Nous voulons faire l\u2019union autour des id\u00e9es de gauche \u00e9cologiste et citoyenne, dans l\u2019esprit du Nouveau Front populaire. Nous ne sommes qu\u2019en septembre, on va cheminer et garder notre cap de porter l\u2019union\u00a0\u00bb.<\/p>\n","protected":false},"excerpt":{"rendered":"\u00a9 Rapha\u00eblle Lavorel &#8211; Laurence Ruffin, t\u00eate de liste des \u00c9cologistes et de plusieurs partis de gauche pour&hellip;\n","protected":false},"author":2,"featured_media":418550,"comment_status":"","ping_status":"","sticky":false,"template":"","format":"standard","meta":{"footnotes":""},"categories":[9566],"tags":[1111,11,2430,1777,674,1011,27,2731,10136,3434,12,25,30760],"class_list":{"0":"post-418549","1":"post","2":"type-post","3":"status-publish","4":"format-standard","5":"has-post-thumbnail","7":"category-grenoble","8":"tag-actu","9":"tag-actualites","10":"tag-auvergne-rhone-alpes","11":"tag-eu","12":"tag-europe","13":"tag-fr","14":"tag-france","15":"tag-grenoble","16":"tag-laurence-ruffin","17":"tag-municipales-2026","18":"tag-news","19":"tag-republique-francaise","20":"tag-ville-de-grenoble"},"share_on_mastodon":{"url":"https:\/\/pubeurope.com\/@fr\/115269820126570751","error":""},"_links":{"self":[{"href":"https:\/\/www.europesays.com\/fr\/wp-json\/wp\/v2\/posts\/418549","targetHints":{"allow":["GET"]}}],"collection":[{"href":"https:\/\/www.europesays.com\/fr\/wp-json\/wp\/v2\/posts"}],"about":[{"href":"https:\/\/www.europesays.com\/fr\/wp-json\/wp\/v2\/types\/post"}],"author":[{"embeddable":true,"href":"https:\/\/www.europesays.com\/fr\/wp-json\/wp\/v2\/users\/2"}],"replies":[{"embeddable":true,"href":"https:\/\/www.europesays.com\/fr\/wp-json\/wp\/v2\/comments?post=418549"}],"version-history":[{"count":0,"href":"https:\/\/www.europesays.com\/fr\/wp-json\/wp\/v2\/posts\/418549\/revisions"}],"wp:featuredmedia":[{"embeddable":true,"href":"https:\/\/www.europesays.com\/fr\/wp-json\/wp\/v2\/media\/418550"}],"wp:attachment":[{"href":"https:\/\/www.europesays.com\/fr\/wp-json\/wp\/v2\/media?parent=418549"}],"wp:term":[{"taxonomy":"category","embeddable":true,"href":"https:\/\/www.europesays.com\/fr\/wp-json\/wp\/v2\/categories?post=418549"},{"taxonomy":"post_tag","embeddable":true,"href":"https:\/\/www.europesays.com\/fr\/wp-json\/wp\/v2\/tags?post=418549"}],"curies":[{"name":"wp","href":"https:\/\/api.w.org\/{rel}","templated":true}]}}