{"id":418551,"date":"2025-09-26T09:10:19","date_gmt":"2025-09-26T09:10:19","guid":{"rendered":"https:\/\/www.europesays.com\/fr\/418551\/"},"modified":"2025-09-26T09:10:19","modified_gmt":"2025-09-26T09:10:19","slug":"etes-vous-un-vrai-rennais-decouvrez-notre-quiz-ultime","status":"publish","type":"post","link":"https:\/\/www.europesays.com\/fr\/418551\/","title":{"rendered":"\u00cates-vous un vrai Rennais\u00a0? D\u00e9couvrez notre quiz ultime"},"content":{"rendered":"<p>De quelle invention Rennes a-t-elle b\u00e9n\u00e9fici\u00e9 avant Paris ?<\/p>\n<p>A) Les v\u00e9los en libre-service informatis\u00e9s<\/p>\n<p class=\"note\">*Conseil : notez vos r\u00e9ponses au fur et \u00e0 mesure<\/p>\n<p>La faute de go\u00fbt, c\u2019est\u2026<\/p>\n<p>A) Les portillons dans le m\u00e9tro<\/p>\n<p>B) Dire \u00ab les Rennois \u00bb au lieu de \u00ab Les Rennais \u00bb<\/p>\n<p>C) Les Horizons, non mais franchement, quelle verrue ce truc<\/p>\n<p><a class=\"tlg-kiosque tlg-kiosque-rennes gtm-kiosque-rennes\" href=\"https:\/\/www.lemensuel.com\/rennes\" target=\"_blank\" rel=\"noopener\"><img decoding=\"async\" alt=\"Couverture Mensuel Rennes\" src=\"https:\/\/www.europesays.com\/fr\/wp-content\/uploads\/2025\/09\/MDR_une_complete.png\"\/><\/a>Le meilleur moment pour aller au march\u00e9 des Lices :<\/p>\n<p>A) 7h, galette-saucisse au petit-d\u00e9j\u2019<\/p>\n<p>B) 11h, pour bruncher en terrasse<\/p>\n<p>C) Trop de monde, vous allez au supermarch\u00e9<\/p>\n<p><img decoding=\"async\" src=\"https:\/\/www.europesays.com\/fr\/wp-content\/uploads\/2025\/09\/68d5636cedd3da92c1076406.1.jpeg\" width=\"480\" height=\"300\" class=\"web_golden_m\" loading=\"lazy\" alt=\"\u00cates-vous un vrai Rennais\u00a0? D\u00e9couvrez notre quiz ultime\"\/> (Le T\u00e9l\u00e9gramme)Vous n\u2019avez pas pu vous emp\u00eacher de le faire un jour :<\/p>\n<p>A) Un trajet sur l\u2019int\u00e9gralit\u00e9 de la ligne B \u00e0 son ouverture \u00ab juste pour voir \u00bb<\/p>\n<p>B) Escalader l\u2019horloge de la place des Lices<\/p>\n<p>C) Vous infiltrer par curiosit\u00e9 dans une jolie cour int\u00e9rieure du centre-ville<\/p>\n<p>Quand vous allez boire un verre, c\u2019est\u2026<\/p>\n<p>A) Dans un hangar militaire d\u00e9saffect\u00e9, m\u00eame pas s\u00fbr que ce soit tr\u00e8s l\u00e9gal<\/p>\n<p>B) Au bord de l\u2019eau, dans une guinguette en palettes recycl\u00e9es, c\u2019est pas mal<\/p>\n<p>C) Chez Starbucks, le pumpkin spice latte, c\u2019est royal<\/p>\n<p>Pour vous, la rue de la Soif, c\u2019est :<\/p>\n<p>A) La rue de Saint-Malo, peu importe ce qu\u2019en disent les jeunes<\/p>\n<p>B) La rue Saint-Michel, un bar tous les 7 m !<\/p>\n<p>C) Le Mail (m\u00eame si vous prononcez toujours \u00ab le m\u00e8l \u00bb)<\/p>\n<p>Votre bon plan que vous ne r\u00e9v\u00e9lerez \u00e0 personne :<\/p>\n<p>A) Comment r\u00e9cup\u00e9rer gratuitement les affiches des Trans musicales<\/p>\n<p>B) Le raccourci qui traverse efficacement le quartier du Colombier<\/p>\n<p>C) O\u00f9 trouver une (bonne) boulangerie ouverte le dimanche<\/p>\n<p>\u00a0<\/p>\n<p>\u00ab Jacques-Cartier \u00bb, \u00e7a vous \u00e9voque avant toute chose\u2026<\/p>\n<p>A) Une ancienne prison<\/p>\n<p>B) Une station de m\u00e9tro<\/p>\n<p>C) Un c\u00e9l\u00e8bre navigateur malouin<\/p>\n<p>Le 27 avril 2019, c\u2019\u00e9tait :<\/p>\n<p>A) Le plus beau jour de votre vie de supporter<\/p>\n<p>B) L\u2019acte XXIV des manifs des Gilets jaunes<\/p>\n<p>C) Sega sort un remake de Virtua racing sur Switch<\/p>\n<p>Vous n\u2019oserez jamais l\u2019avouer, mais :<\/p>\n<p>A) Vous avez d\u00e9j\u00e0 caress\u00e9 l\u2019id\u00e9e de voler la t\u00eate coup\u00e9e de la fontaine<\/p>\n<p>B) Vous n\u2019avez jamais su jouer au palet<\/p>\n<p>C) Vous confondez les mouettes et les go\u00e9lands<\/p>\n<p>&#8211; R\u00e9sultatsVous avez une majorit\u00e9 de\u2026<\/p>\n<p><strong>A)<\/strong> Bravo, vous \u00eates Rennais \u00e0 200 % ! Vous savez vous rep\u00e9rer dans la Courrouze et trouver une place de parking \u00e0 Sud-Gare, vous parlez aux \u00e9tourneaux et connaissez tous les punks \u00e0 chien par leur pr\u00e9nom. Bref, votre rennitude se voit comme le poteau au milieu de l\u2019Ubu.<\/p>\n<p><strong>B)<\/strong> Encore un effort ! Il suffirait d\u2019un rien et votre exp\u00e9rience de la capitale bretonne serait compl\u00e8te. Lire le Mensuel de Rennes est d\u00e9j\u00e0 un excellent d\u00e9but.<\/p>\n<p><strong>C)<\/strong> Ouch, \u00e7a pique\u2026 Vous ne seriez pas un peu Nantais, par hasard ? On dit \u00e7a, on dit rien, hein. On ne veut pas de probl\u00e8mes.<\/p>\n","protected":false},"excerpt":{"rendered":"De quelle invention Rennes a-t-elle b\u00e9n\u00e9fici\u00e9 avant Paris ? A) Les v\u00e9los en libre-service informatis\u00e9s *Conseil : notez&hellip;\n","protected":false},"author":2,"featured_media":418552,"comment_status":"","ping_status":"","sticky":false,"template":"","format":"standard","meta":{"footnotes":""},"categories":[2821],"tags":[1111,11,829,1777,674,9586,1011,27,848,12,584,25,9584,22719,9585,9057],"class_list":{"0":"post-418551","1":"post","2":"type-post","3":"status-publish","4":"format-standard","5":"has-post-thumbnail","7":"category-rennes","8":"tag-actu","9":"tag-actualites","10":"tag-bretagne","11":"tag-eu","12":"tag-europe","13":"tag-experiences-bretonnes","14":"tag-fr","15":"tag-france","16":"tag-ille-et-vilaine","17":"tag-news","18":"tag-rennes","19":"tag-republique-francaise","20":"tag-tourisme-en-bretagne","21":"tag-visiter-lille-et-vilaine","22":"tag-visiter-la-bretagne","23":"tag-visiter-rennes"},"share_on_mastodon":{"url":"https:\/\/pubeurope.com\/@fr\/115269823931545429","error":""},"_links":{"self":[{"href":"https:\/\/www.europesays.com\/fr\/wp-json\/wp\/v2\/posts\/418551","targetHints":{"allow":["GET"]}}],"collection":[{"href":"https:\/\/www.europesays.com\/fr\/wp-json\/wp\/v2\/posts"}],"about":[{"href":"https:\/\/www.europesays.com\/fr\/wp-json\/wp\/v2\/types\/post"}],"author":[{"embeddable":true,"href":"https:\/\/www.europesays.com\/fr\/wp-json\/wp\/v2\/users\/2"}],"replies":[{"embeddable":true,"href":"https:\/\/www.europesays.com\/fr\/wp-json\/wp\/v2\/comments?post=418551"}],"version-history":[{"count":0,"href":"https:\/\/www.europesays.com\/fr\/wp-json\/wp\/v2\/posts\/418551\/revisions"}],"wp:featuredmedia":[{"embeddable":true,"href":"https:\/\/www.europesays.com\/fr\/wp-json\/wp\/v2\/media\/418552"}],"wp:attachment":[{"href":"https:\/\/www.europesays.com\/fr\/wp-json\/wp\/v2\/media?parent=418551"}],"wp:term":[{"taxonomy":"category","embeddable":true,"href":"https:\/\/www.europesays.com\/fr\/wp-json\/wp\/v2\/categories?post=418551"},{"taxonomy":"post_tag","embeddable":true,"href":"https:\/\/www.europesays.com\/fr\/wp-json\/wp\/v2\/tags?post=418551"}],"curies":[{"name":"wp","href":"https:\/\/api.w.org\/{rel}","templated":true}]}}