{"id":418555,"date":"2025-09-26T09:12:16","date_gmt":"2025-09-26T09:12:16","guid":{"rendered":"https:\/\/www.europesays.com\/fr\/418555\/"},"modified":"2025-09-26T09:12:16","modified_gmt":"2025-09-26T09:12:16","slug":"la-boite-a-sketchs-troupe-dhumoristes-a-strasbourg","status":"publish","type":"post","link":"https:\/\/www.europesays.com\/fr\/418555\/","title":{"rendered":"La boite \u00e0 Sketchs, troupe d&rsquo;humoristes \u00e0 Strasbourg !"},"content":{"rendered":"<p><img loading=\"lazy\" decoding=\"async\" class=\"\" src=\"https:\/\/www.europesays.com\/fr\/wp-content\/uploads\/2025\/09\/7a75813f-7b0c-4f34-a094-72f2f581a77e.jpg\" alt=\"TOP MUSIC\" width=\"1\" height=\"1\"\/><\/p>\n<p class=\"date\">25 septembre 2025 &#8211; 11 min 8 sec<\/p>\n<p>La boite \u00e0 Sketchs, troupe d&rsquo;humoristes \u00e0 Strasbourg !<\/p>\n<p>Les personnalit\u00e9s qui font vivre, bouger et danser l&rsquo;Alsace, vous donnent rendez-vous tous les soirs, 19-21h dans la Top Family !<\/p>\n<p>Retrouvez Butch, Nico et Seb de la Bo\u00eete \u00e0 Sketchs, troupe d&rsquo;humoristes \u00e0 Strasbourg !<\/p>\n<p>Retrouvez plus d&rsquo;infos sur notre site internet<\/p>\n<p>Interview r\u00e9alis\u00e9e par Erwan Le Guilloux.<\/p>\n","protected":false},"excerpt":{"rendered":"25 septembre 2025 &#8211; 11 min 8 sec La boite \u00e0 Sketchs, troupe d&rsquo;humoristes \u00e0 Strasbourg ! Les&hellip;\n","protected":false},"author":2,"featured_media":418556,"comment_status":"","ping_status":"","sticky":false,"template":"","format":"standard","meta":{"footnotes":""},"categories":[2820],"tags":[1111,11,2389,1777,674,1011,27,775,2173,12,25,640],"class_list":{"0":"post-418555","1":"post","2":"type-post","3":"status-publish","4":"format-standard","5":"has-post-thumbnail","7":"category-strasbourg","8":"tag-actu","9":"tag-actualites","10":"tag-alsace","11":"tag-eu","12":"tag-europe","13":"tag-fr","14":"tag-france","15":"tag-grand-est","16":"tag-interview","17":"tag-news","18":"tag-republique-francaise","19":"tag-strasbourg"},"share_on_mastodon":{"url":"https:\/\/pubeurope.com\/@fr\/115269831507322359","error":""},"_links":{"self":[{"href":"https:\/\/www.europesays.com\/fr\/wp-json\/wp\/v2\/posts\/418555","targetHints":{"allow":["GET"]}}],"collection":[{"href":"https:\/\/www.europesays.com\/fr\/wp-json\/wp\/v2\/posts"}],"about":[{"href":"https:\/\/www.europesays.com\/fr\/wp-json\/wp\/v2\/types\/post"}],"author":[{"embeddable":true,"href":"https:\/\/www.europesays.com\/fr\/wp-json\/wp\/v2\/users\/2"}],"replies":[{"embeddable":true,"href":"https:\/\/www.europesays.com\/fr\/wp-json\/wp\/v2\/comments?post=418555"}],"version-history":[{"count":0,"href":"https:\/\/www.europesays.com\/fr\/wp-json\/wp\/v2\/posts\/418555\/revisions"}],"wp:featuredmedia":[{"embeddable":true,"href":"https:\/\/www.europesays.com\/fr\/wp-json\/wp\/v2\/media\/418556"}],"wp:attachment":[{"href":"https:\/\/www.europesays.com\/fr\/wp-json\/wp\/v2\/media?parent=418555"}],"wp:term":[{"taxonomy":"category","embeddable":true,"href":"https:\/\/www.europesays.com\/fr\/wp-json\/wp\/v2\/categories?post=418555"},{"taxonomy":"post_tag","embeddable":true,"href":"https:\/\/www.europesays.com\/fr\/wp-json\/wp\/v2\/tags?post=418555"}],"curies":[{"name":"wp","href":"https:\/\/api.w.org\/{rel}","templated":true}]}}