{"id":418567,"date":"2025-09-26T09:18:12","date_gmt":"2025-09-26T09:18:12","guid":{"rendered":"https:\/\/www.europesays.com\/fr\/418567\/"},"modified":"2025-09-26T09:18:12","modified_gmt":"2025-09-26T09:18:12","slug":"la-compagnie-bougrelas-de-bordeaux-presente-mission-f","status":"publish","type":"post","link":"https:\/\/www.europesays.com\/fr\/418567\/","title":{"rendered":"La compagnie Bougrelas de Bordeaux pr\u00e9sente \u00ab\u202fMission F \u00bb"},"content":{"rendered":"<p>Ce dimanche 28 septembre, tu pourras d\u00e9couvrir au Pr\u00e9 du presbyt\u00e8re de <a href=\"https:\/\/www.mairie-targon.fr\" target=\"_blank\" rel=\"noreferrer noopener nofollow\">Targon<\/a> la pi\u00e8ce\u00a0<strong>\u00ab\u202fMission F \u00bb<\/strong>\u00a0de la <a href=\"https:\/\/www.compagniebougrelas.com\" target=\"_blank\" rel=\"noreferrer noopener nofollow\">compagnie bordelaise\u00a0<strong>Bougrelas<\/strong><\/a>, un spectacle qui m\u00e9lange humour, po\u00e9sie et r\u00e9flexion sur ce qui fait de nous des h\u00e9ros\u2026 ou pas. <\/p>\n<p style=\"font-size:16px\">D\u00e8s le d\u00e9part, <strong>la pi\u00e8ce t\u2019invite \u00e0 te poser une question intrigante<\/strong> :\u00a0\u00ab Qui es-tu quand tu tombes ou que tu mets un masque ? \u00bb. <strong>Derri\u00e8re chaque super-h\u00e9ros<\/strong> se cache un humain avec ses doutes et ses contradictions. La pi\u00e8ce explore cette <strong>dualit\u00e9<\/strong> : en enfilant <strong>un r\u00f4le h\u00e9ro\u00efque<\/strong>, peux-tu <strong>devenir une meilleure version de toi-m\u00eame<\/strong>, ou restes-tu simplement spectateur de tes propres r\u00eaves ?<\/p>\n<p><img fetchpriority=\"high\" decoding=\"async\" width=\"1024\" height=\"628\" src=\"https:\/\/www.bougerabordeaux.com\/wp-content\/uploads\/2025\/09\/f6bfa2e3-ba3f-4cfd-b65e-93e52cf01add-1024x628.webp\" alt=\"\" class=\"wp-image-84193\"  \/>Les com\u00e9diens de la compagnie Bougrelas te plongent dans l\u2019univers d\u00e9cal\u00e9 et po\u00e9tique de \u00ab\u202fMission F\u202f\u00bb.\u00a0\u00a9Compagnie bougrelas<\/p>\n<p style=\"font-size:16px\">Les <strong>trois com\u00e9diens<\/strong> incarnent avec \u00e9nergie des personnages oscillant entre <strong>l\u2019ordinaire et le fantastique<\/strong>. \u00c0 travers des <strong>sc\u00e8nes parfois absurdes<\/strong> mais toujours dr\u00f4les, ils abordent des<strong> th\u00e8mes universels<\/strong> : le courage, le passage du temps, les r\u00eaves d\u2019enfance et les h\u00e9ro\u00efnes ou h\u00e9ros qui nous ont marqu\u00e9s. Chaque geste, chaque silence et chaque masque te plonge dans une exp\u00e9rience immersive o\u00f9 tu te retrouves parfois dans le personnage lui-m\u00eame.<\/p>\n<p style=\"font-size:16px\"><strong>\u00ab\u202fMission F\u202f\u00bb<\/strong> ne se contente pas de te faire rire :<strong> la pi\u00e8ce est une fable de notre \u00e9poque<\/strong>, o\u00f9 humour et <strong>po\u00e9sie permettent d\u2019aborder des sujets s\u00e9rieux sans lourdeur<\/strong>. Tu r\u00e9fl\u00e9chiras peut-\u00eatre \u00e0 ta propre vie, \u00e0 ce que tu oses faire ou pas, et \u00e0 ce qui t\u2019inspire dans les histoires de ton enfance. Le m\u00e9lange entre sc\u00e8nes absurdes et moments touchants rend la pi\u00e8ce surprenante et vivante. Chaque repr\u00e9sentation est unique, car elle d\u00e9pend de ton regard et de celui des autres spectateurs.<\/p>\n<p><img loading=\"lazy\" decoding=\"async\" width=\"1024\" height=\"768\" src=\"https:\/\/www.bougerabordeaux.com\/wp-content\/uploads\/2025\/09\/b3a18d9e-868e-4385-90ff-228d5bff9613-1024x768.webp\" alt=\"\" class=\"wp-image-84194\"  \/>D\u00e9couvre au Pr\u00e9 du presbyt\u00e8re comment le h\u00e9ros qui est en toi se r\u00e9v\u00e8le dans \u00ab\u202fMission F\u202f\u00bb.\u00a9Compagnie bougrelas<\/p>\n<p class=\"has-text-align-center\" style=\"font-size:16px\"><strong>On y va ?<\/strong><br \/>\ud83d\udccdPr\u00e9 du presbyt\u00e8re de Targon<br \/>\ud83d\udcc5Dimanche 28 septembre \u00e0 16 heures<br \/>\ud83d\udcb610 euros \u2022 gratuit pour les moins de 12 ans<br \/>\ud83d\udc9bOuvert \u00e0 tous.tes<br \/>\u27a1\ufe0f<a href=\"https:\/\/www.bougerabordeaux.com\/actu\/la-compagnie-bougrelas-de-bordeaux-presente-mission-f\/telto:05 56 23 90 13\" target=\"_blank\" rel=\"noreferrer noopener nofollow\">Pour plus d\u2019informations<\/a> <br \/>\ud83d\udcf2<a href=\"https:\/\/www.compagniebougrelas.com\" target=\"_blank\" rel=\"noreferrer noopener nofollow\">Site Web<\/a><\/p>\n<p style=\"font-size:16px\"><strong>Si tu aimes rire<\/strong> tout en te laissant r\u00e9fl\u00e9chir,\u00a0<strong>Mission F<\/strong>\u00a0est fait pour toi. <strong>Le spectacle t\u2019emm\u00e8ne <\/strong>dans un univers<strong> o\u00f9 chaque geste et chaque masque racontent quelque chose de toi<\/strong>, de nous tous. M\u00eame si tu n\u2019es pas un habitu\u00e9 du th\u00e9\u00e2tre, <strong>tu te laisseras rapidement embarquer<\/strong> par l\u2019\u00e9nergie des com\u00e9diens et la cr\u00e9ativit\u00e9 de la mise en sc\u00e8ne. Pr\u00e9pare-toi \u00e0 <strong>d\u00e9couvrir le h\u00e9ros<\/strong> <strong>qui est en toi<\/strong> et \u00e0 passer un dimanche apr\u00e8s-midi enrichissant et divertissant.<\/p>\n<p style=\"font-size:16px\">\u00c0 lire aussi : <a href=\"https:\/\/www.bougerabordeaux.com\/actu\/bordeaux-decouvrez-les-quartiers-hotel-de-ville-et-meriadeck\/\" target=\"_blank\" rel=\"noreferrer noopener nofollow\">Bordeaux : d\u00e9couvrez les quartiers H\u00f4tel de Ville et M\u00e9riadeck<\/a><\/p>\n","protected":false},"excerpt":{"rendered":"Ce dimanche 28 septembre, tu pourras d\u00e9couvrir au Pr\u00e9 du presbyt\u00e8re de Targon la pi\u00e8ce\u00a0\u00ab\u202fMission F \u00bb\u00a0de la&hellip;\n","protected":false},"author":2,"featured_media":418568,"comment_status":"","ping_status":"","sticky":false,"template":"","format":"standard","meta":{"footnotes":""},"categories":[2817],"tags":[1111,11,1997,1777,674,1011,27,12,2219,25],"class_list":{"0":"post-418567","1":"post","2":"type-post","3":"status-publish","4":"format-standard","5":"has-post-thumbnail","7":"category-bordeaux","8":"tag-actu","9":"tag-actualites","10":"tag-bordeaux","11":"tag-eu","12":"tag-europe","13":"tag-fr","14":"tag-france","15":"tag-news","16":"tag-nouvelle-aquitaine","17":"tag-republique-francaise"},"share_on_mastodon":{"url":"https:\/\/pubeurope.com\/@fr\/115269855298428329","error":""},"_links":{"self":[{"href":"https:\/\/www.europesays.com\/fr\/wp-json\/wp\/v2\/posts\/418567","targetHints":{"allow":["GET"]}}],"collection":[{"href":"https:\/\/www.europesays.com\/fr\/wp-json\/wp\/v2\/posts"}],"about":[{"href":"https:\/\/www.europesays.com\/fr\/wp-json\/wp\/v2\/types\/post"}],"author":[{"embeddable":true,"href":"https:\/\/www.europesays.com\/fr\/wp-json\/wp\/v2\/users\/2"}],"replies":[{"embeddable":true,"href":"https:\/\/www.europesays.com\/fr\/wp-json\/wp\/v2\/comments?post=418567"}],"version-history":[{"count":0,"href":"https:\/\/www.europesays.com\/fr\/wp-json\/wp\/v2\/posts\/418567\/revisions"}],"wp:featuredmedia":[{"embeddable":true,"href":"https:\/\/www.europesays.com\/fr\/wp-json\/wp\/v2\/media\/418568"}],"wp:attachment":[{"href":"https:\/\/www.europesays.com\/fr\/wp-json\/wp\/v2\/media?parent=418567"}],"wp:term":[{"taxonomy":"category","embeddable":true,"href":"https:\/\/www.europesays.com\/fr\/wp-json\/wp\/v2\/categories?post=418567"},{"taxonomy":"post_tag","embeddable":true,"href":"https:\/\/www.europesays.com\/fr\/wp-json\/wp\/v2\/tags?post=418567"}],"curies":[{"name":"wp","href":"https:\/\/api.w.org\/{rel}","templated":true}]}}