{"id":418569,"date":"2025-09-26T09:19:10","date_gmt":"2025-09-26T09:19:10","guid":{"rendered":"https:\/\/www.europesays.com\/fr\/418569\/"},"modified":"2025-09-26T09:19:10","modified_gmt":"2025-09-26T09:19:10","slug":"la-billetterie-pour-la-prochaine-edition-est-ouverte","status":"publish","type":"post","link":"https:\/\/www.europesays.com\/fr\/418569\/","title":{"rendered":"la billetterie pour la prochaine \u00e9dition est ouverte"},"content":{"rendered":"<p>Pour la premi\u00e8re fois, les trois disciplines majeures et olympiques du sport \u00e9questre \u2013 saut d\u2019obstacles, concours complet (via le Devoucoux Indoor Derby) et le dressage \u2013 seront r\u00e9unies sous le toit du Parc des expositions. La finale de la Coupe du monde d\u2019attelage \u00e0 quatre chevaux de la F\u00e9d\u00e9ration \u00e9questre internationale est \u00e9galement programm\u00e9e.<\/p>\n<p>Au-del\u00e0 des \u00e9preuves des diff\u00e9rentes comp\u00e9titions auxquelles les spectateurs pourront assister, le public pourra aussi prendre part au Salon du cheval, o\u00f9 seront propos\u00e9es des d\u00e9monstrations, initiations, etc.<\/p>\n<p>Un nouveau spectacle<\/p>\n<p>Een ouverture de cette \u00e9dition 2026 le nouveau spectacle \u00ab\u00a0R\u00eave(s)\u00a0\u00bb sera pr\u00e9sent\u00e9 le 6\u00a0f\u00e9vrier. Il s\u2019agit d\u2019une cr\u00e9ation originale m\u00ealant chevaux, acrobates et musiciens de l\u2019Op\u00e9ra National de Bordeaux et port\u00e9e par Aliz\u00e9e Froment et une importante troupe d\u2019artistes.<\/p>\n","protected":false},"excerpt":{"rendered":"Pour la premi\u00e8re fois, les trois disciplines majeures et olympiques du sport \u00e9questre \u2013 saut d\u2019obstacles, concours complet&hellip;\n","protected":false},"author":2,"featured_media":418570,"comment_status":"","ping_status":"","sticky":false,"template":"","format":"standard","meta":{"footnotes":""},"categories":[2817],"tags":[1111,11,1997,1777,674,1011,27,12,2219,25],"class_list":{"0":"post-418569","1":"post","2":"type-post","3":"status-publish","4":"format-standard","5":"has-post-thumbnail","7":"category-bordeaux","8":"tag-actu","9":"tag-actualites","10":"tag-bordeaux","11":"tag-eu","12":"tag-europe","13":"tag-fr","14":"tag-france","15":"tag-news","16":"tag-nouvelle-aquitaine","17":"tag-republique-francaise"},"share_on_mastodon":{"url":"https:\/\/pubeurope.com\/@fr\/115269859108281701","error":""},"_links":{"self":[{"href":"https:\/\/www.europesays.com\/fr\/wp-json\/wp\/v2\/posts\/418569","targetHints":{"allow":["GET"]}}],"collection":[{"href":"https:\/\/www.europesays.com\/fr\/wp-json\/wp\/v2\/posts"}],"about":[{"href":"https:\/\/www.europesays.com\/fr\/wp-json\/wp\/v2\/types\/post"}],"author":[{"embeddable":true,"href":"https:\/\/www.europesays.com\/fr\/wp-json\/wp\/v2\/users\/2"}],"replies":[{"embeddable":true,"href":"https:\/\/www.europesays.com\/fr\/wp-json\/wp\/v2\/comments?post=418569"}],"version-history":[{"count":0,"href":"https:\/\/www.europesays.com\/fr\/wp-json\/wp\/v2\/posts\/418569\/revisions"}],"wp:featuredmedia":[{"embeddable":true,"href":"https:\/\/www.europesays.com\/fr\/wp-json\/wp\/v2\/media\/418570"}],"wp:attachment":[{"href":"https:\/\/www.europesays.com\/fr\/wp-json\/wp\/v2\/media?parent=418569"}],"wp:term":[{"taxonomy":"category","embeddable":true,"href":"https:\/\/www.europesays.com\/fr\/wp-json\/wp\/v2\/categories?post=418569"},{"taxonomy":"post_tag","embeddable":true,"href":"https:\/\/www.europesays.com\/fr\/wp-json\/wp\/v2\/tags?post=418569"}],"curies":[{"name":"wp","href":"https:\/\/api.w.org\/{rel}","templated":true}]}}