{"id":418576,"date":"2025-09-26T09:24:11","date_gmt":"2025-09-26T09:24:11","guid":{"rendered":"https:\/\/www.europesays.com\/fr\/418576\/"},"modified":"2025-09-26T09:24:11","modified_gmt":"2025-09-26T09:24:11","slug":"avant-de-recevoir-lol-lille-sen-remet-a-olivier-giroud","status":"publish","type":"post","link":"https:\/\/www.europesays.com\/fr\/418576\/","title":{"rendered":"Avant de recevoir l&rsquo;OL, Lille s&rsquo;en remet \u00e0 Olivier Giroud"},"content":{"rendered":"<p>                            <img width=\"770\" height=\"433\" src=\"https:\/\/www.europesays.com\/fr\/wp-content\/uploads\/2025\/09\/Capture-decran-2025-09-26-080642-e1758866874459-770x433.jpg\" class=\"attachment-article size-article wp-post-image\" alt=\"Olivier Giroud \u00e0 Lille\" decoding=\"async\" fetchpriority=\"high\"  \/><\/p>\n<p>Olivier Giroud \u00e0 Lille (@UEFA)<\/p>\n<p>Comme l&rsquo;OL, Lille jouait jeudi en Ligue Europa. Ses deux attaquants les plus dangereux, Mat\u00edas Fern\u00e1ndez-Pardo et Olivier Giroud, ont d\u00e9bloqu\u00e9 la situation contre Brann.<\/p>\n<p>Finalement, les deux formations ont connu sensiblement le m\u00eame destin jeudi en Ligue Europa. L&rsquo;OL a gagn\u00e9 au forceps \u00e0 Utrecht (<a href=\"https:\/\/www.olympique-et-lyonnais.com\/un-missile-de-tessmann-sort-lol-du-piege-dutrecht-0-1,381149.html\" target=\"_blank\" rel=\"noopener\">1-0<\/a>), pendant que Lille, son futur adversaire, s&rsquo;imposait dans la douleur, l\u00e0 aussi, contre Brann \u00e0 domicile. Les hommes de Bruno <strong>Genesio<\/strong>, qui retrouvera les Lyonnais <a href=\"https:\/\/www.olympique-et-lyonnais.com\/lille-ol-mathieu-vernice-au-sifflet,380970.html\" target=\"_blank\" rel=\"noopener\">dimanche \u00e0 17h15<\/a>, s&rsquo;en sont remis \u00e0 l&rsquo;entrant Olivier <strong>Giroud <\/strong>pour l&#8217;emporter 2-1. <\/p>\n<p>Au cours de la premi\u00e8re p\u00e9riode, les Nordistes ont pourtant globalement subi face aux Norv\u00e9giens. Mieux revenus apr\u00e8s la pause, ils ont pris une premi\u00e8re fois les devants gr\u00e2ce au remuant Mat\u00edas <strong>Fern\u00e1ndez-Pardo<\/strong>, qui a bien servi Hamza <strong>Igamane <\/strong>d&rsquo;un centre tendu au deuxi\u00e8me poteau. <\/p>\n<p>D\u00e9fensivement, Lille ne se rassure pas<\/p>\n<p>Mais toujours g\u00ean\u00e9s par leurs adversaires, les Lillois ont tr\u00e8s rapidement conc\u00e9d\u00e9 l&rsquo;\u00e9galisation. A 1-1 \u00e0 la 67e, Genesio a choisi de lancer son champion du monde, Olivier <strong>Giroud<\/strong>, pour faire la diff\u00e9rence. Et sur ballon en cloche du revenant Tiago <strong>Santos<\/strong>, l&rsquo;avant-centre s&rsquo;est envol\u00e9 pour claquer une t\u00eate d\u00e9cisive (2-1, 80e).<\/p>\n<p>Comme l&rsquo;OL, Lille entame la coupe d&rsquo;Europe avec un court succ\u00e8s. Il ne s&rsquo;est cependant pas trop rassur\u00e9, surtout d\u00e9fensivement, apr\u00e8s son revers 3 \u00e0 0 contre Lens le week-end pass\u00e9. Mais il a obtenu l&rsquo;essentiel, et confirm\u00e9 que la menace viendra, entre autres, de Fern\u00e1ndez-Pardo et Giroud pour les Rhodaniens dimanche.<\/p>\n","protected":false},"excerpt":{"rendered":"Olivier Giroud \u00e0 Lille (@UEFA) Comme l&rsquo;OL, Lille jouait jeudi en Ligue Europa. Ses deux attaquants les plus&hellip;\n","protected":false},"author":2,"featured_media":418577,"comment_status":"","ping_status":"","sticky":false,"template":"","format":"standard","meta":{"footnotes":""},"categories":[2815],"tags":[1111,11,1777,674,1011,27,811,1307,12,241,25],"class_list":{"0":"post-418576","1":"post","2":"type-post","3":"status-publish","4":"format-standard","5":"has-post-thumbnail","7":"category-lille","8":"tag-actu","9":"tag-actualites","10":"tag-eu","11":"tag-europe","12":"tag-fr","13":"tag-france","14":"tag-hauts-de-france","15":"tag-lille","16":"tag-news","17":"tag-ol","18":"tag-republique-francaise"},"share_on_mastodon":{"url":"https:\/\/pubeurope.com\/@fr\/115269879109030612","error":""},"_links":{"self":[{"href":"https:\/\/www.europesays.com\/fr\/wp-json\/wp\/v2\/posts\/418576","targetHints":{"allow":["GET"]}}],"collection":[{"href":"https:\/\/www.europesays.com\/fr\/wp-json\/wp\/v2\/posts"}],"about":[{"href":"https:\/\/www.europesays.com\/fr\/wp-json\/wp\/v2\/types\/post"}],"author":[{"embeddable":true,"href":"https:\/\/www.europesays.com\/fr\/wp-json\/wp\/v2\/users\/2"}],"replies":[{"embeddable":true,"href":"https:\/\/www.europesays.com\/fr\/wp-json\/wp\/v2\/comments?post=418576"}],"version-history":[{"count":0,"href":"https:\/\/www.europesays.com\/fr\/wp-json\/wp\/v2\/posts\/418576\/revisions"}],"wp:featuredmedia":[{"embeddable":true,"href":"https:\/\/www.europesays.com\/fr\/wp-json\/wp\/v2\/media\/418577"}],"wp:attachment":[{"href":"https:\/\/www.europesays.com\/fr\/wp-json\/wp\/v2\/media?parent=418576"}],"wp:term":[{"taxonomy":"category","embeddable":true,"href":"https:\/\/www.europesays.com\/fr\/wp-json\/wp\/v2\/categories?post=418576"},{"taxonomy":"post_tag","embeddable":true,"href":"https:\/\/www.europesays.com\/fr\/wp-json\/wp\/v2\/tags?post=418576"}],"curies":[{"name":"wp","href":"https:\/\/api.w.org\/{rel}","templated":true}]}}