{"id":418578,"date":"2025-09-26T09:25:09","date_gmt":"2025-09-26T09:25:09","guid":{"rendered":"https:\/\/www.europesays.com\/fr\/418578\/"},"modified":"2025-09-26T09:25:09","modified_gmt":"2025-09-26T09:25:09","slug":"jackpot-pour-les-policiers-de-marseille-ils-tombent-sur-une-impressionnante-cargaison","status":"publish","type":"post","link":"https:\/\/www.europesays.com\/fr\/418578\/","title":{"rendered":"Jackpot pour les policiers de Marseille, ils tombent sur une impressionnante cargaison"},"content":{"rendered":"<p>            Par<br \/>\n        <strong><br \/>\n            <a href=\"https:\/\/actu.fr\/auteur\/fabien-binacchi\" title=\"Consulter tous les articles de Fabien Binacchi\" rel=\"nofollow noopener\" target=\"_blank\">Fabien Binacchi<\/a><br \/>\n        <\/strong><\/p>\n<p>        Publi\u00e9 le<\/p>\n<p>            26 sept. 2025 \u00e0 10h51        <\/p>\n<p>Ils ont mis la main sur un stock impressionnant. Le mardi 23\u00a0septembre 2025, les <a href=\"https:\/\/actu.fr\/tag\/police\" rel=\"nofollow noopener\" target=\"_blank\">policiers<\/a> marseillais du Groupe de s\u00e9curit\u00e9 de proximit\u00e9 (GSP) <a href=\"https:\/\/actu.fr\/tag\/quartiers-nord\" rel=\"nofollow noopener\" target=\"_blank\">Nord<\/a> ont interpell\u00e9 un homme \u00e2g\u00e9 de 58\u00a0ans qui s\u2019adonnait \u00e0 <strong>un prolifique trafic de cigarettes de contrebandes,<\/strong> apprend <a href=\"https:\/\/actu.fr\/marseille\/\" rel=\"nofollow noopener\" target=\"_blank\">actu Marseille<\/a> de source polici\u00e8re, confirmant une information du <a href=\"https:\/\/www.lefigaro.fr\/marseille\/a-marseille-230-kilos-de-cigarettes-de-contrebande-saisis-par-la-police-20250925\" rel=\"nofollow noopener\" target=\"_blank\">Figaro<\/a>.<\/p>\n<p class=\" wall-content\">Jug\u00e9 en comparution imm\u00e9diate ce jeudi 25\u00a0septembre, l\u2019individu a \u00e9t\u00e9<strong> condamn\u00e9 \u00e0 trois ans de prison et \u00e0 une amende de 88000 euros.<\/strong><\/p>\n<p>Dans un v\u00e9hicule bourr\u00e9 \u00e0 craquer<\/p>\n<p class=\" wall-content\">Ils ont eu un tr\u00e8s bon tuyau. Renseign\u00e9s sur la pr\u00e9sence d\u2019un trafiquant dans<strong> le 15e arrondissement<\/strong> de Marseille, les agents de la cellule \u00ab\u2009cigarette\u2009\u00bb ont mis en place \u00ab\u2009une surveillance\u2009\u00bb, indique une source polici\u00e8re. Ils lui ont finalement mis la main dessus ce mardi 23\u00a0septembre alors qu\u2019il circulait <strong>en direction du March\u00e9 aux puces.<\/strong><\/p>\n<p>    <a href=\"https:\/\/www.google.com\/maps\/embed?pb=!1m16!1m12!1m3!1d2902.382751597989!2d5.360341961965808!3d43.327179170999!2m3!1f0!2f0!3f0!3m2!1i1024!2i768!4f13.1!2m1!1smarch%C3%A9%20aux%20puces%20marseille!5e0!3m2!1sfr!2sfr!4v1758875570971!5m2!1sfr!2sfr\" title=\"Ouvrie le lien\" rel=\"nofollow noopener\" target=\"_blank\">Cliquez ici pour visualiser le contenu<\/a><\/p>\n<p class=\" wall-content\">De nombreuses cartouches sont retrouv\u00e9es dans son v\u00e9hicule. Les <strong>perquisitions men\u00e9es \u00e0 son domicile<\/strong> permettent de mettre \u00e0 jour un stock encore plus impressionnant.<\/p>\n<p class=\" wall-content\">La prise, gigantesque, <a href=\"https:\/\/x.com\/PoliceNat13\/status\/1971254770745913641\" rel=\"nofollow\">a \u00e9t\u00e9 immortalis\u00e9e par les services de police<\/a>\u2009: \u00ab\u2009230 kg de cigarettes de contrebande, soit <strong>1040 cartouches,<\/strong> 5,5\u00a0kg de tabac \u00e0 chiquer et 1,5\u00a0kg de tabac \u00e0 rouler ainsi que 4800 euros en liquide ont \u00e9t\u00e9 saisis\u2009\u00bb, d\u00e9taille la m\u00eame source \u00e0 actu Marseille.<\/p>\n<p>Votre r\u00e9gion, votre actu !<\/p>\n<p>Recevez chaque jour les infos qui comptent pour vous.<\/p>\n<p>\t<a href=\"https:\/\/actu.fr\/newsletter\" class=\"ac-btn ac-btn--corner ac-btn--medium ac-btn--blue800\" rel=\"nofollow noopener\" target=\"_blank\">S&rsquo;incrire<\/a><br \/>\nUn trafic prolifique \u00e0 Marseille<\/p>\n<p class=\" wall-content\">Plac\u00e9 en garde \u00e0 vue puis<strong> incarc\u00e9r\u00e9,<\/strong> l\u2019individu a \u00e9t\u00e9 jug\u00e9 en comparution imm\u00e9diate ce jeudi 25 septembre. Le tribunal correctionnel de Marseille l\u2019a <strong>condamn\u00e9 \u00e0 trois ans de prison<\/strong> avec mandat de d\u00e9p\u00f4t, \u00e0 une amende de 88000 euros.<\/p>\n<p class=\" wall-content\">Le trafic de cigarettes de contrebandes est intense dans la deuxi\u00e8me ville de France. Les douanes de Marseille avaient r\u00e9v\u00e9l\u00e9 avoir d\u00e9j\u00e0 r\u00e9alis\u00e9 <strong>une tr\u00e8s importante saisie fin ao\u00fbt.<\/strong> Quatre femmes en provenance du Maroc avaient \u00e9t\u00e9 intercept\u00e9es avec 21 valises charg\u00e9es de \u00ab\u200918780 paquets des marques Ronson et Marlboro pour un poids d\u00e9passant les 375\u00a0kg\u2009\u00bb.<\/p>\n<p class=\" wall-content\">Personnalisez votre actualit\u00e9 en ajoutant vos villes et m\u00e9dias en favori avec <a href=\"https:\/\/moncompte.actu.fr\" title=\"D\u00e9couvez Mon Actu\" rel=\"nofollow noopener\" data-trk=\"{&quot;cta&quot;:{&quot;action&quot;:&quot;https:\\\/\\\/moncompte.actu.fr&quot;,&quot;category&quot;:&quot;mon compte&quot;,&quot;from&quot;:&quot;article footer&quot;,&quot;name&quot;:&quot;Mon actu&quot;,&quot;type&quot;:&quot;cta&quot;}}\" target=\"_blank\">Mon Actu<\/a>.<\/p>\n","protected":false},"excerpt":{"rendered":"Par Fabien Binacchi Publi\u00e9 le 26 sept. 2025 \u00e0 10h51 Ils ont mis la main sur un stock&hellip;\n","protected":false},"author":2,"featured_media":418579,"comment_status":"","ping_status":"","sticky":false,"template":"","format":"standard","meta":{"footnotes":""},"categories":[2814],"tags":[1111,11,1777,674,118,1011,27,884,12,1072,882,25,6582],"class_list":{"0":"post-418578","1":"post","2":"type-post","3":"status-publish","4":"format-standard","5":"has-post-thumbnail","7":"category-marseille","8":"tag-actu","9":"tag-actualites","10":"tag-eu","11":"tag-europe","12":"tag-faits-divers","13":"tag-fr","14":"tag-france","15":"tag-marseille","16":"tag-news","17":"tag-police","18":"tag-provence-alpes-cote-dazur","19":"tag-republique-francaise","20":"tag-tabac"},"share_on_mastodon":{"url":"https:\/\/pubeurope.com\/@fr\/115269882578835176","error":""},"_links":{"self":[{"href":"https:\/\/www.europesays.com\/fr\/wp-json\/wp\/v2\/posts\/418578","targetHints":{"allow":["GET"]}}],"collection":[{"href":"https:\/\/www.europesays.com\/fr\/wp-json\/wp\/v2\/posts"}],"about":[{"href":"https:\/\/www.europesays.com\/fr\/wp-json\/wp\/v2\/types\/post"}],"author":[{"embeddable":true,"href":"https:\/\/www.europesays.com\/fr\/wp-json\/wp\/v2\/users\/2"}],"replies":[{"embeddable":true,"href":"https:\/\/www.europesays.com\/fr\/wp-json\/wp\/v2\/comments?post=418578"}],"version-history":[{"count":0,"href":"https:\/\/www.europesays.com\/fr\/wp-json\/wp\/v2\/posts\/418578\/revisions"}],"wp:featuredmedia":[{"embeddable":true,"href":"https:\/\/www.europesays.com\/fr\/wp-json\/wp\/v2\/media\/418579"}],"wp:attachment":[{"href":"https:\/\/www.europesays.com\/fr\/wp-json\/wp\/v2\/media?parent=418578"}],"wp:term":[{"taxonomy":"category","embeddable":true,"href":"https:\/\/www.europesays.com\/fr\/wp-json\/wp\/v2\/categories?post=418578"},{"taxonomy":"post_tag","embeddable":true,"href":"https:\/\/www.europesays.com\/fr\/wp-json\/wp\/v2\/tags?post=418578"}],"curies":[{"name":"wp","href":"https:\/\/api.w.org\/{rel}","templated":true}]}}