{"id":418580,"date":"2025-09-26T09:26:21","date_gmt":"2025-09-26T09:26:21","guid":{"rendered":"https:\/\/www.europesays.com\/fr\/418580\/"},"modified":"2025-09-26T09:26:21","modified_gmt":"2025-09-26T09:26:21","slug":"quand-les-marseillais-florian-gourdin-et-libor-kasik-ont-marseille-dans-le-coeur-et-sur-le-casque","status":"publish","type":"post","link":"https:\/\/www.europesays.com\/fr\/418580\/","title":{"rendered":"quand les Marseillais Florian Gourdin et Libor Kasik ont Marseille dans le c\u0153ur et sur le casque"},"content":{"rendered":"<p>Il est d\u00e9sormais le plus ancien des Spartiates. Mais Florian Gourdin n&rsquo;a pas attendu sa 4e saison pour mettre son casque de gardien de but aux couleurs de la ville. Sur la glace, il arbore en effet un couvre-chef avec les trois monuments les plus embl\u00e9matiques pour lui\u00a0: la Bonne M\u00e8re, la cath\u00e9drale de la Major et le V\u00e9lodrome.<\/p>\n<p>Ce qui n&rsquo;a pas tard\u00e9 \u00e0 inspirer le Tch\u00e8que Libor Kasik, arriv\u00e9 comme N.1 cet \u00e9t\u00e9\u00a0: lui a choisi\u00a0deux fois Notre-Dame de la Garde, sur le front et sur le cr\u00e2ne, le tout sur fond bleu et blanc.<\/p>\n<p>Nice &#8211; Marseille, 5e journ\u00e9e de Ligue Magnus, ce soir \u00e0 20h<\/p>\n","protected":false},"excerpt":{"rendered":"Il est d\u00e9sormais le plus ancien des Spartiates. Mais Florian Gourdin n&rsquo;a pas attendu sa 4e saison pour&hellip;\n","protected":false},"author":2,"featured_media":418581,"comment_status":"","ping_status":"","sticky":false,"template":"","format":"standard","meta":{"footnotes":""},"categories":[2814],"tags":[17,1111,11,1777,674,15857,1011,27,10854,4488,151,761,884,12,882,396,25,60,3356],"class_list":{"0":"post-418580","1":"post","2":"type-post","3":"status-publish","4":"format-standard","5":"has-post-thumbnail","7":"category-marseille","8":"tag-17","9":"tag-actu","10":"tag-actualites","11":"tag-eu","12":"tag-europe","13":"tag-florian","14":"tag-fr","15":"tag-france","16":"tag-glace","17":"tag-hockey","18":"tag-les","19":"tag-marseillais","20":"tag-marseille","21":"tag-news","22":"tag-provence-alpes-cote-dazur","23":"tag-quand","24":"tag-republique-francaise","25":"tag-sports","26":"tag-sur"},"share_on_mastodon":{"url":"https:\/\/pubeurope.com\/@fr\/115269886606194192","error":""},"_links":{"self":[{"href":"https:\/\/www.europesays.com\/fr\/wp-json\/wp\/v2\/posts\/418580","targetHints":{"allow":["GET"]}}],"collection":[{"href":"https:\/\/www.europesays.com\/fr\/wp-json\/wp\/v2\/posts"}],"about":[{"href":"https:\/\/www.europesays.com\/fr\/wp-json\/wp\/v2\/types\/post"}],"author":[{"embeddable":true,"href":"https:\/\/www.europesays.com\/fr\/wp-json\/wp\/v2\/users\/2"}],"replies":[{"embeddable":true,"href":"https:\/\/www.europesays.com\/fr\/wp-json\/wp\/v2\/comments?post=418580"}],"version-history":[{"count":0,"href":"https:\/\/www.europesays.com\/fr\/wp-json\/wp\/v2\/posts\/418580\/revisions"}],"wp:featuredmedia":[{"embeddable":true,"href":"https:\/\/www.europesays.com\/fr\/wp-json\/wp\/v2\/media\/418581"}],"wp:attachment":[{"href":"https:\/\/www.europesays.com\/fr\/wp-json\/wp\/v2\/media?parent=418580"}],"wp:term":[{"taxonomy":"category","embeddable":true,"href":"https:\/\/www.europesays.com\/fr\/wp-json\/wp\/v2\/categories?post=418580"},{"taxonomy":"post_tag","embeddable":true,"href":"https:\/\/www.europesays.com\/fr\/wp-json\/wp\/v2\/tags?post=418580"}],"curies":[{"name":"wp","href":"https:\/\/api.w.org\/{rel}","templated":true}]}}