{"id":418584,"date":"2025-09-26T09:28:15","date_gmt":"2025-09-26T09:28:15","guid":{"rendered":"https:\/\/www.europesays.com\/fr\/418584\/"},"modified":"2025-09-26T09:28:15","modified_gmt":"2025-09-26T09:28:15","slug":"nuit-du-droit-2025-a-lyon-democratiser-le-droit-une-affaire-de-justice","status":"publish","type":"post","link":"https:\/\/www.europesays.com\/fr\/418584\/","title":{"rendered":"Nuit du Droit 2025 \u00e0 Lyon. D\u00e9mocratiser le droit, une affaire de justice &#8211;"},"content":{"rendered":"<p>\t\t\t\t<img fetchpriority=\"high\" decoding=\"async\" width=\"900\" height=\"675\" src=\"https:\/\/www.europesays.com\/fr\/wp-content\/uploads\/2025\/09\/01Nuit-du-droit-palais-de-justice-1.jpg\" alt=\"\" title=\"01Nuit du droit palais de justice-1\"   class=\"wp-image-164718\"\/><\/p>\n<p>Photos \u00a9 Lyon People et Actalliance<\/p>\n<p><strong>Texte\u00a0: Morgan Couturier \u2013<\/strong> Depuis sa cr\u00e9ation en 2017, la Nuit du Droit s\u2019est affirm\u00e9e comme l\u2019occasion parfaite de d\u00e9couvrir le droit sous un prisme plus ludique. Pour cette \u00e9dition 2025, pr\u00e9vue le jeudi 2 octobre, le rendez-vous pr\u00e9voit une multitude d\u2019animations.<\/p>\n<p>Soixante-sept ans d\u00e9j\u00e0 que la Constitution assure l\u2019\u00e9galit\u00e9 de chacun devant la loi. Mais avec sa centaine d\u2019articles \u00e0 ma\u00eetriser, la bible de la 5eme R\u00e9publique demeure souvent m\u00e9connue du grand public. Ou trop complexe. Alors qu\u2019elle s\u2019appr\u00eate \u00e0 souffler les bougies de son texte sacr\u00e9, la Justice a donc choisi d\u2019ouvrir ce dernier \u00e0 un apprentissage plus ludique.<\/p>\n<p>Avec comme fil rouge, cette Nuit du Droit, au cours de laquelle le Tribunal Judiciaire de Lyon, la Cour d\u2019Appel et le campus de la Manufacture des Tabacs (ci-dessous) ouvrent leurs portes \u00e0 ceux qui l\u2019entendent.<\/p>\n<p><img loading=\"lazy\" decoding=\"async\" class=\"alignnone size-full wp-image-164719\" src=\"data:image\/svg+xml,%3Csvg%20xmlns=\" http:=\"\" alt=\"\" width=\"900\" height=\"638\" data-lazy- data-lazy- data-lazy-src=\"https:\/\/www.europesays.com\/fr\/wp-content\/uploads\/2025\/09\/03-Manufacture-de-Lyon-1.jpg\"\/><\/p>\n<p>Une opportunit\u00e9 rare d\u2019\u00e9changer avec les professionnels du droit, tout en mettant des mots simples, sur des sujets parfois complexes. D\u00e8s lors, si l\u2019initiative a s\u00e9duit de plus en plus de Lyonnais d\u2019ann\u00e9e en ann\u00e9e, l\u2019\u00e9dition 2025 promet \u00e0 nouveau, une\u2026 journ\u00e9e riche en activit\u00e9s. Le but\u00a0? \u00ab\u00a0Mieux faire conna\u00eetre le droit, ses principes, ses institutions et ses m\u00e9tiers\u00a0\u00bb.<\/p>\n<p>Parmi les temps forts, figurent alors quelques surprises, \u00e0 l\u2019instar de cette \u00ab\u00a0balade justice\u00a0\u00bb, organis\u00e9e par l\u2019association \u00ab\u00a0Possible\u00a0\u00bb, au cours de laquelle les participants pourront arpenter les rues de Lyon, pour \u00ab\u00a0d\u00e9couvrir la justice fran\u00e7aise sous le prisme de l\u2019histoire lyonnaise\u00a0\u00bb.<\/p>\n<p><strong>Le temps fort de la journ\u00e9e\u00a0: la vente aux ench\u00e8res de biens saisis<\/strong><\/p>\n<p>S\u2019en suivra \u00e9galement cet escape game insolite sur les traces du m\u00e9tier de notaire. A la cl\u00e9, une s\u00e9rie d\u2019\u00e9nigmes \u00e0 r\u00e9soudre, pour mieux comprendre les coulisses de cette profession et son d\u00e9licat sujet des successions. Une activit\u00e9 divertissante, propice \u00e0 allier l\u2019amusement \u00e0 l\u2019enseignement. Ou plut\u00f4t aux r\u00e9v\u00e9lations, un terme bien connu des experts de la balistique, dont l\u2019activit\u00e9 sera \u00e9galement pr\u00e9sent\u00e9e au fil d\u2019une reconstitution organis\u00e9e au c\u0153ur du Tribunal Judiciaire de Lyon.<\/p>\n<p><img loading=\"lazy\" decoding=\"async\" class=\" wp-image-164720 alignleft\" src=\"data:image\/svg+xml,%3Csvg%20xmlns=\" http:=\"\" alt=\"\" width=\"287\" height=\"203\" data-lazy- data-lazy- data-lazy-src=\"https:\/\/www.europesays.com\/fr\/wp-content\/uploads\/2025\/09\/07-Vente-Nuit-du-droit-Lyon.png\"\/>Enfin, si la Facult\u00e9 de Droit a pr\u00e9vu d\u2019ouvrir son amphith\u00e9\u00e2tre pour aborder divers sujets sensibles (autoriser l\u2019aide \u00e0 mourir, la responsabilit\u00e9 p\u00e9nale des d\u00e9cideurs publics ou les contre-pouvoirs face \u00e0 la pr\u00e9sidence de Trump), le public pourrait \u00eatre tent\u00e9 de se tourner vers les 24 colonnes de la Cour d\u2019Appel, de fa\u00e7on \u00e0 participer \u00e0 la vente aux ench\u00e8res du cabinet Actalliance.<\/p>\n<p>Organis\u00e9e sur inscription, \u00e0 la demande de l\u2019AGRASC (Agence de Gestion et de Recouvrement des Avoirs Saisis et Confisqu\u00e9s), la vacation de Me <strong>Christophe Belleville<\/strong> pourrait permettre aux Lyonnais de mettre la main, \u00e0 moindres frais, sur des biens saisis par la justice.<\/p>\n<p>Parmi les 224 lots mis aux ench\u00e8res, figureront en effet, quelques s\u00e9duisants articles\u00a0: des montres, des v\u00eatements de marque ou de la maroquinerie de luxe. Sans oublier quelques belles supercars. Autant de biens que les personnes int\u00e9ress\u00e9es pourront admirer d\u00e8s la veille (de 9h \u00e0 17h), avant de passer \u00e0 l\u2019action. L\u2019occasion de s\u2019offrir un beau cadeau, \u00e0 la tomb\u00e9e de la nuit. En toute l\u00e9galit\u00e9\u00a0!<\/p>\n<p><img loading=\"lazy\" decoding=\"async\" class=\"alignnone wp-image-164721\" src=\"data:image\/svg+xml,%3Csvg%20xmlns=\" http:=\"\" alt=\"\" width=\"839\" height=\"543\" data-lazy- data-lazy- data-lazy-src=\"https:\/\/www.europesays.com\/fr\/wp-content\/uploads\/2025\/09\/03-Ferrari-360-Modena-Nuit-du-Droit.png\"\/><\/p>\n<p><strong><br \/>Le programme\u00a0: <\/strong><\/p>\n<ul>\n<li>Ventes aux ench\u00e8res avec Actalliance, le jeudi 2 octobre de 13h \u00e0 18h<\/li>\n<li>Balade Justice, de 15h \u00e0 17h<\/li>\n<li>La Balistique, de 16h \u00e0 17h30 au Tribunal judiciaire de Lyon<\/li>\n<li>Escape game \u00ab\u00a0d\u00e9couvrez les coulisses d\u2019une succession\u00a0\u00bb, cr\u00e9neau de 30 minutes de 15h \u00e0 19h, \u00e0 la Manufacture des Tabacs<\/li>\n<li>Conf\u00e9rences de 18h \u00e0 20h45 \u00e0 la Manufacture des Tabacs<\/li>\n<\/ul>\n","protected":false},"excerpt":{"rendered":"Photos \u00a9 Lyon People et Actalliance Texte\u00a0: Morgan Couturier \u2013 Depuis sa cr\u00e9ation en 2017, la Nuit du&hellip;\n","protected":false},"author":2,"featured_media":418585,"comment_status":"","ping_status":"","sticky":false,"template":"","format":"standard","meta":{"footnotes":""},"categories":[1889],"tags":[4257,1111,11,2430,1777,674,1011,27,2428,12,54825,25],"class_list":{"0":"post-418584","1":"post","2":"type-post","3":"status-publish","4":"format-standard","5":"has-post-thumbnail","7":"category-lyon","8":"tag-0top","9":"tag-actu","10":"tag-actualites","11":"tag-auvergne-rhone-alpes","12":"tag-eu","13":"tag-europe","14":"tag-fr","15":"tag-france","16":"tag-lyon","17":"tag-news","18":"tag-nuit-du-droit-2025-a-lyon","19":"tag-republique-francaise"},"share_on_mastodon":{"url":"https:\/\/pubeurope.com\/@fr\/115269894456024593","error":""},"_links":{"self":[{"href":"https:\/\/www.europesays.com\/fr\/wp-json\/wp\/v2\/posts\/418584","targetHints":{"allow":["GET"]}}],"collection":[{"href":"https:\/\/www.europesays.com\/fr\/wp-json\/wp\/v2\/posts"}],"about":[{"href":"https:\/\/www.europesays.com\/fr\/wp-json\/wp\/v2\/types\/post"}],"author":[{"embeddable":true,"href":"https:\/\/www.europesays.com\/fr\/wp-json\/wp\/v2\/users\/2"}],"replies":[{"embeddable":true,"href":"https:\/\/www.europesays.com\/fr\/wp-json\/wp\/v2\/comments?post=418584"}],"version-history":[{"count":0,"href":"https:\/\/www.europesays.com\/fr\/wp-json\/wp\/v2\/posts\/418584\/revisions"}],"wp:featuredmedia":[{"embeddable":true,"href":"https:\/\/www.europesays.com\/fr\/wp-json\/wp\/v2\/media\/418585"}],"wp:attachment":[{"href":"https:\/\/www.europesays.com\/fr\/wp-json\/wp\/v2\/media?parent=418584"}],"wp:term":[{"taxonomy":"category","embeddable":true,"href":"https:\/\/www.europesays.com\/fr\/wp-json\/wp\/v2\/categories?post=418584"},{"taxonomy":"post_tag","embeddable":true,"href":"https:\/\/www.europesays.com\/fr\/wp-json\/wp\/v2\/tags?post=418584"}],"curies":[{"name":"wp","href":"https:\/\/api.w.org\/{rel}","templated":true}]}}