{"id":418590,"date":"2025-09-26T09:31:12","date_gmt":"2025-09-26T09:31:12","guid":{"rendered":"https:\/\/www.europesays.com\/fr\/418590\/"},"modified":"2025-09-26T09:31:12","modified_gmt":"2025-09-26T09:31:12","slug":"donald-trump-ouvre-la-voie-a-une-mainmise-dentrepreneurs-proches-sur-la-filiale-americaine-du-chinois-tiktok","status":"publish","type":"post","link":"https:\/\/www.europesays.com\/fr\/418590\/","title":{"rendered":"Donald Trump ouvre la voie \u00e0 une mainmise d\u2019entrepreneurs proches sur la filiale am\u00e9ricaine du chinois TikTok"},"content":{"rendered":"<p>                          <img loading=\"lazy\" decoding=\"async\" src=\"https:\/\/www.europesays.com\/fr\/wp-content\/uploads\/2025\/09\/7f1d1a8_ftp-import-images-1-xsmi8mbr11zf-2025-09-25t203014z-919903675-rc28zgaarsas-rtrmadp-3-usa-tru.jpeg\" alt=\"Le d\u00e9cret sign\u00e9 par Donald Trump sur l\u2019accord qui c\u00e9derait les op\u00e9rations am\u00e9ricaines de TikTok de ByteDance, \u00e0 la Maison Blanche \u00e0 Washington, le 25\u00a0septembre 2025.\"   width=\"664\" height=\"443\"\/>    Le d\u00e9cret sign\u00e9 par Donald Trump sur l\u2019accord qui c\u00e9derait les op\u00e9rations am\u00e9ricaines de TikTok de ByteDance, \u00e0 la Maison Blanche \u00e0 Washington, le 25\u00a0septembre 2025.  KEVIN LAMARQUE\/REUTERS                          <\/p>\n<p class=\"article__paragraph  \">Donald Trump a sign\u00e9 jeudi un d\u00e9cret ouvrant la voie \u00e0 la cession des activit\u00e9s am\u00e9ricaines de TikTok \u00e0 plusieurs de ses riches soutiens. L\u2019accord act\u00e9 par ce d\u00e9cret ne r\u00e9serverait \u00e0 ByteDance, la maison m\u00e8re de la plateforme chinoise, qu\u2019une participation minoritaire.<\/p>\n<p class=\"article__paragraph  \">Depuis le Bureau ovale, le pr\u00e9sident des Etats-Unis a assur\u00e9 que la version am\u00e9ricaine de la plateforme serait g\u00e9r\u00e9e par des investisseurs \u00ab\u00a0tr\u00e8s sophistiqu\u00e9s\u00a0\u00bb, citant Larry Ellison, \u00e0 la t\u00eate du g\u00e9ant technologique Oracle, Michael Dell, fondateur du groupe Dell, et le magnat des m\u00e9dias Rupert Murdoch.<\/p>\n<p class=\"article__paragraph  \">Selon plusieurs m\u00e9dias, la soci\u00e9t\u00e9 d\u2019investissement Silver Lake Partners et le g\u00e9ant de la Silicon Valley Andreessen Horowitz feraient \u00e9galement partie de l\u2019accord. Selon le d\u00e9cret publi\u00e9 jeudi soir par la Maison Blanche, ByteDance, la maison m\u00e8re de TikTok, conservera une participation de \u00ab\u00a0moins de 20\u00a0%\u00a0\u00bb.<\/p>\n<p class=\"article__paragraph  \">Reste encore \u00e0 finaliser l\u2019accord entre ByteDance, li\u00e9 au pouvoir \u00e0 P\u00e9lkin, et les investisseurs am\u00e9ricains concern\u00e9s. Donald Trump a plusieurs fois prolong\u00e9 la date butoir afin de trouver un accord de reprise. Selon le d\u00e9cret publi\u00e9 jeudi soir, elle court d\u00e9sormais jusqu\u2019au 23\u00a0janvier\u00a02026.<\/p>\n<p>                    Une copie de l\u2019algorithme de TikTok                    <\/p>\n<p class=\"article__paragraph  \">Les potentiels nouveaux arrivants au capital sont tous des alli\u00e9s de Donald Trump et partagent ses opinions politiques, mais le pr\u00e9sident am\u00e9ricain a insist\u00e9 sur le fait que l\u2019application ne serait soumise \u00e0 aucune orientation partisane.<\/p>\n<p class=\"article__paragraph  \">\u00ab\u00a0Chaque groupe, chaque philosophie, chaque politique sera trait\u00e9 de mani\u00e8re tr\u00e8s \u00e9quitable\u00a0\u00bb, a assur\u00e9 Donald Trump, conc\u00e9dant toutefois que s\u2019il avait pu, il aurait rendu le r\u00e9seau social \u00ab\u00a0100\u00a0% MAGA\u00a0\u00bb (\u00ab\u00a0Make America Great Again\u00a0\u00bb, Rendre sa grandeur \u00e0 l\u2019Am\u00e9rique), r\u00e9f\u00e9rence au mouvement qu\u2019il a cr\u00e9\u00e9.<\/p>\n<p class=\"article__paragraph  \">Le pr\u00e9sident a confirm\u00e9 que la version am\u00e9ricaine de TikTok serait dot\u00e9e d\u2019une copie de l\u2019algorithme de l\u2019application, consid\u00e9r\u00e9 comme la cl\u00e9 de son succ\u00e8s.<\/p>\n<p>                                       Lire aussi |  <a href=\"https:\/\/www.lemonde.fr\/international\/article\/2025\/09\/22\/tiktok-us-utilisera-une-copie-de-l-algorithme-geree-par-oracle-pour-rassurer-le-congres-annonce-le-gouvernement-americain_6642438_3210.html\" class=\"js-article-read-also catcher--favoris__link\" data-premium=\"\" id=\"article-title-3439128\" rel=\"nofollow noopener\" target=\"_blank\">TikTok US utilisera une copie de l\u2019algorithme de la plateforme chinoise qui sera g\u00e9r\u00e9e par Oracle, annonce le gouvernement am\u00e9ricain<\/a>    <\/p>\n<p>   Lire plus tard  <\/p>\n<p class=\"article__paragraph  \">\u00ab\u00a0Notre objectif fondamental \u00e9tait de maintenir le fonctionnement de TikTok, tout en veillant \u00e0 prot\u00e9ger la confidentialit\u00e9 des donn\u00e9es des Am\u00e9ricains, conform\u00e9ment \u00e0 la loi\u00a0\u00bb, a assur\u00e9 jeudi le vice-pr\u00e9sident am\u00e9ricain, JD Vance.<\/p>\n<p> Le Monde M\u00e9morable  <\/p>\n<p> <a href=\"https:\/\/www.lemonde.fr\/memorable\/?rfextension=inread\" class=\"inread__link js-services-inread-link\" target=\"_blank\" rel=\"nofollow noopener\">  <\/p>\n<p>Testez votre culture g\u00e9n\u00e9rale avec la r\u00e9daction du \u00ab Monde \u00bb<\/p>\n<p>Testez votre culture g\u00e9n\u00e9rale avec la r\u00e9daction du \u00ab Monde \u00bb<\/p>\n<p>D\u00e9couvrir<\/p>\n<p> <\/a>      <\/p>\n<p> Newsletter  <\/p>\n<p> <a href=\"https:\/\/www.lemonde.fr\/newsletters\/a-la-une\/\" class=\"inread__link js-services-inread-link\" target=\"_blank\" rel=\"nofollow noopener\">  <\/p>\n<p>\u00ab A la une \u00bb<\/p>\n<p>Chaque matin, parcourez l&rsquo;essentiel de l&rsquo;actualit\u00e9 du jour avec les derniers titres du \u00ab Monde \u00bb<\/p>\n<p>S&rsquo;inscrire<\/p>\n<p> <\/a>          <\/p>\n<p> Le Monde Application  <\/p>\n<p> <a href=\"https:\/\/lamatinale.onelink.me\/gKMy\/ahw2ubr3\" class=\"inread__link js-services-inread-link\" target=\"_blank\" rel=\"nofollow noopener\">  <\/p>\n<p>La Matinale du Monde<\/p>\n<p>Chaque matin, retrouvez notre s\u00e9lection de 20 articles \u00e0 ne pas manquer <\/p>\n<p>T\u00e9l\u00e9charger l&rsquo;application<\/p>\n<p> <\/a>      <\/p>\n<p> Newsletter abonn\u00e9s  <\/p>\n<p> <a href=\"https:\/\/www.lemonde.fr\/newsletters\/international\/\" class=\"inread__link js-services-inread-link\" target=\"_blank\" rel=\"nofollow noopener\">  <\/p>\n<p>\u00ab International \u00bb<\/p>\n<p>L\u2019essentiel de l\u2019actualit\u00e9 internationale de la semaine<\/p>\n<p>S&rsquo;inscrire<\/p>\n<p> <\/a>             <\/p>\n<p class=\"article__paragraph  \">Ancien capital-risqueur, JD Vance a lui m\u00eame dirig\u00e9 l\u2019\u00e9quipe charg\u00e9e de trouver une solution pour TikTok. Selon lui, l\u2019entit\u00e9 am\u00e9ricaine de la plateforme serait \u00e9valu\u00e9e \u00e0 environ 14\u00a0milliards de dollars &#8211; il assure n\u00e9anmoins que le dernier mot reviendra aux investisseurs.<\/p>\n<p>                    Feu vert de P\u00e9kin\u00a0?                    <\/p>\n<p class=\"article__paragraph  \">Interrog\u00e9 sur une validation de cet accord par les autorit\u00e9s chinoises, Donald Trump a assur\u00e9 que le pr\u00e9sident Xi Jinping avait donn\u00e9 son feu vert lors d\u2019un appel t\u00e9l\u00e9phonique la semaine derni\u00e8re.<\/p>\n<p class=\"article__paragraph  \">\u00ab\u00a0J\u2019ai beaucoup de respect pour le pr\u00e9sident Xi, et j\u2019appr\u00e9cie \u00e9norm\u00e9ment qu\u2019il ait approuv\u00e9 l\u2019accord, car pour le mener \u00e0 bien, nous avions vraiment besoin du soutien de la Chine\u00a0\u00bb, a-t-il d\u00e9clar\u00e9.<\/p>\n<p class=\"article__paragraph  \">Lors de l\u2019appel t\u00e9l\u00e9phonique entre les deux pr\u00e9sidents, Xi Jinping avait demand\u00e9 \u00e0 son homologue am\u00e9ricain d\u2019\u00e9viter les restrictions commerciales \u00ab\u00a0unilat\u00e9rales\u00a0\u00bb et de pr\u00e9server un climat \u00ab\u00a0non discriminatoire\u00a0\u00bb pour les entreprises chinoises, avait rapport\u00e9 la cha\u00eene d\u2019Etat chinoise CCTV.<\/p>\n<p class=\"article__paragraph  \">\u00ab\u00a0Nous esp\u00e9rons que les Etats-Unis proposeront un environnement commercial ouvert, \u00e9quitable et non discriminatoire pour les entreprises chinoises investissant aux Etats-Unis\u00a0\u00bb, a simplement r\u00e9agi vendredi 26\u00a0septembre Guo Jiakun, porte-parole du minist\u00e8re des affaires \u00e9trang\u00e8res de P\u00e9kin, aux journalistes, apr\u00e8s le d\u00e9cret sign\u00e9 par Donald Trump.<\/p>\n<p class=\"article__paragraph  \">Contact\u00e9s par l\u2019Agence France-Presse (AFP), ByteDance et TikTok n\u2019ont pas r\u00e9pondu dans l\u2019imm\u00e9diat.<\/p>\n<p>                                       Lire aussi |  Article r\u00e9serv\u00e9 \u00e0 nos abonn\u00e9s  <a href=\"https:\/\/www.lemonde.fr\/pixels\/article\/2025\/09\/11\/commission-d-enquete-tiktok-le-rapport-etrille-une-plateforme-hors-de-controle-a-l-assaut-de-la-jeunesse-et-formule-43-recommandations_6640383_4408996.html\" class=\"js-article-read-also catcher--favoris__link\" data-premium=\"1\" id=\"article-title-3436671\" rel=\"nofollow noopener\" target=\"_blank\">TikTok est \u00ab\u00a0un des pires r\u00e9seaux sociaux \u00e0 l\u2019assaut de notre jeunesse\u00a0\u00bb\u00a0: les mots tr\u00e8s durs de la commission d\u2019enqu\u00eate parlementaire<\/a>    <\/p>\n<p>   Lire plus tard  <\/p>\n<p class=\"author__detail\">  Le Monde avec AFP  <\/p>\n<p>                  <a href=\"https:\/\/www.lemonde.fr\/syndication\/\" class=\"reuse__content\" title=\"R\u00e9utiliser ce contenu\" target=\"_blank\" rel=\"nofollow noopener\">R\u00e9utiliser ce contenu<\/a>      <\/p>\n","protected":false},"excerpt":{"rendered":"Le d\u00e9cret sign\u00e9 par Donald Trump sur l\u2019accord qui c\u00e9derait les op\u00e9rations am\u00e9ricaines de TikTok de ByteDance, \u00e0&hellip;\n","protected":false},"author":2,"featured_media":418591,"comment_status":"","ping_status":"","sticky":false,"template":"","format":"standard","meta":{"footnotes":""},"categories":[1888],"tags":[1111,1928,11,1927,1777,674,1011,27,12,1926,626,1925,25],"class_list":{"0":"post-418590","1":"post","2":"type-post","3":"status-publish","4":"format-standard","5":"has-post-thumbnail","7":"category-paris","8":"tag-actu","9":"tag-actu-paris","10":"tag-actualites","11":"tag-actualites-paris","12":"tag-eu","13":"tag-europe","14":"tag-fr","15":"tag-france","16":"tag-news","17":"tag-news-paris","18":"tag-paris","19":"tag-paris-news","20":"tag-republique-francaise"},"share_on_mastodon":{"url":"https:\/\/pubeurope.com\/@fr\/115269906547483882","error":""},"_links":{"self":[{"href":"https:\/\/www.europesays.com\/fr\/wp-json\/wp\/v2\/posts\/418590","targetHints":{"allow":["GET"]}}],"collection":[{"href":"https:\/\/www.europesays.com\/fr\/wp-json\/wp\/v2\/posts"}],"about":[{"href":"https:\/\/www.europesays.com\/fr\/wp-json\/wp\/v2\/types\/post"}],"author":[{"embeddable":true,"href":"https:\/\/www.europesays.com\/fr\/wp-json\/wp\/v2\/users\/2"}],"replies":[{"embeddable":true,"href":"https:\/\/www.europesays.com\/fr\/wp-json\/wp\/v2\/comments?post=418590"}],"version-history":[{"count":0,"href":"https:\/\/www.europesays.com\/fr\/wp-json\/wp\/v2\/posts\/418590\/revisions"}],"wp:featuredmedia":[{"embeddable":true,"href":"https:\/\/www.europesays.com\/fr\/wp-json\/wp\/v2\/media\/418591"}],"wp:attachment":[{"href":"https:\/\/www.europesays.com\/fr\/wp-json\/wp\/v2\/media?parent=418590"}],"wp:term":[{"taxonomy":"category","embeddable":true,"href":"https:\/\/www.europesays.com\/fr\/wp-json\/wp\/v2\/categories?post=418590"},{"taxonomy":"post_tag","embeddable":true,"href":"https:\/\/www.europesays.com\/fr\/wp-json\/wp\/v2\/tags?post=418590"}],"curies":[{"name":"wp","href":"https:\/\/api.w.org\/{rel}","templated":true}]}}