{"id":418594,"date":"2025-09-26T09:33:15","date_gmt":"2025-09-26T09:33:15","guid":{"rendered":"https:\/\/www.europesays.com\/fr\/418594\/"},"modified":"2025-09-26T09:33:15","modified_gmt":"2025-09-26T09:33:15","slug":"municipales-2026-a-paris-sophia-chikirou-sera-bien-la-candidate-de-lfi","status":"publish","type":"post","link":"https:\/\/www.europesays.com\/fr\/418594\/","title":{"rendered":"Municipales\u00a02026 \u00e0 Paris : Sophia Chikirou sera bien la candidate de LFI"},"content":{"rendered":"<p class=\"paragraph text_align_left lp-f-body-02\">C\u2019\u00e9tait un secret de polichinelle. Selon nos informations, la d\u00e9put\u00e9e <a href=\"https:\/\/www.leparisien.fr\/faits-divers\/comptes-de-campagne-de-lfi-sophia-chikirou-mise-en-examen-pour-escroquerie-aggravee-24-09-2024-ZC5IYFCAJVGDTAYON6INWNPEQU.php\" target=\"_blank\" rel=\"noreferrer noopener\">Sophia Chikirou<\/a> sera bien la candidate de la France insoumise <a href=\"https:\/\/www.leparisien.fr\/elections\/municipales\/municipales-paris\/\" target=\"_blank\" rel=\"noreferrer noopener\">aux \u00e9lections municipales \u00e0 Paris<\/a>. Depuis plusieurs mois, l\u2019\u00e9lue parisienne pr\u00e9pare sa campagne sur le terrain et doit se lancer officiellement dans les prochaines semaines. Elle est d\u00e9j\u00e0 test\u00e9e dans les sondages, o\u00f9 elle jouit d\u2019une certaine cote de popularit\u00e9. En juin, une \u00e9tude Elabe, pour BFMTV et La Tribune du dimanche, la cr\u00e9ditait de 14 \u00e0 17 % des intentions de vote.<\/p>\n<p class=\"paragraph text_align_left lp-f-body-02\">De quoi s\u00e9rieusement bousculer le scrutin \u00e0 gauche o\u00f9 elle affrontera, pour l\u2019heure, le socialiste <a href=\"https:\/\/www.leparisien.fr\/politique\/emmanuel-gregoire\/\" target=\"_self\" rel=\"noopener\">Emmanuel Gr\u00e9goire<\/a>, l\u2019\u00e9cologiste <a href=\"https:\/\/www.leparisien.fr\/politique\/david-belliard\/\" target=\"_self\" rel=\"noopener\">David Belliard<\/a> et le communiste <a href=\"https:\/\/www.leparisien.fr\/politique\/ian-brossat\/\" target=\"_self\" rel=\"noopener\">Ian Brossat<\/a>. Au sein de <a href=\"https:\/\/www.leparisien.fr\/politique\/lfi\/\" target=\"_blank\" rel=\"noreferrer noopener\">LFI<\/a>, sa candidature ne faisait que peu de doute. \u00ab Ce sera Sophia, elle est ultra-pr\u00e9par\u00e9e sur le programme et les \u00e9quipes, confie un proche de la d\u00e9put\u00e9e. Elle peut aller au second tour, c\u2019est du tr\u00e8s solide. \u00bb LFI organisera une grande convention nationale \u00e0 la fin du mois de novembre pour mettre en lumi\u00e8re ses candidats aux municipales.<\/p>\n<p>\u00ab Une campagne de rupture totale avec le bilan Hidalgo \u00bb<\/p>\n<p class=\"paragraph text_align_left lp-f-body-02\">Cette tr\u00e8s proche de <a href=\"https:\/\/www.leparisien.fr\/politique\/jean-luc-melenchon\/\" target=\"_self\" rel=\"noopener\">Jean-Luc M\u00e9lenchon<\/a>, connue et redout\u00e9e pour son verbe haut et ses positions clivantes, va pouvoir compter sur les renforts d\u2019autres d\u00e9put\u00e9s insoumis parisiens. Aymeric Caron dans le XVIIIe arrondissement et <a href=\"https:\/\/www.leparisien.fr\/politique\/un-depute-lfi-veut-instaurer-une-contribution-universelle-sur-toutes-les-transactions-numeriques-10-09-2025-BPZ6BDPKNNFM7N2GZBJAULBNWE.php\" target=\"_blank\" rel=\"noreferrer noopener\">Rodrigo Arenas<\/a> dans le XIVe arrondissement devraient ainsi lui pr\u00eater main-forte. \u00ab On va faire une campagne de rupture totale avec le bilan Hidalgo, on va taper fort, annonce un strat\u00e8ge insoumis. On va toucher beaucoup plus de gens que ce qu\u2019on imagine. \u00bb<\/p>\n<p class=\"paragraph text_align_left lp-f-body-02\">En 2020, c\u2019\u00e9tait la d\u00e9put\u00e9e Danielle Simonnet qui s\u2019\u00e9tait pr\u00e9sent\u00e9e lors du scrutin municipal parisien pour LFI, r\u00e9coltant 5 % des suffrages. Depuis, elle a \u00e9t\u00e9 <a href=\"https:\/\/www.leparisien.fr\/elections\/legislatives\/legislatives-a-paris-la-deputee-sortante-danielle-simonnet-evincee-par-lfi-annonce-etre-arrivee-en-tete-30-06-2024-FI4W5YIG6NCZDPTPPROVZBDSMI.php\" target=\"_self\" rel=\"noopener\">\u00e9vinc\u00e9e du mouvement<\/a> de Jean-Luc M\u00e9lenchon, sur fond de tensions tr\u00e8s fortes avec Sophia Chikirou dont elle a d\u00e9nonc\u00e9 les m\u00e9thodes en interne. Sur le plan judiciaire, Sophia Chikirou est mise en examen depuis septembre 2024 pour \u00ab escroquerie aggrav\u00e9e \u00bb dans l\u2019affaire des comptes de la campagne de Jean-Luc M\u00e9lenchon en 2017. Soup\u00e7onn\u00e9e de surfacturation via sa soci\u00e9t\u00e9, Mediascop, Sophia Chikirou a toujours ni\u00e9.<\/p>\n<p class=\"paragraph text_align_left lp-f-body-02\">Sur le plan politique, la d\u00e9put\u00e9e n\u2019est pas la derni\u00e8re \u00e0 adresser des scuds \u00e0 ses ennemis de gauche. De quoi an\u00e9antir toute tentative d\u2019union avec d\u2019autres listes ? Les \u00e9cologistes seront confront\u00e9s \u00e0 la question. L\u2019inconnue demeure, alors que Sophia Chikirou devrait livrer un duel virulent avec le camp socialiste, qui exclut d\u2019ores et d\u00e9j\u00e0 toute alliance avec les insoumis. \u00c0 gauche, la campagne parisienne promet d\u2019\u00eatre anim\u00e9e.<\/p>\n","protected":false},"excerpt":{"rendered":"C\u2019\u00e9tait un secret de polichinelle. Selon nos informations, la d\u00e9put\u00e9e Sophia Chikirou sera bien la candidate de la&hellip;\n","protected":false},"author":2,"featured_media":418595,"comment_status":"","ping_status":"","sticky":false,"template":"","format":"standard","meta":{"footnotes":""},"categories":[1888],"tags":[11,5949,1777,674,1011,27,3081,3554,12,626,316,25,18834],"class_list":{"0":"post-418594","1":"post","2":"type-post","3":"status-publish","4":"format-standard","5":"has-post-thumbnail","7":"category-paris","8":"tag-actualites","9":"tag-elections","10":"tag-eu","11":"tag-europe","12":"tag-fr","13":"tag-france","14":"tag-jean-luc-melenchon","15":"tag-municipales","16":"tag-news","17":"tag-paris","18":"tag-politique","19":"tag-republique-francaise","20":"tag-sophia-chikirou"},"share_on_mastodon":{"url":"https:\/\/pubeurope.com\/@fr\/115269914045767677","error":""},"_links":{"self":[{"href":"https:\/\/www.europesays.com\/fr\/wp-json\/wp\/v2\/posts\/418594","targetHints":{"allow":["GET"]}}],"collection":[{"href":"https:\/\/www.europesays.com\/fr\/wp-json\/wp\/v2\/posts"}],"about":[{"href":"https:\/\/www.europesays.com\/fr\/wp-json\/wp\/v2\/types\/post"}],"author":[{"embeddable":true,"href":"https:\/\/www.europesays.com\/fr\/wp-json\/wp\/v2\/users\/2"}],"replies":[{"embeddable":true,"href":"https:\/\/www.europesays.com\/fr\/wp-json\/wp\/v2\/comments?post=418594"}],"version-history":[{"count":0,"href":"https:\/\/www.europesays.com\/fr\/wp-json\/wp\/v2\/posts\/418594\/revisions"}],"wp:featuredmedia":[{"embeddable":true,"href":"https:\/\/www.europesays.com\/fr\/wp-json\/wp\/v2\/media\/418595"}],"wp:attachment":[{"href":"https:\/\/www.europesays.com\/fr\/wp-json\/wp\/v2\/media?parent=418594"}],"wp:term":[{"taxonomy":"category","embeddable":true,"href":"https:\/\/www.europesays.com\/fr\/wp-json\/wp\/v2\/categories?post=418594"},{"taxonomy":"post_tag","embeddable":true,"href":"https:\/\/www.europesays.com\/fr\/wp-json\/wp\/v2\/tags?post=418594"}],"curies":[{"name":"wp","href":"https:\/\/api.w.org\/{rel}","templated":true}]}}