{"id":41860,"date":"2025-04-21T16:01:10","date_gmt":"2025-04-21T16:01:10","guid":{"rendered":"https:\/\/www.europesays.com\/fr\/41860\/"},"modified":"2025-04-21T16:01:10","modified_gmt":"2025-04-21T16:01:10","slug":"en-2014-il-avait-choisi-strasbourg-pour-parler-a-leurope","status":"publish","type":"post","link":"https:\/\/www.europesays.com\/fr\/41860\/","title":{"rendered":"en 2014, il avait choisi Strasbourg pour parler \u00e0 l\u2019Europe"},"content":{"rendered":"<p>De la <a href=\"https:\/\/www.lalsace.fr\/p\/cathedrale-de-strasbourg\" target=\"_blank\" rel=\"noopener\">cath\u00e9drale de Strasbourg<\/a>, il n\u2019avait aper\u00e7u que la fl\u00e8che se d\u00e9coupant dans le ciel blanc de ce jour de novembre 2014. Par le hublot de son avion, peut-\u00eatre, et par la fen\u00eatre de la Peugeot 407 du <a href=\"https:\/\/www.lalsace.fr\/p\/parlement-europeen\" target=\"_blank\" rel=\"noopener\">Parlement europ\u00e9en<\/a> venue le chercher \u00e0 l\u2019a\u00e9roport d\u2019Entzheim &#8211; le pape avait d\u00e9clin\u00e9 la Citro\u00ebn C6 de la pr\u00e9fecture du Bas-Rhin, jug\u00e9e \u00ab\u00a0trop luxueuse\u00a0\u00bb\u2026<\/p>\n<p>\u00abAller \u00e0 la cath\u00e9drale aurait signifi\u00e9 accomplir d\u00e9j\u00e0 une visite en France, et c\u2019\u00e9tait le probl\u00e8me\u00a0\u00bb, avait expliqu\u00e9 le pape \u00e0 la presse dans l\u2019avion le ramenant \u00e0 Rome. Ce n\u2019\u00e9tait pas une visite \u00e0 la France\u00a0: Fran\u00e7ois, \u00e9lu seulement un an et demi avant, n\u2019y avait encore fait aucune visite, <a href=\"https:\/\/www.lalsace.fr\/actualite\/2013\/02\/12\/le-mariage-pour-tous-adopte-a-l-assemblee\" target=\"_blank\" rel=\"nofollow noopener\">l\u2019adoption du mariage pour tous<\/a> l\u2019ann\u00e9e pr\u00e9c\u00e9dente ne poussait pas le Vatican \u00e0 se presser.<\/p>\n<p>Pour ce cinqui\u00e8me voyage de son pontificat, le pape argentin voulait parler \u00e0 l\u2019Europe. Du moins \u00e0 ceux qui \u00e0 ce moment-l\u00e0 la fa\u00e7onnaient.<\/p>\n<p>  \u00ab\u00a0Les grands id\u00e9aux qui ont inspir\u00e9 l\u2019Europe semblent avoir perdu leur force attractive\u00a0\u00bb<\/p>\n<p><a href=\"https:\/\/www.lalsace.fr\/politique\/2025\/02\/26\/dans-les-coulisses-du-protocole-du-parlement-europeen-et-du-conseil-de-l-europe\" target=\"_blank\" rel=\"nofollow noopener\">Dans l\u2019h\u00e9micycle du Parlement europ\u00e9en<\/a> , plein \u00e0 craquer mais sage comme une ic\u00f4ne, le <a href=\"https:\/\/www.lalsace.fr\/p\/pape-francois\" target=\"_blank\" rel=\"noopener\">pape Fran\u00e7ois<\/a> avait voulu remettre l\u2019humain au centre des douze \u00e9toiles, formulant un \u00ab\u00a0encouragement pour revenir \u00e0 la ferme conviction des P\u00e8res fondateurs de l\u2019Union Europ\u00e9enne, qui souhaitaient un avenir fond\u00e9 sur la capacit\u00e9 de travailler ensemble afin de d\u00e9passer les divisions, et favoriser la paix et la communion entre tous les peuples du continent. Au centre de cet ambitieux projet politique, il y avait la confiance en l\u2019homme, non pas tant comme citoyen, ni comme sujet \u00e9conomique, mais en l\u2019homme comme personne dot\u00e9e d\u2019une dignit\u00e9 transcendante.\u00a0\u00bb<\/p>\n<p>\u00ab\u00a0D\u2019un peu partout, on a une impression g\u00e9n\u00e9rale de fatigue, de vieillissement, d\u2019une Europe grand-m\u00e8re et non plus f\u00e9conde et vivante. Par cons\u00e9quent, les grands id\u00e9aux qui ont inspir\u00e9 l\u2019Europe semblent avoir perdu leur force attractive en faveur de la technique bureaucratique de ses institutions. \u00c0 cela s\u2019ajoutent des styles de vie un peu \u00e9go\u00efstes, caract\u00e9ris\u00e9s par une opulence d\u00e9sormais insoutenable et souvent indiff\u00e9rente au monde environnant, surtout aux plus pauvres\u00a0\u00bb, avait ajout\u00e9 le pape Fran\u00e7ois, appelant \u00e0 une Europe plus humaine face aux drames de l\u2019immigration (\u00ab\u00a0On ne peut tol\u00e9rer que la Mer M\u00e9diterran\u00e9enne devienne un grand cimeti\u00e8re\u00a0!\u00a0\u00bb), qui investisse plus dans l\u2019\u00e9ducation, d\u00e9fende l\u2019environnement (\u00ab\u00a0Notre terre a en effet besoin de soins continus et d\u2019attentions\u00a0; chacun a une responsabilit\u00e9 personnelle dans la protection de la cr\u00e9ation\u00a0\u00bb, \u00ab\u00a0don pr\u00e9cieux\u00a0\u00bb dont nous sommes \u00ab\u00a0les gardiens, mais pas les propri\u00e9taires\u00a0\u00bb.)<\/p>\n<p>  \u00ab\u00a0Une Europe bless\u00e9e\u00a0\u00bb, \u00ab\u00a0plus capable d\u2019affronter les crises avec la vitalit\u00e9 et l\u2019\u00e9nergie d\u2019autrefois\u00a0\u00bb<\/p>\n<p>Une heure plus tard, devant le Conseil de l\u2019Europe, dans l\u2019h\u00e9micycle m\u00eame o\u00f9 son pr\u00e9d\u00e9cesseur Jean Paul II s\u2019\u00e9tait exprim\u00e9 en faveur de la fin de la Guerre froide en 1988, Fran\u00e7ois avait parl\u00e9 d\u2019une \u00ab\u00a0Europe bless\u00e9e \u00e0 cause des nombreuses \u00e9preuves du pass\u00e9, mais aussi \u00e0 cause des crises actuelles, qu\u2019elle ne semble plus capable d\u2019affronter avec la vitalit\u00e9 et l\u2019\u00e9nergie d\u2019autrefois\u00a0\u00bb. L\u00e0, il avait appel\u00e9 le Conseil (47 \u00c9tats membres \u00e0 l\u2019\u00e9poque, 46 aujourd\u2019hui depuis l\u2019exclusion en 2022 de la Russie, qui venait de commencer en 2014 ses man\u0153uvres guerri\u00e8res en Ukraine) \u00e0 poursuivre son effort de pr\u00e9servation de la paix, en danger de \u00ab\u00a0retomber dans les tentations d\u2019autrefois\u00a0\u00bb.<\/p>\n<p>Fran\u00e7ois ne reposa le pied sur le sol fran\u00e7ais que neuf ann\u00e9es plus tard, en septembre\u00a02023, \u00ab\u00a0\u00e0 <a href=\"https:\/\/www.lalsace.fr\/societe\/2023\/09\/23\/a-marseille-le-pape-embrase-le-velodrome\" target=\"_blank\" rel=\"nofollow noopener\">Marseille<\/a> mais pas en France\u00a0\u00bb, puis en <a href=\"https:\/\/www.lalsace.fr\/societe\/2024\/12\/15\/a-ajaccio-parmi-de-nombreux-fideles-le-pape-comme-a-la-maison\" target=\"_blank\" rel=\"nofollow noopener\">Corse<\/a> en d\u00e9cembre\u00a02024. Il rendait alors symboliquement visite \u00e0 l\u2019espace m\u00e9diterran\u00e9en, pour parler de l\u2019accueil des migrants. L\u00e0 aussi, son message fut un appel \u00e0 une plus grande fraternit\u00e9.<\/p>\n","protected":false},"excerpt":{"rendered":"De la cath\u00e9drale de Strasbourg, il n\u2019avait aper\u00e7u que la fl\u00e8che se d\u00e9coupant dans le ciel blanc de&hellip;\n","protected":false},"author":2,"featured_media":41861,"comment_status":"","ping_status":"","sticky":false,"template":"","format":"standard","meta":{"footnotes":""},"categories":[1586],"tags":[11,2389,9223,1777,674,107,1011,27,5325,2798,1391,12,316,5889,25,104],"class_list":{"0":"post-41860","1":"post","2":"type-post","3":"status-publish","4":"format-standard","5":"has-post-thumbnail","7":"category-europe","8":"tag-actualites","9":"tag-alsace","10":"tag-carnet-du-jour","11":"tag-eu","12":"tag-europe","13":"tag-fil-info","14":"tag-fr","15":"tag-france","16":"tag-galerie-media","17":"tag-galerie-photo","18":"tag-necrologie","19":"tag-news","20":"tag-politique","21":"tag-religion-croyance","22":"tag-republique-francaise","23":"tag-societe"},"share_on_mastodon":{"url":"https:\/\/pubeurope.com\/@fr\/114376794642612449","error":""},"_links":{"self":[{"href":"https:\/\/www.europesays.com\/fr\/wp-json\/wp\/v2\/posts\/41860","targetHints":{"allow":["GET"]}}],"collection":[{"href":"https:\/\/www.europesays.com\/fr\/wp-json\/wp\/v2\/posts"}],"about":[{"href":"https:\/\/www.europesays.com\/fr\/wp-json\/wp\/v2\/types\/post"}],"author":[{"embeddable":true,"href":"https:\/\/www.europesays.com\/fr\/wp-json\/wp\/v2\/users\/2"}],"replies":[{"embeddable":true,"href":"https:\/\/www.europesays.com\/fr\/wp-json\/wp\/v2\/comments?post=41860"}],"version-history":[{"count":0,"href":"https:\/\/www.europesays.com\/fr\/wp-json\/wp\/v2\/posts\/41860\/revisions"}],"wp:featuredmedia":[{"embeddable":true,"href":"https:\/\/www.europesays.com\/fr\/wp-json\/wp\/v2\/media\/41861"}],"wp:attachment":[{"href":"https:\/\/www.europesays.com\/fr\/wp-json\/wp\/v2\/media?parent=41860"}],"wp:term":[{"taxonomy":"category","embeddable":true,"href":"https:\/\/www.europesays.com\/fr\/wp-json\/wp\/v2\/categories?post=41860"},{"taxonomy":"post_tag","embeddable":true,"href":"https:\/\/www.europesays.com\/fr\/wp-json\/wp\/v2\/tags?post=41860"}],"curies":[{"name":"wp","href":"https:\/\/api.w.org\/{rel}","templated":true}]}}