{"id":418608,"date":"2025-09-26T09:40:10","date_gmt":"2025-09-26T09:40:10","guid":{"rendered":"https:\/\/www.europesays.com\/fr\/418608\/"},"modified":"2025-09-26T09:40:10","modified_gmt":"2025-09-26T09:40:10","slug":"quels-pays-deurope-appliquent-cette-taxe","status":"publish","type":"post","link":"https:\/\/www.europesays.com\/fr\/418608\/","title":{"rendered":"quels pays d\u2019Europe appliquent cette taxe ?"},"content":{"rendered":"<p class=\"mb-4 text-lg md:leading-8 break-words\">Faut-il taxer les ultra-riches et surtout \u00e0 quelle \u00e9chelle ? Alors que <a data-i13n=\"cpos:1;pos:1\" href=\"https:\/\/fr.news.yahoo.com\/retour-l-isf-ne-remplacera-040011362.html\" data-ylk=\"slk:la taxe Zucman;cpos:1;pos:1;elm:context_link;itc:0;sec:content-canvas;outcm:mb_qualified_link;_E:mb_qualified_link;ct:story;\" class=\"link  yahoo-link\" target=\"_blank\" rel=\"noopener\">la taxe Zucman<\/a> sur les tr\u00e8s hauts patrimoines \u00e9lectrise le d\u00e9bat public ces derniers jours, l\u2019id\u00e9e de s&rsquo;appuyer sur les plus hauts revenus pour limiter la dette fran\u00e7aise revient sur le devant de la sc\u00e8ne. Pour rappel, l\u2019\u00e9conomiste Gabriel Zucman pr\u00e9conise de cr\u00e9er un imp\u00f4t plancher de 2% sur les patrimoines sup\u00e9rieurs \u00e0 100 millions d\u2019euros. Une mani\u00e8re de \u00ab\u00a0remplacer\u00a0\u00bb l\u2019imp\u00f4t de solidarit\u00e9 sur la fortune (ISF) supprim\u00e9 en 2018 par Emmanuel Macron et remplac\u00e9 par un imp\u00f4t sur la fortune immobili\u00e8re (IFI).<\/p>\n<p>Espagne, seul pays de l\u2019UE \u00e0 appliquer l\u2019imp\u00f4t sur la fortune<\/p>\n<p class=\"mb-4 text-lg md:leading-8 break-words\">L\u2019imp\u00f4t sur la fortune est tr\u00e8s loin d\u2019\u00eatre la norme en Europe. Seuls trois pays appliquent une taxe sur les plus grosses fortunes et seulement un seul \u00c9tat de l\u2019Union europ\u00e9enne. Il s\u2019agit de l\u2019Espagne. Apr\u00e8s avoir supprim\u00e9 cette taxe sur les plus riches en 2008, nos voisins espagnols l\u2019ont r\u00e9tabli en 2011 apr\u00e8s la crise \u00e9conomique sur les personnes avec un patrimoine net sup\u00e9rieur \u00e0 700 000 euros. Avant d&rsquo;aller plus loin il y a trois ans. \u00ab\u00a0En 2022, l&rsquo;Espagne a \u00e9galement instaur\u00e9 un nouvel imp\u00f4t de solidarit\u00e9 sur les grandes fortunes. Temporaire, celui-ci touche les patrimoines nets de 3 millions d\u2019euros ou plus, avec un taux de pr\u00e9l\u00e8vement progressif allant de 1,7 \u00e0 3,5 %\u00a0\u00bb, ajoute le site <a data-i13n=\"cpos:2;pos:1\" href=\"https:\/\/www.touteleurope.eu\/economie-et-social\/comparatif-impot-sur-la-fortune-dans-quels-pays-europeens-est-il-applique\/\" rel=\"nofollow noopener\" target=\"_blank\" data-ylk=\"slk:Toute L&#039;Europe;cpos:2;pos:1;elm:context_link;itc:0;sec:content-canvas\" class=\"link \">Toute L&rsquo;Europe<\/a>.<\/p>\n<p><strong>Norv\u00e8ge, Suisse\u2026 et c\u2019est tout<\/strong><\/p>\n<p class=\"mb-4 text-lg md:leading-8 break-words\">Parmi les pays ayant conserv\u00e9 un syst\u00e8me d&rsquo;imposition sur la fortune figurent aussi la Norv\u00e8ge et la Suisse. L\u2019imp\u00f4t norv\u00e9gien taxe de 0,7% les actifs d\u00e9passant 1,7 million de couronnes norv\u00e9giennes (NOK), soit environ 145 000 euros. Au total, l\u2019imp\u00f4t sur la fortune rapporte \u00e0 la Norv\u00e8ge environ 32 milliards de couronnes par an (2,7 milliards d\u2019euros) mais la question de sa suppression ou de son maintien s\u2019est retrouv\u00e9e au coeur des d\u00e9bats lors des \u00e9lections l\u00e9gislatives de d\u00e9but septembre.<\/p>\n<p class=\"mb-4 text-lg md:leading-8 break-words\">En Suisse, l\u2019imposition des plus riches d\u00e9pend du lieu d\u2019habitation. \u00ab\u00a0Dans le canton de Gen\u00e8ve, le taux d&rsquo;imposition est plus \u00e9lev\u00e9 (environ 0,6 % sur une fortune comprise entre 500 000 et 1 million de francs suisse) que dans celui de Zurich (environ 0,2 % sur une fortune de 500 000 francs suisses)\u00a0\u00bb, indique le site Toute L\u2019Europe.<\/p>\n<p class=\"mb-4 text-lg md:leading-8 break-words\">Si seulement trois pays appliquent l\u2019imp\u00f4t sur la fortune en Europe, quelques \u00c9tats l\u2019ont instaur\u00e9 avant de faire machine arri\u00e8re. L&rsquo;Autriche a abandonn\u00e9 cette id\u00e9e en 1994, l\u2019Allemagne et l\u2019Irlande en 1997, la Finlande en 2006, la Su\u00e8de en 2007, la Gr\u00e8ce en 2009 et donc la France en 2018.<\/p>\n","protected":false},"excerpt":{"rendered":"Faut-il taxer les ultra-riches et surtout \u00e0 quelle \u00e9chelle ? Alors que la taxe Zucman sur les tr\u00e8s&hellip;\n","protected":false},"author":2,"featured_media":418609,"comment_status":"","ping_status":"","sticky":false,"template":"","format":"standard","meta":{"footnotes":""},"categories":[1586],"tags":[11,1777,674,1011,27,54827,54826,54828,12,43964,25,2549],"class_list":{"0":"post-418608","1":"post","2":"type-post","3":"status-publish","4":"format-standard","5":"has-post-thumbnail","7":"category-europe","8":"tag-actualites","9":"tag-eu","10":"tag-europe","11":"tag-fr","12":"tag-france","13":"tag-impot-de-solidarite","14":"tag-impot-sur-la-fortune","15":"tag-la-fortune","16":"tag-news","17":"tag-pays-deurope","18":"tag-republique-francaise","19":"tag-taxe"},"share_on_mastodon":{"url":"https:\/\/pubeurope.com\/@fr\/115269941644905852","error":""},"_links":{"self":[{"href":"https:\/\/www.europesays.com\/fr\/wp-json\/wp\/v2\/posts\/418608","targetHints":{"allow":["GET"]}}],"collection":[{"href":"https:\/\/www.europesays.com\/fr\/wp-json\/wp\/v2\/posts"}],"about":[{"href":"https:\/\/www.europesays.com\/fr\/wp-json\/wp\/v2\/types\/post"}],"author":[{"embeddable":true,"href":"https:\/\/www.europesays.com\/fr\/wp-json\/wp\/v2\/users\/2"}],"replies":[{"embeddable":true,"href":"https:\/\/www.europesays.com\/fr\/wp-json\/wp\/v2\/comments?post=418608"}],"version-history":[{"count":0,"href":"https:\/\/www.europesays.com\/fr\/wp-json\/wp\/v2\/posts\/418608\/revisions"}],"wp:featuredmedia":[{"embeddable":true,"href":"https:\/\/www.europesays.com\/fr\/wp-json\/wp\/v2\/media\/418609"}],"wp:attachment":[{"href":"https:\/\/www.europesays.com\/fr\/wp-json\/wp\/v2\/media?parent=418608"}],"wp:term":[{"taxonomy":"category","embeddable":true,"href":"https:\/\/www.europesays.com\/fr\/wp-json\/wp\/v2\/categories?post=418608"},{"taxonomy":"post_tag","embeddable":true,"href":"https:\/\/www.europesays.com\/fr\/wp-json\/wp\/v2\/tags?post=418608"}],"curies":[{"name":"wp","href":"https:\/\/api.w.org\/{rel}","templated":true}]}}