{"id":418620,"date":"2025-09-26T09:50:11","date_gmt":"2025-09-26T09:50:11","guid":{"rendered":"https:\/\/www.europesays.com\/fr\/418620\/"},"modified":"2025-09-26T09:50:11","modified_gmt":"2025-09-26T09:50:11","slug":"si-on-a-une-chance-cest-au-sprint","status":"publish","type":"post","link":"https:\/\/www.europesays.com\/fr\/418620\/","title":{"rendered":"\u00ab Si on a une chance, c\u2019est au Sprint \u00bb"},"content":{"rendered":"<p>&#13;<\/p>\n<p><strong>Huiti\u00e8me temps du vendredi, Fabio Quartararo a valid\u00e9 son ticket direct pour la Q2.<\/strong><\/p>\n<p>C&rsquo;est dans son tout dernier tour rapide que Fabio Quartararo a pu inscrire le huiti\u00e8me chrono de la s\u00e9ance d&rsquo;essais. Le Fran\u00e7ais s&rsquo;est ainsi assur\u00e9 une place en Q2. \u00ab Je suis content d\u2019\u00eatre en Q2, mais je ne dirais pas super content de la s\u00e9ance, a-t-il temp\u00e9r\u00e9. Mieux vaut \u00eatre en Q2 d\u00e8s le vendredi, parce qu\u2019on sait \u00e0 quel point c\u2019est difficile de passer de Q1 \u00e0 Q2 le samedi matin. \u00bb<\/p>\n<p>C\u00f4t\u00e9 performance, le Fran\u00e7ais n\u2019a pas cach\u00e9 son inqui\u00e9tude : \u00ab On voit le top 4 : Aprilia, Ducati, KTM, Honda\u2026 et on observe qu\u2019on est en dessous. Le comportement de notre moto n\u2019est pas top, mais on donne le maximum pour \u00eatre au plus haut possible. \u00bb<\/p>\n<p>Le rythme du Fran\u00e7ais est plut\u00f4t rapide, mais il reconna\u00eet qu&rsquo;au d\u00e9l\u00e0 de 6 tours, la t\u00e2che devient plus compliqu\u00e9e. \u00ab Je pense que si on a une chance, c\u2019est au Sprint, en \u00e9tant super agressif. Dans les lignes droites, on est en grosse difficult\u00e9, on perd \u00e9norm\u00e9ment de temps. On va essayer de donner le maximum, mais ce ne sera pas facile. \u00bb<\/p>\n<p>Un nouvel \u00e9chappement a \u00e9t\u00e9 aper\u00e7u ce matin sur les M1 de Quartararo et celles de l&rsquo;\u00e9quipe Pramac. Test\u00e9 rapidement, celui-ci a vit \u00e9t\u00e9 \u00e9cart\u00e9. \u00ab En th\u00e9orie, il apporte un petit peu plus de puissance, mais apparemment on ne peut pas l\u2019utiliser. J\u2019ai fait un demi-tour avec et il y avait des probl\u00e8mes. \u00bb<\/p>\n<p>&#13;<br \/>\n           &#13;<br \/>\n&#13;<br \/>\n    &#13;<br \/>\n    &#13;<\/p>\n","protected":false},"excerpt":{"rendered":"&#13; Huiti\u00e8me temps du vendredi, Fabio Quartararo a valid\u00e9 son ticket direct pour la Q2. C&rsquo;est dans son&hellip;\n","protected":false},"author":2,"featured_media":418621,"comment_status":"","ping_status":"","sticky":false,"template":"","format":"standard","meta":{"footnotes":""},"categories":[1413],"tags":[1011,27,1457,1456,60],"class_list":{"0":"post-418620","1":"post","2":"type-post","3":"status-publish","4":"format-standard","5":"has-post-thumbnail","7":"category-moto","8":"tag-fr","9":"tag-france","10":"tag-moto","11":"tag-motocycle","12":"tag-sports"},"share_on_mastodon":{"url":"https:\/\/pubeurope.com\/@fr\/115269980936157731","error":""},"_links":{"self":[{"href":"https:\/\/www.europesays.com\/fr\/wp-json\/wp\/v2\/posts\/418620","targetHints":{"allow":["GET"]}}],"collection":[{"href":"https:\/\/www.europesays.com\/fr\/wp-json\/wp\/v2\/posts"}],"about":[{"href":"https:\/\/www.europesays.com\/fr\/wp-json\/wp\/v2\/types\/post"}],"author":[{"embeddable":true,"href":"https:\/\/www.europesays.com\/fr\/wp-json\/wp\/v2\/users\/2"}],"replies":[{"embeddable":true,"href":"https:\/\/www.europesays.com\/fr\/wp-json\/wp\/v2\/comments?post=418620"}],"version-history":[{"count":0,"href":"https:\/\/www.europesays.com\/fr\/wp-json\/wp\/v2\/posts\/418620\/revisions"}],"wp:featuredmedia":[{"embeddable":true,"href":"https:\/\/www.europesays.com\/fr\/wp-json\/wp\/v2\/media\/418621"}],"wp:attachment":[{"href":"https:\/\/www.europesays.com\/fr\/wp-json\/wp\/v2\/media?parent=418620"}],"wp:term":[{"taxonomy":"category","embeddable":true,"href":"https:\/\/www.europesays.com\/fr\/wp-json\/wp\/v2\/categories?post=418620"},{"taxonomy":"post_tag","embeddable":true,"href":"https:\/\/www.europesays.com\/fr\/wp-json\/wp\/v2\/tags?post=418620"}],"curies":[{"name":"wp","href":"https:\/\/api.w.org\/{rel}","templated":true}]}}