{"id":418622,"date":"2025-09-26T09:51:14","date_gmt":"2025-09-26T09:51:14","guid":{"rendered":"https:\/\/www.europesays.com\/fr\/418622\/"},"modified":"2025-09-26T09:51:14","modified_gmt":"2025-09-26T09:51:14","slug":"peugeot-domine-la-premiere-journee-dessais-aux-6-heures-de-fuji","status":"publish","type":"post","link":"https:\/\/www.europesays.com\/fr\/418622\/","title":{"rendered":"Peugeot domine la premi\u00e8re journ\u00e9e d&rsquo;essais aux 6\u00a0Heures de Fuji"},"content":{"rendered":"\n<p class=\"Paragraph__content\" data-v-e14a34bc=\"\">Le week-end des 6\u00a0Heures de Fuji, avant-derni\u00e8re \u00e9preuve de la saison de WEC (\u00e0 suivre sur la cha\u00eene L&rsquo;\u00c9quipe et L&rsquo;\u00e9quipe Live), a particuli\u00e8rement bien d\u00e9but\u00e9 pour Peugeot. La marque au Lion, en difficult\u00e9 cette saison, a sign\u00e9 ses meilleurs r\u00e9sultats de l&rsquo;ann\u00e9e. Les 9X8 ont \u00e9t\u00e9 en haut de la feuille des temps pour les deux sessions.<\/p>\n<p class=\"Paragraph__content\" data-v-e14a34bc=\"\">Dans la premi\u00e8re, les deux Peugeot ont m\u00eame termin\u00e9 ensemble aux deux premi\u00e8res places, Lo\u00efc Duval ayant r\u00e9alis\u00e9 le meilleur temps avec la n\u00b094 (partag\u00e9e avec Jakobsen et Vandoorne) en 1&rsquo;30\u00a0\u00bb152 et la n\u00b093 (Vergne, Jensen, Di Resta) suivant en 1&rsquo;30\u00a0\u00bb610. Surprise, les deux Aston Martin (<a href=\"https:\/\/www.lequipe.fr\/Sport-auto\/Actualites\/La-balance-de-performance-bop-des-6-heures-de-fuji-devoilee-poids-inchanges-alpine-gagne-un-peu-de-puissance\/1595647\" notaddlevel=\"true\" target=\"_blank\" rel=\"noopener\">favoris\u00e9s comme les Peugeot par la BoP<\/a>) ont pris les 3e et 4e places, la n\u00b0009 devant la n\u00b0007. Pendant que Ferrari \u00e9tait repouss\u00e9 au-del\u00e0 de la 8e place.<\/p>\n<p>                       Cinq marques diff\u00e9rentes dans le top 5 <\/p>\n<p class=\"Paragraph__content\" data-v-e14a34bc=\"\">La deuxi\u00e8me s\u00e9ance a secou\u00e9 un peu cet ordre \u00e9tabli mais les grandes lignes sont rest\u00e9es les m\u00eames. Peugeot est notamment rest\u00e9 aux avant-postes avec cette fois le meilleur temps pour la n\u00b094, Mikkel Jensen signant le temps r\u00e9f\u00e9rence en 1&rsquo;29\u00a0\u00bb495. M\u00eame si la n\u00b093 n&rsquo;a pu faire mieux que 11e cette fois (+0\u00a0\u00bb760). Et Aston Martin a encore plac\u00e9 une voiture sur le podium (3e, +0\u00a0\u00bb064). Un \u00e9cart minuscule mais dans lequel la Porsche Penske n\u00b05 de Andlauer et Jaminet s&rsquo;est gliss\u00e9e terminant 2e \u00e0 17 milli\u00e8mes de la Peugeot.<\/p>\n<p class=\"Paragraph__content\" data-v-e14a34bc=\"\">Toyota, avec la n\u00b08 (Buemi, Hartley, Hirakawa), et Alpine, avec la n\u00b035 (Chatin, Habsburg, Milesi) ont compl\u00e9t\u00e9 un top 5 avec cinq marques diff\u00e9rentes, r\u00e9unies en moins de quatre dixi\u00e8mes. L&rsquo;autre voiture du A fl\u00e9ch\u00e9, la n\u00b036 (Gounon, Makowicki, Schumacher) a pris la 14e place (+0\u00a0\u00bb923). Ferrari s&rsquo;est, \u00e0 nouveau, montr\u00e9 \u00e0 la tra\u00eene, la n\u00b050 de Fuoco, Molina et Nielsen prenant seulement la 8e place (+0\u00a0\u00bb586). Cadillac Jota, vainqueur \u00e0 Sao Paulo, fait \u00e0 peine mieux avec la septi\u00e8me place de la n\u00b012 (Lynn, Nato, Stevens), \u00e0 451 milli\u00e8mes de la t\u00eate.<\/p>\n<p class=\"Paragraph__content\" data-v-e14a34bc=\"\">Samedi se tiendra une nouvelle s\u00e9ance d&rsquo;essais libres d&rsquo;une heure (2h50 du matin, heure fran\u00e7aise) avant la qualification \u00e0 partir de 7h20 heure fran\u00e7aise.<\/p>\n","protected":false},"excerpt":{"rendered":"Le week-end des 6\u00a0Heures de Fuji, avant-derni\u00e8re \u00e9preuve de la saison de WEC (\u00e0 suivre sur la cha\u00eene&hellip;\n","protected":false},"author":2,"featured_media":418623,"comment_status":"","ping_status":"","sticky":false,"template":"","format":"standard","meta":{"footnotes":""},"categories":[1412],"tags":[1451,1452,1453,1454,1455,1011,27,60],"class_list":{"0":"post-418622","1":"post","2":"type-post","3":"status-publish","4":"format-standard","5":"has-post-thumbnail","7":"category-f1","8":"tag-f1","9":"tag-formula-1","10":"tag-formula1","11":"tag-formule-1","12":"tag-formule1","13":"tag-fr","14":"tag-france","15":"tag-sports"},"share_on_mastodon":{"url":"https:\/\/pubeurope.com\/@fr\/115269984822982991","error":""},"_links":{"self":[{"href":"https:\/\/www.europesays.com\/fr\/wp-json\/wp\/v2\/posts\/418622","targetHints":{"allow":["GET"]}}],"collection":[{"href":"https:\/\/www.europesays.com\/fr\/wp-json\/wp\/v2\/posts"}],"about":[{"href":"https:\/\/www.europesays.com\/fr\/wp-json\/wp\/v2\/types\/post"}],"author":[{"embeddable":true,"href":"https:\/\/www.europesays.com\/fr\/wp-json\/wp\/v2\/users\/2"}],"replies":[{"embeddable":true,"href":"https:\/\/www.europesays.com\/fr\/wp-json\/wp\/v2\/comments?post=418622"}],"version-history":[{"count":0,"href":"https:\/\/www.europesays.com\/fr\/wp-json\/wp\/v2\/posts\/418622\/revisions"}],"wp:featuredmedia":[{"embeddable":true,"href":"https:\/\/www.europesays.com\/fr\/wp-json\/wp\/v2\/media\/418623"}],"wp:attachment":[{"href":"https:\/\/www.europesays.com\/fr\/wp-json\/wp\/v2\/media?parent=418622"}],"wp:term":[{"taxonomy":"category","embeddable":true,"href":"https:\/\/www.europesays.com\/fr\/wp-json\/wp\/v2\/categories?post=418622"},{"taxonomy":"post_tag","embeddable":true,"href":"https:\/\/www.europesays.com\/fr\/wp-json\/wp\/v2\/tags?post=418622"}],"curies":[{"name":"wp","href":"https:\/\/api.w.org\/{rel}","templated":true}]}}