{"id":418627,"date":"2025-09-26T09:54:10","date_gmt":"2025-09-26T09:54:10","guid":{"rendered":"https:\/\/www.europesays.com\/fr\/418627\/"},"modified":"2025-09-26T09:54:10","modified_gmt":"2025-09-26T09:54:10","slug":"marguerite-accusee-davoir-plagie-son-amie-helena-rebondissement-dans-laffaire-star-academy","status":"publish","type":"post","link":"https:\/\/www.europesays.com\/fr\/418627\/","title":{"rendered":"Marguerite accus\u00e9e d\u2019avoir plagi\u00e9 son amie Helena : rebondissement dans l\u2019affaire Star Academy"},"content":{"rendered":"<p><strong>Marguerite<\/strong> a beau ne pas avoir remport\u00e9 la <a href=\"https:\/\/www.instagram.com\/staracademytf1\/?hl=fr\" target=\"_blank\" rel=\"noreferrer noopener\">Star Academy<\/a>, sa participation \u00e0 la derni\u00e8re saison lui a permis de se faire une place dans l&rsquo;industrie musicale. <\/p>\n<p>En avril dernier, la jeune femme s&rsquo;est d&rsquo;ailleurs impos\u00e9e avec un premier titre baptis\u00e9 <strong>Les filles, les meufs, <\/strong>dans lequel <a href=\"https:\/\/www.public.fr\/ca-a-clarifie-des-choses-avec-mon-entourage-comment-la-chanson-de-marguerite-la-aidee-a-faire-son-coming-out\" target=\"_blank\" rel=\"noopener\">elle \u00e9voque sans tabou sa sexualit\u00e9<\/a>. <\/p>\n<p>Dans un entretien accord\u00e9 \u00e0 Cin\u00e9 T\u00e9l\u00e9 Revue, elle est ainsi revenue sur le succ\u00e8s de ce titre et sur les raisons qui l&rsquo;ont pouss\u00e9e \u00e0 le partager.<\/p>\n<p>\u00ab\u00a0<strong>C&rsquo;\u00e9tait ma pr\u00e9f\u00e9r\u00e9e parmi toutes celles que j&rsquo;avais \u00e9crites. Je trouvais que c&rsquo;\u00e9tait celle qui me ressemblait le plus. J&rsquo;ai vraiment eu envie d&rsquo;arriver avec ce titre comme une pr\u00e9sentation, une prise de parole forte, une confession<\/strong>\u00ab\u00a0, a-t-elle ainsi r\u00e9v\u00e9l\u00e9.<\/p>\n<p>\u00ab\u00a0<strong>Elle m&rsquo;a fait \u00e9norm\u00e9ment de bien. Je me disais que si elle pouvait faire du bien \u00e0 quelques autres personnes, ce serait d\u00e9j\u00e0 beaucoup<\/strong>\u00ab\u00a0, a ensuite ajout\u00e9 la chanteuse.<\/p>\n<p>Marguerite cash sur les accusations de plagiat<\/p>\n<p>D\u00e9sormais, Les filles, les meufs est disponible sur le tout premier EP de Marguerite, <strong>Grandir<\/strong>. Un projet que la jeune femme d\u00e9crit comme un \u00ab\u00a0autoportrait\u00a0\u00bb. \u00ab\u00a0<strong>Chaque chanson est une facette de moi, elle \u00e9voque une p\u00e9riode de ma vie<\/strong>\u00ab\u00a0. <\/p>\n<p>\u00c0 l&rsquo;approche de son concert \u00e0 la Madeleine, \u00e0 Bruxelles, la jolie brune a accept\u00e9 de revenir sur les accusations de plagiat qui p\u00e8sent \u00e0 son encontre. Certains consid\u00e8rent en effet que Marguerite a tent\u00e9 de copier <a href=\"https:\/\/www.public.fr\/tag\/helena-bailly\" target=\"_blank\" rel=\"noopener\">Helena<\/a>, elle aussi ancienne candidate de la Star Academy.<\/p>\n<p>Loin de s&rsquo;apitoyer sur son sort, l&rsquo;artiste a v\u00e9cu ces all\u00e9gations comme \u00ab\u00a0un non-sujet\u00a0\u00bb. \u00ab\u00a0<strong>La chanson, je l&rsquo;avais fait \u00e9couter \u00e0 Helena parce qu&rsquo;on est amies, et elle l&rsquo;avait ador\u00e9e. Le m\u00eame soir, elle m&rsquo;avait fait \u00e9couter\u00a0&lsquo;Tout g\u00e2cher&rsquo;\u00a0et nous n&rsquo;avions m\u00eame pas remarqu\u00e9 de similitudes<\/strong>\u00ab\u00a0, a-t-elle confi\u00e9 \u00e0 Cin\u00e9 T\u00e9l\u00e9 Revue. <\/p>\n<p>Et de conclure : \u00ab\u00a0Pour moi, c&rsquo;est symptomatique d&rsquo;un probl\u00e8me de soci\u00e9t\u00e9\u00a0:\u00a0les artistes pop f\u00e9minines sont sans cesse compar\u00e9es, mises en comp\u00e9tition. Alors que dans d&rsquo;autres genres, comme le rap, il y a des chansons tr\u00e8s similaires, et personne ne crie au scandale\u00a0\u00bb. Un avis tranch\u00e9 !<\/p>\n<p>      Mentionn\u00e9s dans cet article<\/p>\n<p>      Sur le m\u00eame sujet<\/p>\n<p>  <script async src=\"\/\/www.instagram.com\/embed.js\"><\/script><\/p>\n","protected":false},"excerpt":{"rendered":"Marguerite a beau ne pas avoir remport\u00e9 la Star Academy, sa participation \u00e0 la derni\u00e8re saison lui a&hellip;\n","protected":false},"author":2,"featured_media":418628,"comment_status":"","ping_status":"","sticky":false,"template":"","format":"standard","meta":{"footnotes":""},"categories":[1359],"tags":[58,59,1011,27,5098,54829,973,53490,5095],"class_list":{"0":"post-418627","1":"post","2":"type-post","3":"status-publish","4":"format-standard","5":"has-post-thumbnail","7":"category-people","8":"tag-divertissement","9":"tag-entertainment","10":"tag-fr","11":"tag-france","12":"tag-helena-bailly","13":"tag-marguerite-dedeyan","14":"tag-people","15":"tag-plagiat","16":"tag-star-academy"},"share_on_mastodon":{"url":"https:\/\/pubeurope.com\/@fr\/115269996601858363","error":""},"_links":{"self":[{"href":"https:\/\/www.europesays.com\/fr\/wp-json\/wp\/v2\/posts\/418627","targetHints":{"allow":["GET"]}}],"collection":[{"href":"https:\/\/www.europesays.com\/fr\/wp-json\/wp\/v2\/posts"}],"about":[{"href":"https:\/\/www.europesays.com\/fr\/wp-json\/wp\/v2\/types\/post"}],"author":[{"embeddable":true,"href":"https:\/\/www.europesays.com\/fr\/wp-json\/wp\/v2\/users\/2"}],"replies":[{"embeddable":true,"href":"https:\/\/www.europesays.com\/fr\/wp-json\/wp\/v2\/comments?post=418627"}],"version-history":[{"count":0,"href":"https:\/\/www.europesays.com\/fr\/wp-json\/wp\/v2\/posts\/418627\/revisions"}],"wp:featuredmedia":[{"embeddable":true,"href":"https:\/\/www.europesays.com\/fr\/wp-json\/wp\/v2\/media\/418628"}],"wp:attachment":[{"href":"https:\/\/www.europesays.com\/fr\/wp-json\/wp\/v2\/media?parent=418627"}],"wp:term":[{"taxonomy":"category","embeddable":true,"href":"https:\/\/www.europesays.com\/fr\/wp-json\/wp\/v2\/categories?post=418627"},{"taxonomy":"post_tag","embeddable":true,"href":"https:\/\/www.europesays.com\/fr\/wp-json\/wp\/v2\/tags?post=418627"}],"curies":[{"name":"wp","href":"https:\/\/api.w.org\/{rel}","templated":true}]}}