{"id":418629,"date":"2025-09-26T09:55:11","date_gmt":"2025-09-26T09:55:11","guid":{"rendered":"https:\/\/www.europesays.com\/fr\/418629\/"},"modified":"2025-09-26T09:55:11","modified_gmt":"2025-09-26T09:55:11","slug":"15-statues-du-chat-de-philippe-geluck-exposees-a-partir-doctobre-au-parc-de-la-tete-dor","status":"publish","type":"post","link":"https:\/\/www.europesays.com\/fr\/418629\/","title":{"rendered":"15 statues du Chat de Philippe Geluck expos\u00e9es \u00e0 partir d\u2019octobre au parc de la T\u00eate d\u2019Or"},"content":{"rendered":"<p>D\u00e9j\u00e0 vues par plus de 10 millions de visiteurs \u00e0 travers l\u2019Europe, les statues en bronze vont \u00eatre expos\u00e9es au parc de la T\u00eate d\u2019Or \u00e0 partir du 3 octobre.<\/p>\n<p class=\"fig-paragraph\">Du 3 octobre 2025 au 1er mars 2026, les c\u00e9l\u00e8bres chats de\u00a0<a href=\"http:\/\/www.lefigaro.fr\/arts-expositions\/musee-du-chat-a-bruxelles-philippe-geluck-pret-a-abandonner-le-projet-20210502\" data-fig-type=\"Article\" data-gtm-custom-categorie=\"navigation\" data-gtm-custom-action=\"crossclick\" data-gtm-custom-label=\"Contextuel\" data-gtm-event=\"customEventSPE\" data-fig-domain=\"LEFIGARO\" rel=\"nofollow noopener\" target=\"_blank\">Philippe Geluck<\/a>\u00a0vont poser leurs valises \u00e0 Lyon. Apr\u00e8s Bruxelles, Paris, Bordeaux, Caen,\u00a0<a href=\"http:\/\/www.lefigaro.fr\/nantes\/la-petite-guerande-rivalise-avec-les-grandes-villes-en-accueillant-le-chat-de-philippe-geluck-20250515\" data-fig-type=\"NewsFlash\" data-gtm-custom-categorie=\"navigation\" data-gtm-custom-action=\"crossclick\" data-gtm-custom-label=\"Contextuel\" data-gtm-event=\"customEventSPE\" data-fig-domain=\"LEFIGARO\" rel=\"nofollow noopener\" target=\"_blank\">Gen\u00e8ve, Montreux et Gu\u00e9rande<\/a>, les sculptures \u00abdr\u00f4les et po\u00e9tiques\u00bb qui ont d\u00e9j\u00e0 attir\u00e9 10 millions de visiteurs seront install\u00e9es dans le parc de la T\u00eate d\u2019Or (6e arrondissement). 15 statues en bronze du c\u00e9l\u00e8bre animal dessin\u00e9 par l\u2019auteur belge s\u2019exposeront dans l\u2019all\u00e9e partant de la porte des Enfants du Rh\u00f4ne et menant \u00e0 la roseraie. \u00abLe lieu d\u2019exposition qui nous a \u00e9t\u00e9 propos\u00e9, le parc de la T\u00eate d\u2019Or, est magique\u00a0! On pr\u00e9pare cela avec beaucoup d\u2019enthousiasme\u00bb, a comment\u00e9 le dessinateur sur le site de la ville de Lyon.<\/p>\n<p class=\"fig-paragraph\">En parall\u00e8le, la galerie Estades pr\u00e9sente, du 4 octobre au 15 novembre 2025, une s\u00e9lection de tableaux \u00e0 l\u2019acrylique, dessins originaux, s\u00e9rigraphies et sculptures de taille plus modeste dans lesquelles le Chat questionne avec l\u00e9g\u00e8ret\u00e9 notre rapport \u00e0 l\u2019art, \u00e0 la soci\u00e9t\u00e9, au langage.<\/p>\n<p>                                    <a class=\"fig-a11y-skip a11y-hidden\" href=\"#fig-a11y-skip-main-inarticle\"><br \/>\n        Passer la publicit\u00e9<br \/>\n    <\/a><\/p>\n<p class=\"fig-paragraph\">Avant de devenir peintre et sculpteur,<a href=\"http:\/\/www.lefigaro.fr\/arts-expositions\/exposition-de-philippe-geluck-la-mairie-de-paris-tente-d-eteindre-la-polemique-20210330\" data-fig-type=\"Article\" data-gtm-custom-categorie=\"navigation\" data-gtm-custom-action=\"crossclick\" data-gtm-custom-label=\"Contextuel\" data-gtm-event=\"customEventSPE\" data-fig-domain=\"LEFIGARO\" rel=\"nofollow noopener\" target=\"_blank\">\u00a0Philippe Geluck<\/a>\u00a0fut com\u00e9dien, animateur et chroniqueur \u00e0 la radio et la t\u00e9l\u00e9, et surtout dessinateur. Son chat est n\u00e9 le 3 mars 1983 pour une commande du journal Le Soir, \u00e0 Bruxelles. Il publiera cet automne un nouvel album intitul\u00e9 L\u2019origine du Chat, aux \u00e9ditions Casterman.<\/p>\n","protected":false},"excerpt":{"rendered":"D\u00e9j\u00e0 vues par plus de 10 millions de visiteurs \u00e0 travers l\u2019Europe, les statues en bronze vont \u00eatre&hellip;\n","protected":false},"author":2,"featured_media":418630,"comment_status":"","ping_status":"","sticky":false,"template":"","format":"standard","meta":{"footnotes":""},"categories":[1358],"tags":[1348,1384,1385,13153,7654,1386,58,59,1011,27,54830],"class_list":{"0":"post-418629","1":"post","2":"type-post","3":"status-publish","4":"format-standard","5":"has-post-thumbnail","7":"category-arts-et-design","8":"tag-arts","9":"tag-arts-and-design","10":"tag-arts-et-design","11":"tag-bande-dessinee","12":"tag-chat","13":"tag-design","14":"tag-divertissement","15":"tag-entertainment","16":"tag-fr","17":"tag-france","18":"tag-philippe-geluck"},"share_on_mastodon":{"url":"https:\/\/pubeurope.com\/@fr\/115270000555061654","error":""},"_links":{"self":[{"href":"https:\/\/www.europesays.com\/fr\/wp-json\/wp\/v2\/posts\/418629","targetHints":{"allow":["GET"]}}],"collection":[{"href":"https:\/\/www.europesays.com\/fr\/wp-json\/wp\/v2\/posts"}],"about":[{"href":"https:\/\/www.europesays.com\/fr\/wp-json\/wp\/v2\/types\/post"}],"author":[{"embeddable":true,"href":"https:\/\/www.europesays.com\/fr\/wp-json\/wp\/v2\/users\/2"}],"replies":[{"embeddable":true,"href":"https:\/\/www.europesays.com\/fr\/wp-json\/wp\/v2\/comments?post=418629"}],"version-history":[{"count":0,"href":"https:\/\/www.europesays.com\/fr\/wp-json\/wp\/v2\/posts\/418629\/revisions"}],"wp:featuredmedia":[{"embeddable":true,"href":"https:\/\/www.europesays.com\/fr\/wp-json\/wp\/v2\/media\/418630"}],"wp:attachment":[{"href":"https:\/\/www.europesays.com\/fr\/wp-json\/wp\/v2\/media?parent=418629"}],"wp:term":[{"taxonomy":"category","embeddable":true,"href":"https:\/\/www.europesays.com\/fr\/wp-json\/wp\/v2\/categories?post=418629"},{"taxonomy":"post_tag","embeddable":true,"href":"https:\/\/www.europesays.com\/fr\/wp-json\/wp\/v2\/tags?post=418629"}],"curies":[{"name":"wp","href":"https:\/\/api.w.org\/{rel}","templated":true}]}}