{"id":418631,"date":"2025-09-26T09:56:12","date_gmt":"2025-09-26T09:56:12","guid":{"rendered":"https:\/\/www.europesays.com\/fr\/418631\/"},"modified":"2025-09-26T09:56:12","modified_gmt":"2025-09-26T09:56:12","slug":"le-livre-en-fete-ce-week-end","status":"publish","type":"post","link":"https:\/\/www.europesays.com\/fr\/418631\/","title":{"rendered":"le livre en f\u00eate ce week-end"},"content":{"rendered":"<p>Le Village du Livre de Fontenoy-la-Jo\u00fbte accueillera, les samedi\u00a027 et dimanche 28\u00a0septembre, la 17e \u00e9dition du D\u00e9ballage d\u2019automne, un rendez-vous devenu incontournable pour les amateurs de lecture et de bonnes affaires.<\/p>\n<p>De 9\u00a0h \u00e0 18\u00a0h, les visiteurs pourront fl\u00e2ner entre les onze boutiques s\u00e9dentaires et une dizaine d\u2019exposants professionnels install\u00e9s dans les rues, proposant des milliers de livres d\u2019occasion, toutes th\u00e9matiques confondues et \u00e0 tous les prix.<\/p>\n<p>  D\u00e9dicaces le dimanche<\/p>\n<p>Le dimanche, cinq auteurs r\u00e9gionaux feront une s\u00e9ance de d\u00e9dicaces\u00a0: Nicolas Cassagnau, Michel Marchal, S\u00e9bastien Bonmarchand, Florent Bulferetti (Nin-MilL\u2019R) et Barbara Nazianzeno. Originaire de Lorraine et fille d\u2019immigr\u00e9s italiens, cette derni\u00e8re a enseign\u00e9 les lettres pendant plus de 25 ans avant de rejoindre un institut m\u00e9dico-social. Engag\u00e9e dans un atelier de th\u00e9\u00e2tre visuel pour adolescents sourds, elle nourrit ses r\u00e9cits de ses racines m\u00e9diterran\u00e9ennes et de ses exp\u00e9riences de femme, de m\u00e8re et d\u2019enseignante. Elle pr\u00e9sentera notamment ses ouvrages r\u00e9cents\u00a0: Le Papillon blanc et Et il reste le silence , ainsi que \u00c9clats d\u2019\u00e2mes  et La m\u00e9tamorphose du mal.<\/p>\n<p>Ouvert \u00e0 tous, le D\u00e9ballage d\u2019automne propose une atmosph\u00e8re conviviale o\u00f9 chacun peut trouver son bonheur, que ce soit le lecteur passionn\u00e9 ou le simple curieux.<\/p>\n<p class=\"note\">Entr\u00e9e libre, restauration rapide sur place. Renseignements sur villagedulivre54.fr<\/p>\n","protected":false},"excerpt":{"rendered":"Le Village du Livre de Fontenoy-la-Jo\u00fbte accueillera, les samedi\u00a027 et dimanche 28\u00a0septembre, la 17e \u00e9dition du D\u00e9ballage d\u2019automne,&hellip;\n","protected":false},"author":2,"featured_media":418632,"comment_status":"","ping_status":"","sticky":false,"template":"","format":"standard","meta":{"footnotes":""},"categories":[1357],"tags":[1379,7110,1687,58,1707,1704,1706,1705,59,7109,1011,27,1380,2410],"class_list":{"0":"post-418631","1":"post","2":"type-post","3":"status-publish","4":"format-standard","5":"has-post-thumbnail","7":"category-livres","8":"tag-books","9":"tag-cc-du-territoire-de-luneville-a-baccarat-54a","10":"tag-culture-loisirs","11":"tag-divertissement","12":"tag-edition-luneville","13":"tag-edition-nancy-et-agglomeration","14":"tag-edition-pont-a-mousson","15":"tag-edition-toul","16":"tag-entertainment","17":"tag-fontenoy-la-joute","18":"tag-fr","19":"tag-france","20":"tag-livres","21":"tag-livres-bd"},"share_on_mastodon":{"url":"https:\/\/pubeurope.com\/@fr\/115270004481672523","error":""},"_links":{"self":[{"href":"https:\/\/www.europesays.com\/fr\/wp-json\/wp\/v2\/posts\/418631","targetHints":{"allow":["GET"]}}],"collection":[{"href":"https:\/\/www.europesays.com\/fr\/wp-json\/wp\/v2\/posts"}],"about":[{"href":"https:\/\/www.europesays.com\/fr\/wp-json\/wp\/v2\/types\/post"}],"author":[{"embeddable":true,"href":"https:\/\/www.europesays.com\/fr\/wp-json\/wp\/v2\/users\/2"}],"replies":[{"embeddable":true,"href":"https:\/\/www.europesays.com\/fr\/wp-json\/wp\/v2\/comments?post=418631"}],"version-history":[{"count":0,"href":"https:\/\/www.europesays.com\/fr\/wp-json\/wp\/v2\/posts\/418631\/revisions"}],"wp:featuredmedia":[{"embeddable":true,"href":"https:\/\/www.europesays.com\/fr\/wp-json\/wp\/v2\/media\/418632"}],"wp:attachment":[{"href":"https:\/\/www.europesays.com\/fr\/wp-json\/wp\/v2\/media?parent=418631"}],"wp:term":[{"taxonomy":"category","embeddable":true,"href":"https:\/\/www.europesays.com\/fr\/wp-json\/wp\/v2\/categories?post=418631"},{"taxonomy":"post_tag","embeddable":true,"href":"https:\/\/www.europesays.com\/fr\/wp-json\/wp\/v2\/tags?post=418631"}],"curies":[{"name":"wp","href":"https:\/\/api.w.org\/{rel}","templated":true}]}}