{"id":418633,"date":"2025-09-26T09:57:10","date_gmt":"2025-09-26T09:57:10","guid":{"rendered":"https:\/\/www.europesays.com\/fr\/418633\/"},"modified":"2025-09-26T09:57:10","modified_gmt":"2025-09-26T09:57:10","slug":"en-depit-de-la-realite-des-chiffres-delphine-ernotte-la-patronne-de-france-tele-essaye-sur-rtl-de-faire-croire-que-les-audiences-du-20h-de-lea-salame-ont-augmente-voici-les-vrais-chiffres","status":"publish","type":"post","link":"https:\/\/www.europesays.com\/fr\/418633\/","title":{"rendered":"En d\u00e9pit de la r\u00e9alit\u00e9 des chiffres, Delphine Ernotte, la patronne de France T\u00e9l\u00e9, essaye sur RTL de faire croire que les audiences du 20h de L\u00e9a Salam\u00e9 ont augment\u00e9. Voici les vrais chiffres"},"content":{"rendered":"<p>Ce matin, Delphine Ernotte, la patronne de France T\u00e9l\u00e9visions, \u00e9tait l&rsquo;invit\u00e9e de la matinale de RTL. Elle a notamment \u00e9t\u00e9 interrog\u00e9e sur L\u00e9a Salam\u00e9 et les audiences r\u00e9alis\u00e9es par la journaliste depuis son arriv\u00e9e \u00e0 la t\u00eate du 20h de France 2.<\/p>\n<p>\u00ab\u00a0Je suis ravie de ce que fait L\u00e9a au 20h. Je suis tr\u00e8s fi\u00e8re de ce qu&rsquo;elle fait avec l&rsquo;ensemble de la r\u00e9daction. Je trouve que c&rsquo;est un journal de tr\u00e8s grande qualit\u00e9\u00a0\u00bb, a d\u00e9clar\u00e9 Delphine Ernotte.<\/p>\n<p>Et d&rsquo;ajouter : \u00ab\u00a0Ca se passe tr\u00e8s bien. D&rsquo;ailleurs, elle a augment\u00e9 les audiences. Elle a battu un record qu&rsquo;on n&rsquo;avait pas atteint depuis quelques temps. Je suis extr\u00eamement confiante. Toute la r\u00e9daction est derri\u00e8re elle. Je suis vraiment ravie de ce journal\u00a0\u00bb.<\/p>\n<p><strong>Alors que Delphine Ernotte \u00e9voque \u00ab\u00a0une augmentation des audiences\u00a0\u00bb, Jeanmarcmorandini.com s&rsquo;est pench\u00e9 sur les scores du 20h de L\u00e9a Salam\u00e9 depuis son arriv\u00e9e aux commandes du JT, le 1er septembre dernier.<\/strong> <\/p>\n<p>Sur les trois premi\u00e8res semaines, en moyenne et en audience veille, L\u00e9a Salam\u00e9 a f\u00e9d\u00e9r\u00e9 depuis son arriv\u00e9e au 20h de France 2, 3,7 millions de Fran\u00e7ais. \u00c0 titre de comparaison, l&rsquo;ann\u00e9e derni\u00e8re sur la m\u00eame p\u00e9riode, le 20 Heures de France 2 pr\u00e9sent\u00e9 par Karine Baste, puis par Anne-Sophie Lapix de retour de cong\u00e9s, avait attir\u00e9 moyenne de 3,8 millions de personnes.<\/p>\n<p>Autrement dit, non seulement il n&rsquo;y a pas eu \u00ab\u00a0d&rsquo;effet de curiosit\u00e9\u00a0\u00bb concernant l&rsquo;arriv\u00e9e de L\u00e9a Salam\u00e9 au 20h, mais son journal est m\u00eame en recul, en comparaison avec Anne-Sophie Lapix.<\/p>\n<p>Le journal du service public n&rsquo;est pass\u00e9 au-dessus de la barre symbolique des 4 millions de t\u00e9l\u00e9spectateurs qu&rsquo;\u00e0 trois reprises. Le journal le plus suivi de L\u00e9a Salam\u00e9 a \u00e9t\u00e9 celui du 10 septembre dernier, jour de manifestation nationale, avec 4,15 millions de t\u00e9l\u00e9spectateurs. A noter que sur la m\u00eame p\u00e9riode, le journal de Gilles Bouleau sur TF1 est loin devant avec une moyenne de plus de 5,2 millions.<\/p>\n<p>Le journal de L\u00e9a Salam\u00e9 a m\u00eame r\u00e9alis\u00e9 son score le plus bas hier soir depuis son arriv\u00e9e. Malgr\u00e9 la tr\u00e8s forte actualit\u00e9 sur Nicolas Sarkozy, la journaliste a rassembl\u00e9 seulement 3.383.000 t\u00e9l\u00e9spectateurs face \u00e0 Gilles Bouleau qui \u00e9tait \u00e0 5,110.000.<\/p>\n<p>\u00a0<\/p>\n","protected":false},"excerpt":{"rendered":"Ce matin, Delphine Ernotte, la patronne de France T\u00e9l\u00e9visions, \u00e9tait l&rsquo;invit\u00e9e de la matinale de RTL. Elle a&hellip;\n","protected":false},"author":2,"featured_media":418634,"comment_status":"","ping_status":"","sticky":false,"template":"","format":"standard","meta":{"footnotes":""},"categories":[1356],"tags":[46400,2367,58,59,1011,27,594,3775,252,1364],"class_list":{"0":"post-418633","1":"post","2":"type-post","3":"status-publish","4":"format-standard","5":"has-post-thumbnail","7":"category-television","8":"tag-20h","9":"tag-audiences","10":"tag-divertissement","11":"tag-entertainment","12":"tag-fr","13":"tag-france","14":"tag-france-2","15":"tag-lu00e9a-salamu00e9","16":"tag-television","17":"tag-tv"},"share_on_mastodon":{"url":"https:\/\/pubeurope.com\/@fr\/115270008492875867","error":""},"_links":{"self":[{"href":"https:\/\/www.europesays.com\/fr\/wp-json\/wp\/v2\/posts\/418633","targetHints":{"allow":["GET"]}}],"collection":[{"href":"https:\/\/www.europesays.com\/fr\/wp-json\/wp\/v2\/posts"}],"about":[{"href":"https:\/\/www.europesays.com\/fr\/wp-json\/wp\/v2\/types\/post"}],"author":[{"embeddable":true,"href":"https:\/\/www.europesays.com\/fr\/wp-json\/wp\/v2\/users\/2"}],"replies":[{"embeddable":true,"href":"https:\/\/www.europesays.com\/fr\/wp-json\/wp\/v2\/comments?post=418633"}],"version-history":[{"count":0,"href":"https:\/\/www.europesays.com\/fr\/wp-json\/wp\/v2\/posts\/418633\/revisions"}],"wp:featuredmedia":[{"embeddable":true,"href":"https:\/\/www.europesays.com\/fr\/wp-json\/wp\/v2\/media\/418634"}],"wp:attachment":[{"href":"https:\/\/www.europesays.com\/fr\/wp-json\/wp\/v2\/media?parent=418633"}],"wp:term":[{"taxonomy":"category","embeddable":true,"href":"https:\/\/www.europesays.com\/fr\/wp-json\/wp\/v2\/categories?post=418633"},{"taxonomy":"post_tag","embeddable":true,"href":"https:\/\/www.europesays.com\/fr\/wp-json\/wp\/v2\/tags?post=418633"}],"curies":[{"name":"wp","href":"https:\/\/api.w.org\/{rel}","templated":true}]}}