{"id":418645,"date":"2025-09-26T10:03:11","date_gmt":"2025-09-26T10:03:11","guid":{"rendered":"https:\/\/www.europesays.com\/fr\/418645\/"},"modified":"2025-09-26T10:03:11","modified_gmt":"2025-09-26T10:03:11","slug":"un-bowser-en-moins-chez-nintendo-doug-prend-sa-retraite-actualites","status":"publish","type":"post","link":"https:\/\/www.europesays.com\/fr\/418645\/","title":{"rendered":"Un Bowser en moins chez Nintendo : Doug prend sa retraite &#8211; Actualit\u00e9s"},"content":{"rendered":"<p>Nintendo of America a annonc\u00e9 le d\u00e9part \u00e0 la retraite de son pr\u00e9sident Doug Bowser. Apr\u00e8s six ans \u00e0 la t\u00eate de la filiale am\u00e9ricaine, il passera le relais \u00e0 Devon Pritchard d\u00e8s le 1er janvier 2026.<\/p>\n<p>                        La nouvelle a fait sourire les fans autant qu&rsquo;elle a surpris l&rsquo;industrie. <strong>Un\u00a0Bowser va quitter Nintendo, en l&rsquo;occurrence l&rsquo;iconique Doug, pr\u00e9sident et COO de Nintendo of America depuis 2019<\/strong>, va prendre sa retraite le 31 d\u00e9cembre 2025. L&rsquo;homme, dont le nom pr\u00eatait \u00e0 d&rsquo;infinis clins d&rsquo;\u0153il \u00e0 l&rsquo;univers Mario, quitte ses fonctions apr\u00e8s avoir marqu\u00e9 l&rsquo;histoire r\u00e9cente de la firme japonaise.Un h\u00e9ritage marqu\u00e9 par la Nintendo Switch 2<br \/>\nArriv\u00e9 chez Nintendo en 2015, <strong>Doug Bowser a succ\u00e9d\u00e9 \u00e0 Reggie Fils-Aim\u00e9 en 2019<\/strong>. Sous son mandat, il a supervis\u00e9 le lancement de la <strong>Nintendo Switch 2<\/strong> ainsi que l&rsquo;extension de la marque vers de nouveaux horizons, notamment avec les parcs \u00e0 th\u00e8me Super Nintendo World et les adaptations cin\u00e9matographiques, avec d\u00e9j\u00e0 l&rsquo;annonce d&rsquo;un deuxi\u00e8me film Mario, <a target=\"_blank\" rel=\"noopener noreferrer nofollow\" href=\"https:\/\/gamewave.fr\/super-mario-galaxy-2\/super-mario-galaxy-adapte-sur-grand-ecran-decouvrez-sa-date-de-sortie\/\">en l&rsquo;occurrence Super Mario Galaxy Le Film<\/a>.<\/p>\n<p><img decoding=\"async\" src=\"https:\/\/www.europesays.com\/fr\/wp-content\/uploads\/2025\/09\/bowser-nintendo-890x501.webp.webp\"   width=\"1920\" height=\"1080\" alt=\"bowser-nintendo\" loading=\"lazy\" fetchpriority=\"low\" data-venobox=\"1\" data-full=\"https:\/\/gamewave.fr\/static\/images\/medias\/upload\/Corentin\/Switch%202\/bowser-nintendo.webp\"\/>&#13;<br \/>\n <br \/>Dans un communiqu\u00e9 officiel, Doug Bowser a exprim\u00e9 sa gratitude :&#13;\n<\/p>\n<blockquote><p>L&rsquo;une de mes premi\u00e8res exp\u00e9riences vid\u00e9oludiques a \u00e9t\u00e9 de jouer \u00e0 la version arcade de Donkey Kong. Depuis lors, tout ce qui touche \u00e0 Nintendo continue d&rsquo;\u00eatre une passion pour moi et ma famille. Diriger Nintendo of America a \u00e9t\u00e9 l&rsquo;honneur de ma vie, et je suis fier de ce que notre \u00e9quipe a accompli, tant en termes de r\u00e9sultats commerciaux que d&rsquo;exp\u00e9riences cr\u00e9\u00e9es pour les consommateurs.<\/p><\/blockquote>\n<p>Devon Pritchard prend le relais<br \/>\nLa succession est d\u00e9j\u00e0 act\u00e9e. Devon Pritchard, en poste chez Nintendo depuis 2006, occupe actuellement la fonction de vice-pr\u00e9sidente ex\u00e9cutive en charge des revenus, du marketing et de l&rsquo;exp\u00e9rience consommateur. Elle prendra la pr\u00e9sidence de Nintendo of America au 1er janvier 2026. <br \/> Dans sa d\u00e9claration, elle a tenu \u00e0 saluer le parcours de Doug Bowser :<br \/>En parall\u00e8le, <strong>Nintendo annonce \u00e9galement la nomination de Satoru Shibata au poste de PDG de Nintendo of America<\/strong>, tout en conservant ses responsabilit\u00e9s d&rsquo;executive officer et de membre du conseil d&rsquo;administration de Nintendo Co., Ltd. Shibata avait d\u00e9j\u00e0 marqu\u00e9 l&rsquo;histoire de la firme en dirigeant Nintendo of Europe de 2000 \u00e0 2018. <\/p>\n<p><img decoding=\"async\" src=\"https:\/\/www.europesays.com\/fr\/wp-content\/uploads\/2025\/09\/nintendo-logo-890x501.webp.webp\"   width=\"1280\" height=\"720\" alt=\"nintendo-logo\" loading=\"lazy\" fetchpriority=\"low\" data-venobox=\"1\" data-full=\"https:\/\/gamewave.fr\/static\/images\/medias\/upload\/Corentin\/Switch%202\/nintendo-logo.webp\"\/>&#13;<br \/>\n <br \/>&#13;\n<\/p>\n<p>Un d\u00e9part charg\u00e9 de symboles<br \/>\nSi le clin d&rsquo;\u0153il au nom de Bowser restera grav\u00e9 dans la m\u00e9moire collective, son d\u00e9part marque surtout la fin d&rsquo;une \u00e8re. <strong>Doug Bowser a incarn\u00e9 la stabilit\u00e9 et la transition vers une nouvelle g\u00e9n\u00e9ration de consoles et de projets transmedia<\/strong>. Son successeur aura la lourde t\u00e2che de maintenir ce cap, dans une industrie en pleine mutation. Enfin rassurez-vous, du c\u00f4t\u00e9 du Royaume Champignon, <strong>le vrai Bowser conserve son tr\u00f4ne de roi des Koopas<\/strong>, fid\u00e8le rival de Mario depuis 1985.<\/p>\n","protected":false},"excerpt":{"rendered":"Nintendo of America a annonc\u00e9 le d\u00e9part \u00e0 la retraite de son pr\u00e9sident Doug Bowser. Apr\u00e8s six ans&hellip;\n","protected":false},"author":2,"featured_media":418646,"comment_status":"","ping_status":"","sticky":false,"template":"","format":"standard","meta":{"footnotes":""},"categories":[7],"tags":[1011,27,43,40,41,39,42,44],"class_list":{"0":"post-418645","1":"post","2":"type-post","3":"status-publish","4":"format-standard","5":"has-post-thumbnail","7":"category-sciences-et-technologies","8":"tag-fr","9":"tag-france","10":"tag-science","11":"tag-science-and-technology","12":"tag-sciences","13":"tag-sciences-et-technologies","14":"tag-technologies","15":"tag-technology"},"share_on_mastodon":{"url":"https:\/\/pubeurope.com\/@fr\/115270032589593365","error":""},"_links":{"self":[{"href":"https:\/\/www.europesays.com\/fr\/wp-json\/wp\/v2\/posts\/418645","targetHints":{"allow":["GET"]}}],"collection":[{"href":"https:\/\/www.europesays.com\/fr\/wp-json\/wp\/v2\/posts"}],"about":[{"href":"https:\/\/www.europesays.com\/fr\/wp-json\/wp\/v2\/types\/post"}],"author":[{"embeddable":true,"href":"https:\/\/www.europesays.com\/fr\/wp-json\/wp\/v2\/users\/2"}],"replies":[{"embeddable":true,"href":"https:\/\/www.europesays.com\/fr\/wp-json\/wp\/v2\/comments?post=418645"}],"version-history":[{"count":0,"href":"https:\/\/www.europesays.com\/fr\/wp-json\/wp\/v2\/posts\/418645\/revisions"}],"wp:featuredmedia":[{"embeddable":true,"href":"https:\/\/www.europesays.com\/fr\/wp-json\/wp\/v2\/media\/418646"}],"wp:attachment":[{"href":"https:\/\/www.europesays.com\/fr\/wp-json\/wp\/v2\/media?parent=418645"}],"wp:term":[{"taxonomy":"category","embeddable":true,"href":"https:\/\/www.europesays.com\/fr\/wp-json\/wp\/v2\/categories?post=418645"},{"taxonomy":"post_tag","embeddable":true,"href":"https:\/\/www.europesays.com\/fr\/wp-json\/wp\/v2\/tags?post=418645"}],"curies":[{"name":"wp","href":"https:\/\/api.w.org\/{rel}","templated":true}]}}