{"id":418661,"date":"2025-09-26T10:12:25","date_gmt":"2025-09-26T10:12:25","guid":{"rendered":"https:\/\/www.europesays.com\/fr\/418661\/"},"modified":"2025-09-26T10:12:25","modified_gmt":"2025-09-26T10:12:25","slug":"vote-betclic-elite-asvel-sluc-nancy-quel-est-votre-pronostic","status":"publish","type":"post","link":"https:\/\/www.europesays.com\/fr\/418661\/","title":{"rendered":"Vote. Betclic Elite. Asvel &#8211; SLUC Nancy \u00a0: quel est votre pronostic \u00a0?"},"content":{"rendered":"<p>Ce dimanche, \u00e0 l&rsquo;Astroballe, le SLUC Nancy entame son championnat face \u00e0 l&rsquo;Asvel de Bastien Vautier notamment. Apr\u00e8s une \u00ab\u00a0pr\u00e9pa\u00a0\u00bb mitig\u00e9e et certainement un effectif incertain, les Nanc\u00e9iens de Sylvain Lauti\u00e9 ont-ils une chance de s&rsquo;imposer \u00e0 Villeurbanne ou vont-ils prendre l&rsquo;eau d&rsquo;entr\u00e9e\u00a0?<\/p>\n<p>&#13;<br \/>\n              L&rsquo;Est R\u00e9publicain  &#8211; &#13;<br \/>\n        &#13;<br \/>\n          Aujourd&rsquo;hui \u00e0 06:00&#13;<br \/>\n    &#13;<br \/>\n                  | mis \u00e0 jour aujourd&rsquo;hui \u00e0 09:14&#13;<br \/>\n              &#8211; Temps de lecture : &#13;<br \/>\n  &#13;<\/p>\n","protected":false},"excerpt":{"rendered":"Ce dimanche, \u00e0 l&rsquo;Astroballe, le SLUC Nancy entame son championnat face \u00e0 l&rsquo;Asvel de Bastien Vautier notamment. Apr\u00e8s&hellip;\n","protected":false},"author":2,"featured_media":418662,"comment_status":"","ping_status":"","sticky":false,"template":"","format":"standard","meta":{"footnotes":""},"categories":[9635],"tags":[1111,11,1791,1707,1704,1705,1777,674,107,1701,1011,27,775,1702,12,25,11567,517,1700,5995,10606],"class_list":{"0":"post-418661","1":"post","2":"type-post","3":"status-publish","4":"format-standard","5":"has-post-thumbnail","7":"category-nancy","8":"tag-actu","9":"tag-actualites","10":"tag-basket-ball","11":"tag-edition-luneville","12":"tag-edition-nancy-et-agglomeration","13":"tag-edition-toul","14":"tag-eu","15":"tag-europe","16":"tag-fil-info","17":"tag-fil-info-sport","18":"tag-fr","19":"tag-france","20":"tag-grand-est","21":"tag-nancy","22":"tag-news","23":"tag-republique-francaise","24":"tag-sluc","25":"tag-sport","26":"tag-sport-lorrain","27":"tag-vote","28":"tag-vote-sport-lorrain"},"share_on_mastodon":{"url":"https:\/\/pubeurope.com\/@fr\/115270067439481756","error":""},"_links":{"self":[{"href":"https:\/\/www.europesays.com\/fr\/wp-json\/wp\/v2\/posts\/418661","targetHints":{"allow":["GET"]}}],"collection":[{"href":"https:\/\/www.europesays.com\/fr\/wp-json\/wp\/v2\/posts"}],"about":[{"href":"https:\/\/www.europesays.com\/fr\/wp-json\/wp\/v2\/types\/post"}],"author":[{"embeddable":true,"href":"https:\/\/www.europesays.com\/fr\/wp-json\/wp\/v2\/users\/2"}],"replies":[{"embeddable":true,"href":"https:\/\/www.europesays.com\/fr\/wp-json\/wp\/v2\/comments?post=418661"}],"version-history":[{"count":0,"href":"https:\/\/www.europesays.com\/fr\/wp-json\/wp\/v2\/posts\/418661\/revisions"}],"wp:featuredmedia":[{"embeddable":true,"href":"https:\/\/www.europesays.com\/fr\/wp-json\/wp\/v2\/media\/418662"}],"wp:attachment":[{"href":"https:\/\/www.europesays.com\/fr\/wp-json\/wp\/v2\/media?parent=418661"}],"wp:term":[{"taxonomy":"category","embeddable":true,"href":"https:\/\/www.europesays.com\/fr\/wp-json\/wp\/v2\/categories?post=418661"},{"taxonomy":"post_tag","embeddable":true,"href":"https:\/\/www.europesays.com\/fr\/wp-json\/wp\/v2\/tags?post=418661"}],"curies":[{"name":"wp","href":"https:\/\/api.w.org\/{rel}","templated":true}]}}