{"id":418671,"date":"2025-09-26T10:17:13","date_gmt":"2025-09-26T10:17:13","guid":{"rendered":"https:\/\/www.europesays.com\/fr\/418671\/"},"modified":"2025-09-26T10:17:13","modified_gmt":"2025-09-26T10:17:13","slug":"rouen-veut-devenir-le-premier-territoire-dentreprises-a-mission","status":"publish","type":"post","link":"https:\/\/www.europesays.com\/fr\/418671\/","title":{"rendered":"Rouen veut devenir le premier territoire d\u2019entreprises \u00e0 mission"},"content":{"rendered":"<p>La M\u00e9tropole Rouen Normandie et la Communaut\u00e9 des entreprises \u00e0 mission (Cem) ont officialis\u00e9, jeudi 25 septembre, leur partenariat au salon Empreinte Expo. Objectif : faire de Rouen le tout premier \u00abterritoire d\u2019entreprises \u00e0 mission\u00bb de France. Cette initiative sera prochainement soumise au conseil m\u00e9tropolitain pour d\u00e9lib\u00e9ration.<\/p>\n<p>Acc\u00e9l\u00e9rer la transition \u00e9conomique et \u00e9cologique<\/p>\n<p>Ce partenariat pr\u00e9voit d\u2019accompagner les soci\u00e9t\u00e9s locales vers le statut d\u2019entreprise \u00e0 mission, d\u2019en promouvoir la visibilit\u00e9 et d\u2019en mesurer les retomb\u00e9es \u00e9conomiques et sociales. La M\u00e9tropole vise 50 entreprises \u00e0 mission ou en transition d\u2019ici fin 2027.<\/p>\n<p>Pour Nicolas Mayer-Rossignol, maire de Rouen et pr\u00e9sident de la M\u00e9tropole, \u00abce partenariat illustre l\u2019engagement fort de la M\u00e9tropole Rouen Normandie vers une transition \u00e9conomique et va permettre de cr\u00e9er un \u00e9cosyst\u00e8me stimulant pour les entreprises. Nous sommes fiers de jouer un r\u00f4le pionnier dans l\u2019adoption du mod\u00e8le d\u2019entreprises \u00e0 mission.\u00bb<\/p>\n<p>Un statut en plein essor<\/p>\n<p>Introduite par la loi Pacte de 2019, la qualit\u00e9 de soci\u00e9t\u00e9 \u00e0 mission permet aux entreprises d\u2019int\u00e9grer dans leurs statuts une raison d\u2019\u00eatre assortie d\u2019objectifs sociaux et environnementaux. Elle impose aussi une gouvernance d\u00e9di\u00e9e et un contr\u00f4le par un organisme ind\u00e9pendant.<\/p>\n<p>En France, plus de 2 100 entreprises \u00e0 mission sont recens\u00e9es, repr\u00e9sentant plus d\u2019un million de salari\u00e9s. La Normandie affiche une forte dynamique, avec 36 soci\u00e9t\u00e9s \u00e0 mission en 2024, soit une progression de 50 % en un an.<\/p>\n<p>Pour Val\u00e9rie Brisac, directrice g\u00e9n\u00e9rale de la Cem :\u00a0\u00abJ\u2019esp\u00e8re que cette initiative fera \u00e9cole, en inspirant d\u2019autres m\u00e9tropoles, villes ou collectivit\u00e9s \u00e0 suivre cette voie. La Communaut\u00e9 des entreprises \u00e0 mission apportera pour cela sa force singuli\u00e8re : une expertise reconnue, un \u00e9ventail de preuves solides et un r\u00e9seau qui couvre toute la France.\u00bb<\/p>\n<p>La d\u00e9marche s\u2019inscrit dans la continuit\u00e9 de Sam\u2019Cause, premier rassemblement normand des soci\u00e9t\u00e9s \u00e0 mission organis\u00e9 en 2024.<\/p>\n","protected":false},"excerpt":{"rendered":"La M\u00e9tropole Rouen Normandie et la Communaut\u00e9 des entreprises \u00e0 mission (Cem) ont officialis\u00e9, jeudi 25 septembre, leur&hellip;\n","protected":false},"author":2,"featured_media":418672,"comment_status":"","ping_status":"","sticky":false,"template":"","format":"standard","meta":{"footnotes":""},"categories":[9587],"tags":[1111,11,1777,674,1011,27,12,5161,25,9590],"class_list":{"0":"post-418671","1":"post","2":"type-post","3":"status-publish","4":"format-standard","5":"has-post-thumbnail","7":"category-rouen","8":"tag-actu","9":"tag-actualites","10":"tag-eu","11":"tag-europe","12":"tag-fr","13":"tag-france","14":"tag-news","15":"tag-normandie","16":"tag-republique-francaise","17":"tag-rouen"},"share_on_mastodon":{"url":"https:\/\/pubeurope.com\/@fr\/115270087163762529","error":""},"_links":{"self":[{"href":"https:\/\/www.europesays.com\/fr\/wp-json\/wp\/v2\/posts\/418671","targetHints":{"allow":["GET"]}}],"collection":[{"href":"https:\/\/www.europesays.com\/fr\/wp-json\/wp\/v2\/posts"}],"about":[{"href":"https:\/\/www.europesays.com\/fr\/wp-json\/wp\/v2\/types\/post"}],"author":[{"embeddable":true,"href":"https:\/\/www.europesays.com\/fr\/wp-json\/wp\/v2\/users\/2"}],"replies":[{"embeddable":true,"href":"https:\/\/www.europesays.com\/fr\/wp-json\/wp\/v2\/comments?post=418671"}],"version-history":[{"count":0,"href":"https:\/\/www.europesays.com\/fr\/wp-json\/wp\/v2\/posts\/418671\/revisions"}],"wp:featuredmedia":[{"embeddable":true,"href":"https:\/\/www.europesays.com\/fr\/wp-json\/wp\/v2\/media\/418672"}],"wp:attachment":[{"href":"https:\/\/www.europesays.com\/fr\/wp-json\/wp\/v2\/media?parent=418671"}],"wp:term":[{"taxonomy":"category","embeddable":true,"href":"https:\/\/www.europesays.com\/fr\/wp-json\/wp\/v2\/categories?post=418671"},{"taxonomy":"post_tag","embeddable":true,"href":"https:\/\/www.europesays.com\/fr\/wp-json\/wp\/v2\/tags?post=418671"}],"curies":[{"name":"wp","href":"https:\/\/api.w.org\/{rel}","templated":true}]}}