{"id":418675,"date":"2025-09-26T10:19:10","date_gmt":"2025-09-26T10:19:10","guid":{"rendered":"https:\/\/www.europesays.com\/fr\/418675\/"},"modified":"2025-09-26T10:19:10","modified_gmt":"2025-09-26T10:19:10","slug":"ou-sont-les-rassemblements-pres-de-chez-vous","status":"publish","type":"post","link":"https:\/\/www.europesays.com\/fr\/418675\/","title":{"rendered":"o\u00f9 sont les rassemblements pr\u00e8s de chez vous\u00a0?"},"content":{"rendered":"<p>\u00ab\u00a0Climat, justice, libert\u00e9s\u00a0\u00bb. Les pr\u00e9occupations sont claires\u00a0pour douze associations de d\u00e9fense de l&rsquo;environnement, parmi lesquelles\u00a0Les Amis de la Terre, Attac ou\u00a0Greenpeace. Dimanche 28 septembre, ces associations organisent des <a href=\"https:\/\/www.ledauphine.com\/environnement\/2025\/09\/24\/une-marche-des-resistances-va-etre-organisee-ce-dimanche\" target=\"_blank\" rel=\"noopener\">\u00ab\u00a0Marches des r\u00e9sistances\u00a0\u00bb<\/a> pour d\u00e9fendre ces revendications.<\/p>\n<p>  64 mobilisations partout en France<\/p>\n<p>Des rendez-vous auxquels ont r\u00e9pondu pr\u00e8s de 300 structures locales partageant les m\u00eames objectifs. \u00c0 savoir, entre autres, \u00ab\u00a0remettre la justice climatique et sociale au c\u0153ur de l\u2019agenda politique, de d\u00e9noncer les responsables des r\u00e9gressions actuelles, et de donner \u00e0 voir d\u2019autres choix politiques possibles\u00a0\u00bb, \u00e9num\u00e8rent les organisateurs. Au total, 64 rassemblements sont r\u00e9pertori\u00e9s sur tout le territoire. Cinq d&rsquo;entre eux le sont dans nos d\u00e9partements.\u00a0<\/p>\n<p>Les mobilisations dans la r\u00e9gion sont pr\u00e9vues \u00e0\u00a010 h \u00e0 Sarras (Ard\u00e8che), \u00e0 11 h 30 \u00e0 Porte-de-Savoie (avec un <a href=\"https:\/\/www.ledauphine.com\/environnement\/2025\/09\/22\/une-marche-pour-le-climat-la-justice-et-les-libertes-dimanche\" target=\"_blank\" rel=\"noopener\">premier d\u00e9part depuis Chamb\u00e9ry<\/a> \u00e0 10 h), \u00e0 12 h \u00e0 Vienne, \u00e0 <a href=\"https:\/\/www.ledauphine.com\/environnement\/2025\/09\/23\/une-marche-de-la-resistance-ce-dimanche-28-septembre-a-montelimar\" target=\"_blank\" rel=\"noopener\">14 h \u00e0 Mont\u00e9limar<\/a>, et \u00e0 14 h 30 \u00e0 Grenoble.<\/p>\n<p>Ces actions se d\u00e9roulent le dernier jour d&rsquo;un vaste mouvement international qui dure depuis le 15 septembre, Draw The Line. Une initiative \u00e0 l&rsquo;origine\u00a0de \u00ab\u00a0leaders autochtones d&rsquo;Am\u00e9rique latine et du Pacifique\u00a0\u00bb et qui r\u00e9unit \u00ab\u00a0des dizaines de milliers de personnes \u00e0 travers 600 actions dans pr\u00e8s de 100 pays\u00a0\u00bb. Leurs demandes\u00a0? \u00ab\u00a0Une r\u00e9elle justice climatique, une transition juste hors des \u00e9nergies fossiles, la fin des in\u00e9galit\u00e9s, la fin des g\u00e9nocides et une transformation en profondeur de notre syst\u00e8me \u00e9conomique\u00a0\u00bb.<\/p>\n","protected":false},"excerpt":{"rendered":"\u00ab\u00a0Climat, justice, libert\u00e9s\u00a0\u00bb. Les pr\u00e9occupations sont claires\u00a0pour douze associations de d\u00e9fense de l&rsquo;environnement, parmi lesquelles\u00a0Les Amis de la&hellip;\n","protected":false},"author":2,"featured_media":418676,"comment_status":"","ping_status":"","sticky":false,"template":"","format":"standard","meta":{"footnotes":""},"categories":[9566],"tags":[1111,11,4646,2430,5509,2730,3827,7001,112,6436,111,436,1777,674,107,1011,27,329,2731,108,6434,12,20624,25,54831,5508,801,1584],"class_list":{"0":"post-418675","1":"post","2":"type-post","3":"status-publish","4":"format-standard","5":"has-post-thumbnail","7":"category-grenoble","8":"tag-actu","9":"tag-actualites","10":"tag-ardeche","11":"tag-auvergne-rhone-alpes","12":"tag-chambery","13":"tag-drome","14":"tag-edition-annonay-nord-ardeche","15":"tag-edition-chambery-aix-les-bains","16":"tag-edition-grenoble-agglomeration","17":"tag-edition-montelimar-drome-provencale","18":"tag-edition-vienne-roussillon","19":"tag-environnement","20":"tag-eu","21":"tag-europe","22":"tag-fil-info","23":"tag-fr","24":"tag-france","25":"tag-france-monde","26":"tag-grenoble","27":"tag-isere","28":"tag-montelimar","29":"tag-news","30":"tag-porte-de-savoie","31":"tag-republique-francaise","32":"tag-sarras","33":"tag-savoie","34":"tag-social","35":"tag-vienne"},"share_on_mastodon":{"url":"https:\/\/pubeurope.com\/@fr\/115270095202081466","error":""},"_links":{"self":[{"href":"https:\/\/www.europesays.com\/fr\/wp-json\/wp\/v2\/posts\/418675","targetHints":{"allow":["GET"]}}],"collection":[{"href":"https:\/\/www.europesays.com\/fr\/wp-json\/wp\/v2\/posts"}],"about":[{"href":"https:\/\/www.europesays.com\/fr\/wp-json\/wp\/v2\/types\/post"}],"author":[{"embeddable":true,"href":"https:\/\/www.europesays.com\/fr\/wp-json\/wp\/v2\/users\/2"}],"replies":[{"embeddable":true,"href":"https:\/\/www.europesays.com\/fr\/wp-json\/wp\/v2\/comments?post=418675"}],"version-history":[{"count":0,"href":"https:\/\/www.europesays.com\/fr\/wp-json\/wp\/v2\/posts\/418675\/revisions"}],"wp:featuredmedia":[{"embeddable":true,"href":"https:\/\/www.europesays.com\/fr\/wp-json\/wp\/v2\/media\/418676"}],"wp:attachment":[{"href":"https:\/\/www.europesays.com\/fr\/wp-json\/wp\/v2\/media?parent=418675"}],"wp:term":[{"taxonomy":"category","embeddable":true,"href":"https:\/\/www.europesays.com\/fr\/wp-json\/wp\/v2\/categories?post=418675"},{"taxonomy":"post_tag","embeddable":true,"href":"https:\/\/www.europesays.com\/fr\/wp-json\/wp\/v2\/tags?post=418675"}],"curies":[{"name":"wp","href":"https:\/\/api.w.org\/{rel}","templated":true}]}}