{"id":418687,"date":"2025-09-26T10:26:16","date_gmt":"2025-09-26T10:26:16","guid":{"rendered":"https:\/\/www.europesays.com\/fr\/418687\/"},"modified":"2025-09-26T10:26:16","modified_gmt":"2025-09-26T10:26:16","slug":"en-octobre-2025-fetes-manifestations-et-salons-a-ne-pas-manquer-sur-la-cote-dazur-et-monaco","status":"publish","type":"post","link":"https:\/\/www.europesays.com\/fr\/418687\/","title":{"rendered":"En Octobre 2025, F\u00eates, Manifestations et Salons \u00e0 ne pas manquer sur la C\u00f4te d\u2019Azur et Monaco"},"content":{"rendered":"<p>Apr\u00e8s la Saint Matthieu (21 septembre), on peut dire adieu \u00e0 l\u2019\u00e9t\u00e9. Les premi\u00e8res neiges sont tomb\u00e9es sur Isola et Valberg. Le mercure a fait une chute. Il est l\u2019heure de sortir sa garde-robe d\u2019hiver !<\/p>\n<p><strong>F\u00caTES &amp; COMM\u00c9MORATIONS<\/strong><br \/>Octobre Rose, sensibilisation au d\u00e9pistage du cancer du sein<br \/>F\u00eate des grands-p\u00e8res dimanche 5 octobre 2025<br \/>Halloween vendredi 31 octobre 2025<\/p>\n<p><strong>MANIFESTATIONS CULTURELLES<\/strong><br \/>Le Festival Cin\u00e9roman Nice du 29 septembre au 4 octobre 2025- Path\u00e9 Cin\u00e9ma Gare du Sud<br \/><a href=\"https:\/\/festival-cineroman.com\/\" target=\"_blank\" rel=\"noopener\">https:\/\/festival-cineroman.com\/<\/a><br \/>Le festival Sc\u00e8nes d&rsquo;Automne du 1er au 18 octobre 2025 &#8211; Th\u00e9\u00e2tres de Nice, Saint-Laurent du Var, Le Broc et Saint Jean-Cap-Ferrat<br \/><a href=\"https:\/\/theatres.nice.fr\/festival-scenes-dautomne-all\" target=\"_blank\" rel=\"noopener\">https:\/\/theatres.nice.fr\/festival-scenes-dautomne-all<\/a><br \/>Le Festival du Livre de Mouans-Sartoux du 3 au 5 octobre 2025<br \/><a href=\"https:\/\/www.lefestivaldulivre.fr\/\" target=\"_blank\" rel=\"noopener\">https:\/\/www.lefestivaldulivre.fr\/<\/a><br \/>Gondwana, la F\u00eate des Plantes m\u00e9diterran\u00e9ennes Samedi 4 et dimanche 5 octobre 2025 Domaine du Rayol -Le Rayol-Canadel<br \/><a href=\"https:\/\/www.domainedurayol.org\/evenement\/gondwana-9\/\" target=\"_blank\" rel=\"noopener\">https:\/\/www.domainedurayol.org\/evenement\/gondwana-9\/<\/a><br \/>La F\u00eate de la Science dans les Alpes-Maritimes Du 3 au 13 octobre 2025<br \/><a href=\"https:\/\/univ-cotedazur.fr\/fete-de-la-science-dans-les-alpes-maritimes\" target=\"_blank\" rel=\"noopener\">https:\/\/univ-cotedazur.fr\/fete-de-la-science-dans-les-alpes-maritimes<\/a><br \/>Un festival c\u2019est trop court du 3 au 10 octobre 2025 &#8211; Nice<br \/><a href=\"https:\/\/www.nicefilmfestival.com\/ufctc\/\" target=\"_blank\" rel=\"noopener\">https:\/\/www.nicefilmfestival.com\/ufctc\/<\/a><br \/>Les Nuits de la Danse vendredi 10 et samedi 11 octobre 2025 &#8211; H\u00f4tel du Couvent, Nice<br \/>Cin\u00e9alma du vendredi 10 au dimanche 19 octobre 2025 &#8211; Carros<br \/><a href=\"https:\/\/cinealma.fr\/\" target=\"_blank\" rel=\"noopener\">https:\/\/cinealma.fr\/<\/a><br \/>Le Salon du Polar samedi 11 et dimanche 12 octobre 2025 &#8211; Saint-Laurent-du-Var<br \/><a href=\"https:\/\/saintlaurentduvar.fr\/agenda-evenement\/festival-du-polar-2025\/\" target=\"_blank\" rel=\"noopener\">https:\/\/saintlaurentduvar.fr\/agenda-evenement\/festival-du-polar-2025\/<\/a><br \/>Le Salon du Livre d\u2019Histoire du 17 au 19 octobre 2025 &#8211; P\u00f4le culturel Auguste Escoffier Villeneuve-Loubet <br \/><a href=\"https:\/\/www.villeneuveloubet.fr\/post\/salon-du-livre-d-histoire-2025-du-17-au-19-octobre\" target=\"_blank\" rel=\"noopener\">https:\/\/www.villeneuveloubet.fr\/post\/salon-du-livre-d-histoire-2025-du-17-au-19-octobre<\/a><br \/>Monument Jeu d\u2019enfant du 18 et 19 octobre 2025<br \/><a href=\"https:\/\/www.monuments-nationaux.fr\/agenda\/monument-jeu-d-enfant-2025\" target=\"_blank\" rel=\"noopener\">https:\/\/www.monuments-nationaux.fr\/agenda\/monument-jeu-d-enfant-2025<\/a> <br \/>Le Festival Coul&rsquo;Heures d&rsquo;Automne du 18 Octobre au 1er Novembre 2025 &#8211; Antibes Juan-les-Pins<br \/><a href=\"https:\/\/www.coulheures.fr\/\" target=\"_blank\" rel=\"noopener\">https:\/\/www.coulheures.fr\/<\/a><br \/>Le Festival Du Film Panafricain du 22 au 26 octobre 2025 &#8211; Espace Miramar Cannes<br \/><a href=\"https:\/\/fifp.fr\/\" target=\"_blank\" rel=\"noopener\">https:\/\/fifp.fr\/<\/a><br \/>Jammin\u2019Juan du mercredi 29 au vendredi 31 octobre 2025 <br \/><a href=\"https:\/\/jammin.jazzajuan.com\/programme-jammin-juan-2025\/\" target=\"_blank\" rel=\"noopener\">https:\/\/jammin.jazzajuan.com\/programme-jammin-juan-2025\/<\/a><\/p>\n<p><strong>MANIFESTATIONS GASTRONOMIQUES<\/strong><br \/>L&rsquo;Automne \u00e0 Th\u00e9oule du 1er au 02 novembre 2025<br \/><a href=\"https:\/\/www.theoule-sur-mer.org\/fete-et-manifestation\/14eme-automne-a-theoule\/\" target=\"_blank\" rel=\"noopener\">https:\/\/www.theoule-sur-mer.org\/fete-et-manifestation\/14eme-automne-a-theoule\/<\/a><br \/>La Foire d\u2019Automne de Saint-Martin-V\u00e9subie Annul\u00e9e en raison des travaux<br \/>La F\u00eate du Miel des Arcs-sur-Argens samedi 4 et dimanche 5 octobre 2025<br \/><a href=\"https:\/\/www.mairie-les-arcs-sur-argens.fr\/fete-du-miel-2025\/\" target=\"_blank\" rel=\"noopener\">https:\/\/www.mairie-les-arcs-sur-argens.fr\/fete-du-miel-2025\/<\/a><br \/>La Semaine du Go\u00fbt du 13 au 19 octobre 2025<br \/><a href=\"https:\/\/www.legout.com\/\" target=\"_blank\" rel=\"noopener\">https:\/\/www.legout.com\/<\/a><br \/>Vignobles en sc\u00e8ne du 17 au 19 Octobre 2025<br \/><a href=\"https:\/\/tourisme.dracenie.com\/vignobles-en-scene-en-dracenie-provence-verdon\/\" target=\"_blank\" rel=\"noopener\">https:\/\/tourisme.dracenie.com\/vignobles-en-scene-en-dracenie-provence-verdon\/<\/a><br \/>La F\u00eate de la Brebis Brigasque dimanche 19 octobre 2025 &#8211; La Brigue<br \/><a href=\"https:\/\/www.menton-riviera-merveilles.fr\/sorganiser\/agenda\/grands-evenements\/la-fete-de-la-brebis-brigasque\/\" target=\"_blank\" rel=\"noopener\">https:\/\/www.menton-riviera-merveilles.fr\/sorganiser\/agenda\/grands-evenements\/la-fete-de-la-brebis-brigasque\/<\/a><\/p>\n<p><strong>MANIFESTATIONS SPORTIVES<\/strong><br \/>Antibes Acrobatics Du 3 au 5 octobre 2025 &#8211; Azurarena \u2013 Antibes<br \/><a href=\"https:\/\/www.antibes-juanlespins.com\/information\/agenda\/antibes-acrobatics-2025\" target=\"_blank\" rel=\"noopener\">https:\/\/www.antibes-juanlespins.com\/information\/agenda\/antibes-acrobatics-2025<\/a><br \/>Spartan Esterel 4 et 5 octobre 2025 &#8211; Saint-Rapha\u00ebl <br \/><a href=\"https:\/\/fr.spartan.com\/fr\/races\/saintraphael\" target=\"_blank\" rel=\"noopener\">https:\/\/fr.spartan.com\/fr\/races\/saintraphael<\/a> <br \/>Faites de l&rsquo;Escalade vendredi 10 et samedi 11 octobre 2025 &#8211; partout en France<br \/><a href=\"https:\/\/www.faitesdelescalade.fr\/\" target=\"_blank\" rel=\"noopener\">https:\/\/www.faitesdelescalade.fr\/<\/a><br \/>Europetanque-departement06 du 17 au 19 octobre 2025 &#8211; Hippdrome de la C\u00f4te d\u2019Azur &#8211; Cagnes-sur-mer<br \/><a href=\"https:\/\/europetanque-departement06.fr\/\" target=\"_blank\" rel=\"noopener\">https:\/\/europetanque-departement06.fr\/<\/a><br \/>Le Triatlhon des Roses Dimanche 19 octobre 2025 \u00e0 Antibes<br \/><a href=\"https:\/\/antibes.triathlondesroses.fr\/\" target=\"_blank\" rel=\"noopener\">https:\/\/antibes.triathlondesroses.fr\/<\/a><br \/>SwimRun C\u00f4te d&rsquo;Azur Dimanche 19 octobre 2025 Beaulieu-sur-mer<br \/><a href=\"https:\/\/swimruncotedazur.com\/\" target=\"_blank\" rel=\"noopener\">https:\/\/swimruncotedazur.com\/<\/a><\/p>\n<p><strong>SALONS<\/strong><br \/>LuxePack Monaco du 29 septembre au 1er octobre 2025 &#8211; Grimaldi Forum Monaco<br \/><a href=\"https:\/\/www.luxepackmonaco.com\/\" target=\"_blank\" rel=\"noopener\">https:\/\/www.luxepackmonaco.com\/<\/a><br \/>EVER Monaco les 15 et 16 octobre 2025 &#8211; One Monte-Carlo<br \/><a href=\"https:\/\/ever-monaco.com\/\" target=\"_blank\" rel=\"noopener\">https:\/\/ever-monaco.com\/<\/a><br \/>Th\u00e9oule, Arts et Vin du samedi 18 au dimanche19 octobre 2025 <br \/><a href=\"https:\/\/www.theoule-sur-mer.org\/fete-et-manifestation\/22emetheoule-arts-vin\/\" target=\"_blank\" rel=\"noopener\">https:\/\/www.theoule-sur-mer.org\/fete-et-manifestation\/22emetheoule-arts-vin\/<\/a><\/p>\n<p><strong>JOURN\u00c9ES NATIONALES &amp; INTERNATIONALES<\/strong><br \/>1er novembre : Journ\u00e9e Mondiale V\u00e9gane<br \/>2 novembre : Journ\u00e9e internationale de la fin de l\u2019impunit\u00e9 pour les crimes commis contre des journalistes<br \/>3 novembre : Journ\u00e9e Mondiale de la gentillesse<br \/>4 novembre : Journ\u00e9e du bon sens<br \/>5 novembre : Journ\u00e9e annuelle des parents au bureau<br \/>5 novembre : Journ\u00e9e mondiale de la langue Romani<br \/>5 novembre : Journ\u00e9e mondiale de sensibilisation aux tsunamis<br \/>6 novembre : Mois de l&rsquo;\u00e9conomie sociale et solidaire<br \/>6 novembre : Journ\u00e9e Mondiale sans papier<br \/>6 novembre : Journ\u00e9e Internationale pour la pr\u00e9servation de l&rsquo;environnement en temps de guerre<br \/>7 novembre : Journ\u00e9e Internationale de l&rsquo;\u00e9crivain africain<br \/>8 novembre : Journ\u00e9e internationale de la radiologie<br \/>10 novembre : Journ\u00e9e mondiale du k\u00e9ratoc\u00f4ne<br \/>10 novembre : Journ\u00e9e mondiale de l&rsquo;utilisabilit\u00e9<br \/>10 novembre : Journ\u00e9e internationale des stagiaires<br \/>10 novembre : Journ\u00e9e mondiale de sensibilisation aux tumeurs neuro-endocrines<br \/>10 novembre : Journ\u00e9e nationale de lutte contre le harc\u00e8lement scolaire<br \/>10 novembre : Journ\u00e9e Mondiale de la science au service de la paix et du d\u00e9veloppement<br \/>11 novembre : Journ\u00e9e mondiale de la qualit\u00e9<br \/>11 novembre : Journ\u00e9e internationale des c\u00e9libataires<br \/>12 novembre : Journ\u00e9e mondiale de la vasectomie<br \/>12 novembre : Journ\u00e9e Mondiale de la pneumonie<br \/>13 novembre : Journ\u00e9e mondiale des pauvres<br \/>14 novembre : Journ\u00e9e mondiale du diab\u00e8te<br \/>14 novembre : Semaine mondiale de l&rsquo;entrepreneur<br \/>15 novembre : Journ\u00e9e mondiale des \u00e9crivains en prison<br \/>16 novembre : Journ\u00e9e internationale des GIS (syst\u00e8mes d&rsquo;information g\u00e9ographiques)<br \/>16 novembre : Journ\u00e9e mondiale de la chocolatine<br \/>16 novembre : Journ\u00e9e Internationale de la tol\u00e9rance<br \/>17 novembre : Journ\u00e9e Mondiale de la Pr\u00e9maturit\u00e9<br \/>17 novembre : Journ\u00e9e de la Philosophie \u00e0 l&rsquo;UNESCO<br \/>18 novembre : Journ\u00e9e europ\u00e9enne d&rsquo;information sur les antibiotiques<br \/>18 novembre : Journ\u00e9e mondiale du jeu vid\u00e9o<br \/>19 novembre : Journ\u00e9e nationale des assistantes maternelles<br \/>19 novembre : Journ\u00e9e Mondiale des toilettes<br \/>19 novembre : Journ\u00e9e internationale de l&rsquo;homme<br \/>19 novembre : Journ\u00e9e mondiale pour la pr\u00e9vention des abus envers les enfants<br \/>20 novembre : Journ\u00e9e internationale du souvenir trans<br \/>20 novembre : Journ\u00e9e Mondiale pour l&rsquo;industrialisation de l&rsquo;Afrique<br \/>20 novembre : Journ\u00e9e mondiale du souvenir des victimes des accidents de la route<br \/>20 novembre : Journ\u00e9e Internationale des droits de l&rsquo;enfant<br \/>20 novembre : Journ\u00e9e nationale contre l&rsquo;herp\u00e9s<br \/>21 novembre : Journ\u00e9e mondiale contre les Broncho-Pneumopathies Chroniques Obstructives<br \/>21 novembre : Journ\u00e9e Mondiale des pecheurs artisans et des travailleurs de la mer<br \/>21 novembre : Journ\u00e9e Mondiale de la T\u00e9l\u00e9vision<br \/>22 novembre : Semaine europ\u00e9enne de r\u00e9duction des d\u00e9chets<br \/>23 novembre : C&rsquo;est la journ\u00e9e de la chicor\u00e9e<br \/>24 novembre : Journ\u00e9e internationale de la Bible<br \/>24 novembre : Journ\u00e9e internationale des professeurs de fran\u00e7ais<br \/>25 novembre : Journ\u00e9e Internationale pour l&rsquo;\u00e9limination de la violence \u00e0 l&rsquo;\u00e9gard des femmes<br \/>25 novembre : Journ\u00e9e mondiale anti foie gras<br \/>26 novembre : Journ\u00e9e Mondiale Sans Achats<br \/>26 novembre : Journ\u00e9e internationale des aides-soignants<br \/>26 novembre : Journ\u00e9e mondiale de l&rsquo;olivier<br \/>27 novembre : c&rsquo;est le jour du chou-fleur !<br \/>28 novembre : journ\u00e9e nationale de la Sant\u00e9 \u00e0 Domicile<br \/>29 novembre : Journ\u00e9e mondiale de la g\u00e9n\u00e9rosit\u00e9<br \/>29 novembre : Journ\u00e9e Internationale de solidarit\u00e9 avec le peuple palestinien<br \/>30 novembre : Journ\u00e9e mondiale des Villes pour la Vie<\/p>\n<p><strong>L\u00e9gende de la photo du haut<\/strong> : les premi\u00e8res neiges tomb\u00e9es sur Isola.<\/p>\n<p>Copyright \u00a92025 NRV Nice Rendezvous. Tous droits r\u00e9serv\u00e9s. <br \/>@ actualites_nrv #Nice06<br \/><a href=\"https:\/\/www.instagram.com\/nice_rendezvous\/\" target=\"_blank\" rel=\"noopener\">https:\/\/www.instagram.com\/nice_rendezvous\/<\/a><br \/><a href=\"https:\/\/www.threads.com\/\" target=\"_blank\" rel=\"noopener\">https:\/\/www.threads.com\/<\/a>@nice_rendezvous<br \/><a href=\"https:\/\/bsky.app\/profile\/nicerendezvous.bsky.social\" target=\"_blank\" rel=\"noopener\">https:\/\/bsky.app\/profile\/nicerendezvous.bsky.social<\/a><\/p>\n<p><img loading=\"lazy\" decoding=\"async\" style=\"margin-right: 20px; margin-bottom: 2px; float: left;\" alt=\"logo-nicerendezvous\" src=\"https:\/\/www.europesays.com\/fr\/wp-content\/uploads\/2025\/04\/logo-nrdv.jpg\" height=\"40\" width=\"40\"\/>Toutes les actualit\u00e9s les plus r\u00e9centes de <strong>NRV<\/strong>, <strong>NiceRendezVous<\/strong>, le site de rencontre avec les \u00e9v\u00e9nements, la culture et l&rsquo;histoire de <strong>Nice, de la C\u00f4te d&rsquo;Azur et de la Principaut\u00e9 de Monaco<\/strong>, sont pr\u00e9sent\u00e9es<a target=\"_blank\" title=\"Les actus r\u00e9centes de Nice-RendezVous sur Google actualit\u00e9s\" href=\"http:\/\/news.google.fr\/news\/search?pz=1&amp;cf=i&amp;ned=fr&amp;hl=fr&amp;q=site%3Anicerendezvous.com&amp;scoring=n&amp;ict=ln\" rel=\"noopener\"> ici par <strong>Google actualit\u00e9<\/strong><\/a><\/p>\n<p id=\"slidetag\">\u00a0<\/p>\n<p><script async src=\"\/\/www.instagram.com\/embed.js\"><\/script><\/p>\n","protected":false},"excerpt":{"rendered":"Apr\u00e8s la Saint Matthieu (21 septembre), on peut dire adieu \u00e0 l\u2019\u00e9t\u00e9. Les premi\u00e8res neiges sont tomb\u00e9es sur&hellip;\n","protected":false},"author":2,"featured_media":9501,"comment_status":"","ping_status":"","sticky":false,"template":"","format":"standard","meta":{"footnotes":""},"categories":[2819],"tags":[17,1111,11,50302,3136,1777,674,14537,1011,27,1272,3127,12,2401,7518,882,25,14356],"class_list":{"0":"post-418687","1":"post","2":"type-post","3":"status-publish","4":"format-standard","5":"has-post-thumbnail","7":"category-nice","8":"tag-17","9":"tag-actu","10":"tag-actualites","11":"tag-azur","12":"tag-cote","13":"tag-eu","14":"tag-europe","15":"tag-fetes","16":"tag-fr","17":"tag-france","18":"tag-manifestations","19":"tag-monaco","20":"tag-news","21":"tag-nice","22":"tag-octobre","23":"tag-provence-alpes-cote-dazur","24":"tag-republique-francaise","25":"tag-salons"},"share_on_mastodon":{"url":"https:\/\/pubeurope.com\/@fr\/115270122411830446","error":""},"_links":{"self":[{"href":"https:\/\/www.europesays.com\/fr\/wp-json\/wp\/v2\/posts\/418687","targetHints":{"allow":["GET"]}}],"collection":[{"href":"https:\/\/www.europesays.com\/fr\/wp-json\/wp\/v2\/posts"}],"about":[{"href":"https:\/\/www.europesays.com\/fr\/wp-json\/wp\/v2\/types\/post"}],"author":[{"embeddable":true,"href":"https:\/\/www.europesays.com\/fr\/wp-json\/wp\/v2\/users\/2"}],"replies":[{"embeddable":true,"href":"https:\/\/www.europesays.com\/fr\/wp-json\/wp\/v2\/comments?post=418687"}],"version-history":[{"count":0,"href":"https:\/\/www.europesays.com\/fr\/wp-json\/wp\/v2\/posts\/418687\/revisions"}],"wp:featuredmedia":[{"embeddable":true,"href":"https:\/\/www.europesays.com\/fr\/wp-json\/wp\/v2\/media\/9501"}],"wp:attachment":[{"href":"https:\/\/www.europesays.com\/fr\/wp-json\/wp\/v2\/media?parent=418687"}],"wp:term":[{"taxonomy":"category","embeddable":true,"href":"https:\/\/www.europesays.com\/fr\/wp-json\/wp\/v2\/categories?post=418687"},{"taxonomy":"post_tag","embeddable":true,"href":"https:\/\/www.europesays.com\/fr\/wp-json\/wp\/v2\/tags?post=418687"}],"curies":[{"name":"wp","href":"https:\/\/api.w.org\/{rel}","templated":true}]}}