{"id":418688,"date":"2025-09-26T10:27:11","date_gmt":"2025-09-26T10:27:11","guid":{"rendered":"https:\/\/www.europesays.com\/fr\/418688\/"},"modified":"2025-09-26T10:27:11","modified_gmt":"2025-09-26T10:27:11","slug":"alpes-maritimes-un-homme-juge-a-nice-pour-avoir-escroque-plus-de-5-millions-deuros-a-dany-boon","status":"publish","type":"post","link":"https:\/\/www.europesays.com\/fr\/418688\/","title":{"rendered":"Alpes-Maritimes. Un homme jug\u00e9 \u00e0 Nice pour avoir escroqu\u00e9 plus de 5 millions d&rsquo;euros \u00e0 Dany Boon"},"content":{"rendered":"<p>Un Fran\u00e7ais de 36 ans qui se faisait passer pour un lord irlandais est jug\u00e9 vendredi \u00e0 Nice pour avoir escroqu\u00e9 plus de 5 millions d&rsquo;euros \u00e0 l&rsquo;acteur et r\u00e9alisateur <a href=\"https:\/\/www.ledauphine.com\/p\/dany-boon\" target=\"_blank\" rel=\"nofollow noopener\">Dany Boon<\/a>. La star n&rsquo;\u00e9tait pas pr\u00e9sente mais repr\u00e9sent\u00e9e par son avocat \u00e0 l&rsquo;ouverture de l&rsquo;audience<\/p>\n<p>D\u00e9but 2021, mis en relation par le skipper Marc Pajot, Dany Boon a confi\u00e9 \u00e0 l&rsquo;escroc la gestion d&rsquo;un voilier qui devait lui \u00eatre livr\u00e9 quelques mois plus tard. L&rsquo;homme se pr\u00e9sente alors comme un lord irlandais, costume trois-pi\u00e8ces et chapeau mou, rosace \u00e0 la boutonni\u00e8re, skipper et membre du Royal Cork Yacht Club, avec une page Wikipedia le d\u00e9crivant aussi comme propri\u00e9taire terrien et planteur jama\u00efcain.<\/p>\n<p>En mars 2021, l&rsquo;escroc assure mettre en place \u00ab une solution l\u00e9gale, efficace et discr\u00e8te \u00bb et cr\u00e9e une soci\u00e9t\u00e9 pour la gestion du yacht de l&rsquo;acteur, qui verse 2,2 millions d&rsquo;euros pour financer la fin de l&rsquo;acquisition et l&rsquo;entretien du navire, mais aussi une assurance souscrite aupr\u00e8s d&rsquo;une soci\u00e9t\u00e9 fictive aux Iles Samoa. En juillet 2021, l&rsquo;escroc propose aussi \u00e0 l&rsquo;acteur un placement financier r\u00e9mun\u00e9rateur aupr\u00e8s d&rsquo;une banque irlandaise et Dany Boon verse 4,5 millions d&rsquo;euros.<\/p>\n<p>Motivations fiscales ?<\/p>\n<p>\u00ab C&rsquo;est l&rsquo;occasion qui a fait le larron \u00bb, a expliqu\u00e9 le pr\u00e9venu aux enqu\u00eateurs. L&rsquo;acteur explique qu&rsquo;il voulait ainsi financer l&rsquo;achat d&rsquo;un voilier plus grand. L&rsquo;escroc rel\u00e8ve que l&rsquo;acteur n&rsquo;avait m\u00eame pas encore navigu\u00e9 sur le premier et assure que ce placement avait d&rsquo;abord des motivations fiscales.<\/p>\n<p>\u00ab Ces insinuations sont mensong\u00e8res, Dany Boon tient \u00e0 r\u00e9affirmer qu&rsquo;il a toujours agi dans le strict respect des lois et r\u00e8glements, point qui n&rsquo;est pas contest\u00e9 par les autorit\u00e9s \u00bb, ont insist\u00e9 les avocats de Dany Boon dans un communiqu\u00e9 avant le proc\u00e8s.<\/p>\n<p>En novembre 2021, l&rsquo;escroc annonce \u00e0 l&rsquo;acteur qu&rsquo;il va c\u00e9der son activit\u00e9, et ce dernier, estimant n&rsquo;avoir pas la m\u00eame relation de confiance avec le repreneur &#8211; finalement fictif -, r\u00e9clame le rapatriement de ses fonds. Mais ceux-ci ont disparu, partis vers des comptes \u00e0 Monaco ou Singapour ou des achats de produits de luxe pour plus de 400 000 euros. L&rsquo;escroc assure qu&rsquo;ils sont d\u00e9sormais au Panama ou dans les \u00eeles du Pacifique, via \u00ab des structures complexes \u00bb qu&rsquo;il pourrait d\u00e9m\u00ealer pour d\u00e9dommager les victimes s&rsquo;il \u00e9tait remis en libert\u00e9.<\/p>\n<p>Il fait cependant l&rsquo;objet d&rsquo;un mandat d&rsquo;arr\u00eat international \u00e9mis par la justice mon\u00e9gasque, qui a engag\u00e9 des poursuites pour blanchiment contre lui et son ex-\u00e9pouse.<\/p>\n","protected":false},"excerpt":{"rendered":"Un Fran\u00e7ais de 36 ans qui se faisait passer pour un lord irlandais est jug\u00e9 vendredi \u00e0 Nice&hellip;\n","protected":false},"author":2,"featured_media":418689,"comment_status":"","ping_status":"","sticky":false,"template":"","format":"standard","meta":{"footnotes":""},"categories":[2819],"tags":[1111,11,1777,674,274,107,1011,27,329,12,2401,973,882,25],"class_list":{"0":"post-418688","1":"post","2":"type-post","3":"status-publish","4":"format-standard","5":"has-post-thumbnail","7":"category-nice","8":"tag-actu","9":"tag-actualites","10":"tag-eu","11":"tag-europe","12":"tag-faits-divers-justice","13":"tag-fil-info","14":"tag-fr","15":"tag-france","16":"tag-france-monde","17":"tag-news","18":"tag-nice","19":"tag-people","20":"tag-provence-alpes-cote-dazur","21":"tag-republique-francaise"},"share_on_mastodon":{"url":"","error":""},"_links":{"self":[{"href":"https:\/\/www.europesays.com\/fr\/wp-json\/wp\/v2\/posts\/418688","targetHints":{"allow":["GET"]}}],"collection":[{"href":"https:\/\/www.europesays.com\/fr\/wp-json\/wp\/v2\/posts"}],"about":[{"href":"https:\/\/www.europesays.com\/fr\/wp-json\/wp\/v2\/types\/post"}],"author":[{"embeddable":true,"href":"https:\/\/www.europesays.com\/fr\/wp-json\/wp\/v2\/users\/2"}],"replies":[{"embeddable":true,"href":"https:\/\/www.europesays.com\/fr\/wp-json\/wp\/v2\/comments?post=418688"}],"version-history":[{"count":0,"href":"https:\/\/www.europesays.com\/fr\/wp-json\/wp\/v2\/posts\/418688\/revisions"}],"wp:featuredmedia":[{"embeddable":true,"href":"https:\/\/www.europesays.com\/fr\/wp-json\/wp\/v2\/media\/418689"}],"wp:attachment":[{"href":"https:\/\/www.europesays.com\/fr\/wp-json\/wp\/v2\/media?parent=418688"}],"wp:term":[{"taxonomy":"category","embeddable":true,"href":"https:\/\/www.europesays.com\/fr\/wp-json\/wp\/v2\/categories?post=418688"},{"taxonomy":"post_tag","embeddable":true,"href":"https:\/\/www.europesays.com\/fr\/wp-json\/wp\/v2\/tags?post=418688"}],"curies":[{"name":"wp","href":"https:\/\/api.w.org\/{rel}","templated":true}]}}