{"id":418690,"date":"2025-09-26T10:28:19","date_gmt":"2025-09-26T10:28:19","guid":{"rendered":"https:\/\/www.europesays.com\/fr\/418690\/"},"modified":"2025-09-26T10:28:19","modified_gmt":"2025-09-26T10:28:19","slug":"pour-vieillir-ensemble-une-resident-en-projet-au-nord-de-nantes","status":"publish","type":"post","link":"https:\/\/www.europesays.com\/fr\/418690\/","title":{"rendered":"Pour vieillir ensemble, une r\u00e9sident en projet au nord de Nantes"},"content":{"rendered":"<p>Pr\u00e9vue pour une livraison en juin\u00a02026, la r\u00e9sidence Les Peupliers, un projet d\u2019habitat participatif port\u00e9e par la coop\u00e9rative KOYO a ouvert les inscriptions pour les candidats int\u00e9ress\u00e9s par \u00a0cette r\u00e9sidence o\u00f9 vieillir ensemble prend tout son sens\u00a0!\u00a0 La r\u00e9sidence\u00a0KOYO se pr\u00e9sente comme \u00a0un habitat participatif, interg\u00e9n\u00e9rationnel et \u00e9co-responsable entre nature et bourg\u00a0.<\/p>\n<p>9\u00a0logements sociaux et 5\u00a0logements \u00e0 loyer libre<\/p>\n<p>La &#8230;<\/p>\n<p>\u00a0<\/p>\n","protected":false},"excerpt":{"rendered":"Pr\u00e9vue pour une livraison en juin\u00a02026, la r\u00e9sidence Les Peupliers, un projet d\u2019habitat participatif port\u00e9e par la coop\u00e9rative&hellip;\n","protected":false},"author":2,"featured_media":418691,"comment_status":"","ping_status":"","sticky":false,"template":"","format":"standard","meta":{"footnotes":""},"categories":[2818],"tags":[1111,11,9487,1777,674,1011,27,766,12,1308,2636,1095,25,54832,32558],"class_list":{"0":"post-418690","1":"post","2":"type-post","3":"status-publish","4":"format-standard","5":"has-post-thumbnail","7":"category-nantes","8":"tag-actu","9":"tag-actualites","10":"tag-ensemble","11":"tag-eu","12":"tag-europe","13":"tag-fr","14":"tag-france","15":"tag-nantes","16":"tag-news","17":"tag-nord","18":"tag-pays-de-la-loire","19":"tag-projet","20":"tag-republique-francaise","21":"tag-resident","22":"tag-vieillir"},"share_on_mastodon":{"url":"https:\/\/pubeurope.com\/@fr\/115270130288173455","error":""},"_links":{"self":[{"href":"https:\/\/www.europesays.com\/fr\/wp-json\/wp\/v2\/posts\/418690","targetHints":{"allow":["GET"]}}],"collection":[{"href":"https:\/\/www.europesays.com\/fr\/wp-json\/wp\/v2\/posts"}],"about":[{"href":"https:\/\/www.europesays.com\/fr\/wp-json\/wp\/v2\/types\/post"}],"author":[{"embeddable":true,"href":"https:\/\/www.europesays.com\/fr\/wp-json\/wp\/v2\/users\/2"}],"replies":[{"embeddable":true,"href":"https:\/\/www.europesays.com\/fr\/wp-json\/wp\/v2\/comments?post=418690"}],"version-history":[{"count":0,"href":"https:\/\/www.europesays.com\/fr\/wp-json\/wp\/v2\/posts\/418690\/revisions"}],"wp:featuredmedia":[{"embeddable":true,"href":"https:\/\/www.europesays.com\/fr\/wp-json\/wp\/v2\/media\/418691"}],"wp:attachment":[{"href":"https:\/\/www.europesays.com\/fr\/wp-json\/wp\/v2\/media?parent=418690"}],"wp:term":[{"taxonomy":"category","embeddable":true,"href":"https:\/\/www.europesays.com\/fr\/wp-json\/wp\/v2\/categories?post=418690"},{"taxonomy":"post_tag","embeddable":true,"href":"https:\/\/www.europesays.com\/fr\/wp-json\/wp\/v2\/tags?post=418690"}],"curies":[{"name":"wp","href":"https:\/\/api.w.org\/{rel}","templated":true}]}}