{"id":418694,"date":"2025-09-26T10:30:15","date_gmt":"2025-09-26T10:30:15","guid":{"rendered":"https:\/\/www.europesays.com\/fr\/418694\/"},"modified":"2025-09-26T10:30:15","modified_gmt":"2025-09-26T10:30:15","slug":"plongee-dans-lintimite-de-serge-gainsbourg-a-bordeaux","status":"publish","type":"post","link":"https:\/\/www.europesays.com\/fr\/418694\/","title":{"rendered":"Plong\u00e9e dans l\u2019intimit\u00e9 de Serge Gainsbourg \u00e0 Bordeaux"},"content":{"rendered":"<p>Jusqu\u2019au 11 octobre, la galerie\u00a0<strong>Arr\u00eat sur l\u2019image<\/strong>\u00a0\u00e0 <a href=\"http:\/\/bordeaux.fr\" target=\"_blank\" rel=\"noreferrer noopener nofollow\">Bordeaux<\/a> accueille une exposition exceptionnelle autour de <a href=\"https:\/\/www.youtube.com\/channel\/UCMqAEhVGBz5WrBH-Ph3u0vg\" target=\"_blank\" rel=\"noreferrer noopener nofollow\">Serge Gainsbourg<\/a>. Intitul\u00e9e\u00a0<strong>Gainsbourg Inside<\/strong>, cette s\u00e9rie de photographies sign\u00e9e par le photographe bordelais\u00a0<strong><a href=\"https:\/\/yannickribeaut.com\" target=\"_blank\" rel=\"noreferrer noopener nofollow\">Yannick Ribeaut<\/a><\/strong>\u00a0plonge le visiteur dans l\u2019intimit\u00e9 de la maison du chanteur, rue de Verneuil, m\u00ealant images et fragments manuscrits pour une exp\u00e9rience \u00e0 la fois sensible et singuli\u00e8re.<\/p>\n<p style=\"font-size:16px\">Au\u00a0<strong>5 bis rue de Verneuil<\/strong>, l\u2019atmosph\u00e8re de la <strong>maison de Serge Gainsbourg <\/strong>semble fig\u00e9e dans le temps. C\u2019est dans ce lieu charg\u00e9 de souvenirs que <strong>Yannick Ribeaut<\/strong> s\u2019est immerg\u00e9 en <strong>2011<\/strong> pour capturer ce que les murs et les objets ont \u00e0 raconter. Plus qu\u2019une simple s\u00e9rie photographique,\u00a0<strong>Gainsbourg Inside<\/strong>\u00a0est une exploration sensorielle et po\u00e9tique de l\u2019espace, qui cherche \u00e0 r\u00e9v\u00e9ler les vibrations et les silences qui s\u2019y cachent.<\/p>\n<p><img fetchpriority=\"high\" decoding=\"async\" width=\"676\" height=\"1000\" src=\"https:\/\/www.europesays.com\/fr\/wp-content\/uploads\/2025\/09\/Gainsbourg-inside_photo-Yannick-RIBEAUT_005.jpeg\" alt=\"\" class=\"wp-image-84197\"  \/>Les photographies de Yannick Ribeaut plongent le spectateur dans l\u2019intimit\u00e9 de la maison de Serge Gainsbourg. \u00a9 Yannick RIBEAUT<\/p>\n<p style=\"font-size:16px\">Les images ne se contentent pas de montrer des pi\u00e8ces ou des meubles ; elles restituent une\u00a0<strong>pr\u00e9sence invisible<\/strong>, celle de l\u2019artiste qui continue de hanter son univers. <strong>Chaque clich\u00e9<\/strong> est pens\u00e9 pour dialoguer avec les objets, les d\u00e9tails et la lumi\u00e8re naturelle de la maison, offrant au <strong>spectateur l\u2019impression<\/strong> d\u2019entrer dans un t\u00eate-\u00e0-t\u00eate avec le chanteur, dans la discr\u00e9tion et la profondeur d\u2019un moment suspendu.<\/p>\n<p style=\"font-size:16px\">L\u2019exposition se distingue par l\u2019ajout de\u00a0<strong>notes manuscrites<\/strong>\u00a0confi\u00e9es par <strong>Fulbert<\/strong>, le <strong>majordome de Gainsbourg<\/strong>, gardien discret de cette m\u00e9moire. Qu\u2019elles soient griffonn\u00e9es \u00e0 la h\u00e2te ou r\u00e9dig\u00e9es avec pr\u00e9cision, ces notes dialoguent avec les photographies pour cr\u00e9er un\u00a0<strong>pont \u00e9motionnel<\/strong>\u00a0entre l\u2019\u0153uvre et le visiteur. <strong>Elles permettent<\/strong> de ressentir ce qui ne peut pas se photographier : la sensibilit\u00e9, les habitudes, les r\u00e9flexions et l\u2019intimit\u00e9 de l\u2019artiste. L\u2019ensemble donne \u00e0 voir et \u00e0 ressentir, tout en restant respectueux de l\u2019univers singulier de<strong> Gainsbourg<\/strong>.<\/p>\n<p style=\"font-size:16px\">Auteur, photographe, plasticien et enseignant, <strong>Yannick Ribeaut<\/strong> explore depuis ses d\u00e9buts en <strong>1992<\/strong> le lien entre <strong>l\u2019homme et son environnement<\/strong>. Son travail oscille entre\u00a0<strong>documentaire et expression plastique<\/strong>, m\u00ealant image, mati\u00e8re et texte pour raconter des histoires visuelles qui vont au-del\u00e0 du simple portrait. <strong>Ses \u0153uvres ont \u00e9t\u00e9 publi\u00e9es et expos\u00e9es <\/strong>aux c\u00f4t\u00e9s de grands noms tels que<strong> William Klein ou Helmut Newton,<\/strong> et son approche unique fait de chaque projet une recherche artistique o\u00f9\u00a0<strong>le d\u00e9tail devient langage<\/strong>.<\/p>\n<p><img loading=\"lazy\" decoding=\"async\" width=\"678\" height=\"1000\" src=\"https:\/\/www.europesays.com\/fr\/wp-content\/uploads\/2025\/09\/Gainsbourg-inside_photo-Yannick-RIBEAUT_014-678x1000-1.jpeg\" alt=\"\" class=\"wp-image-84199\"  \/>Notes manuscrites et objets personnels se r\u00e9pondent pour r\u00e9v\u00e9ler l\u2019univers singulier de l\u2019artiste.\u00a0\u00a9Yannick RIBEAUT<\/p>\n<p style=\"font-size:16px\">Avec\u00a0<strong>Gainsbourg Inside<\/strong>, Ribeaut propose une aventure particuli\u00e8re : celle de\u00a0<strong>rencontrer Serge Gainsbourg dans l\u2019intimit\u00e9 de son espace<\/strong>, sans intrusion, mais avec une \u00e9coute attentive et respectueuse. Le spectateur est invit\u00e9 \u00e0 se laisser guider par les photographies et les notes, \u00e0 ressentir l\u2019\u00e9motion des lieux et \u00e0 percevoir ce que la m\u00e9moire mat\u00e9rielle d\u2019un artiste peut transmettre.<\/p>\n<p style=\"font-size:16px\">Pour tous les passionn\u00e9s de photographie, de musique et de culture fran\u00e7aise,\u00a0<strong>Gainsbourg Inside<\/strong>\u00a0offre une exp\u00e9rience unique. <strong>Ce n\u2019est pas seulement une exposition<\/strong> : c\u2019est un voyage dans l\u2019intimit\u00e9 d\u2019un artiste embl\u00e9matique, une immersion dans son quotidien et ses pens\u00e9es, qui permet de mieux comprendre l\u2019homme derri\u00e8re le mythe. <strong>La galerie Arr\u00eat <\/strong>sur l\u2019image invite donc chacun \u00e0 se rapprocher de ce patrimoine immat\u00e9riel, \u00e0 observer, \u00e0 ressentir et \u00e0 s\u2019\u00e9merveiller devant la po\u00e9sie silencieuse d\u2019un lieu charg\u00e9 d\u2019histoire.<\/p>\n<p style=\"font-size:16px\">En r\u00e9sum\u00e9,\u00a0<strong>Gainsbourg Inside<\/strong>\u00a0est bien plus qu\u2019une exposition photo : c\u2019est un\u00a0<strong>t\u00eate-\u00e0-t\u00eate avec Serge Gainsbourg<\/strong>, une plong\u00e9e dans son univers, une rencontre intime qui dure le temps d\u2019un regard et d\u2019un souffle, jusqu\u2019au 11 octobre \u00e0 Bordeaux.<\/p>\n<p style=\"font-size:16px\">Cr\u00e9dit image de couverture : \u00a9Deezer<\/p>\n<p style=\"font-size:16px\">\u00c0 lire aussi :<a href=\"https:\/\/www.bougerabordeaux.com\/actu\/bordeaux-visite-au-coeur-du-quartier-jardin-public-et-saint-seurin\/\" target=\"_blank\" rel=\"noreferrer noopener nofollow\"> Bordeaux : visite au c\u0153ur du quartier Jardin Public et Saint-Seurin<\/a><\/p>\n","protected":false},"excerpt":{"rendered":"Jusqu\u2019au 11 octobre, la galerie\u00a0Arr\u00eat sur l\u2019image\u00a0\u00e0 Bordeaux accueille une exposition exceptionnelle autour de Serge Gainsbourg. Intitul\u00e9e\u00a0Gainsbourg Inside,&hellip;\n","protected":false},"author":2,"featured_media":418695,"comment_status":"","ping_status":"","sticky":false,"template":"","format":"standard","meta":{"footnotes":""},"categories":[2817],"tags":[1111,11,1997,1777,674,1011,27,12,2219,25],"class_list":{"0":"post-418694","1":"post","2":"type-post","3":"status-publish","4":"format-standard","5":"has-post-thumbnail","7":"category-bordeaux","8":"tag-actu","9":"tag-actualites","10":"tag-bordeaux","11":"tag-eu","12":"tag-europe","13":"tag-fr","14":"tag-france","15":"tag-news","16":"tag-nouvelle-aquitaine","17":"tag-republique-francaise"},"share_on_mastodon":{"url":"https:\/\/pubeurope.com\/@fr\/115270138652385882","error":""},"_links":{"self":[{"href":"https:\/\/www.europesays.com\/fr\/wp-json\/wp\/v2\/posts\/418694","targetHints":{"allow":["GET"]}}],"collection":[{"href":"https:\/\/www.europesays.com\/fr\/wp-json\/wp\/v2\/posts"}],"about":[{"href":"https:\/\/www.europesays.com\/fr\/wp-json\/wp\/v2\/types\/post"}],"author":[{"embeddable":true,"href":"https:\/\/www.europesays.com\/fr\/wp-json\/wp\/v2\/users\/2"}],"replies":[{"embeddable":true,"href":"https:\/\/www.europesays.com\/fr\/wp-json\/wp\/v2\/comments?post=418694"}],"version-history":[{"count":0,"href":"https:\/\/www.europesays.com\/fr\/wp-json\/wp\/v2\/posts\/418694\/revisions"}],"wp:featuredmedia":[{"embeddable":true,"href":"https:\/\/www.europesays.com\/fr\/wp-json\/wp\/v2\/media\/418695"}],"wp:attachment":[{"href":"https:\/\/www.europesays.com\/fr\/wp-json\/wp\/v2\/media?parent=418694"}],"wp:term":[{"taxonomy":"category","embeddable":true,"href":"https:\/\/www.europesays.com\/fr\/wp-json\/wp\/v2\/categories?post=418694"},{"taxonomy":"post_tag","embeddable":true,"href":"https:\/\/www.europesays.com\/fr\/wp-json\/wp\/v2\/tags?post=418694"}],"curies":[{"name":"wp","href":"https:\/\/api.w.org\/{rel}","templated":true}]}}