{"id":418712,"date":"2025-09-26T10:39:11","date_gmt":"2025-09-26T10:39:11","guid":{"rendered":"https:\/\/www.europesays.com\/fr\/418712\/"},"modified":"2025-09-26T10:39:11","modified_gmt":"2025-09-26T10:39:11","slug":"tame-impala-en-concert-a-lyon-et-a-paris-au-printemps-2026-news-rockurlife","status":"publish","type":"post","link":"https:\/\/www.europesays.com\/fr\/418712\/","title":{"rendered":"Tame Impala : en concert \u00e0 Lyon et \u00e0 Paris au printemps 2026 ! &#8211; News &#8211; RockUrLife"},"content":{"rendered":"<p><strong>Tame Impala<\/strong> annonce une tourn\u00e9e en <strong>Europe<\/strong> et au <strong>Royaume-Uni<\/strong>, avec deux escales fran\u00e7aises !<\/p>\n<p>Plus pr\u00e9cis\u00e9ment le <strong>10 avril \u00e0 la LDLC Arena de Lyon<\/strong> et le <strong>3 mai \u00e0 l\u2019Accor Arena de Paris<\/strong>.<\/p>\n<p>Cette tourn\u00e9e sera l\u2019occasion pour <strong>Kevin Parker<\/strong>, l\u2019homme-orchestre derri\u00e8re le projet australien dream psych pop moderne, de d\u00e9fendre <strong>Deadbeat<\/strong>, cinqui\u00e8me album studio attendu pour le 17 octobre 2025. Successeur du d\u00e9j\u00e0 culte <strong>The Slow Rush<\/strong> (2020), ce nouveau disque s\u2019annonce comme une plong\u00e9e encore plus ambitieuse dans les m\u00e9andres sonores du g\u00e9nie de <strong>Perth<\/strong> : groove hypnotique, textures \u00e9lectroniques et psych\u00e9d\u00e9lisme cosmique \u00e0 l\u2019horizon.<\/p>\n<p>En guise d\u2019ap\u00e9ritif, <strong>Tame Impala<\/strong> d\u00e9voile \u201cDracula\u201d, troisi\u00e8me extrait du disque. Fid\u00e8le \u00e0 son ADN vaporeux mais toujours pr\u00eat \u00e0 surprendre, le morceau s\u2019envole entre basses enveloppantes, rythmes hypnotiques et refrains planants, \u201cDracula\u201d confirme que <strong>Deadbeat<\/strong> sera un trip sonore \u00e0 part enti\u00e8re.<\/p>\n<\/p>\n<p>Les places pour la tourn\u00e9e seront mises en vente vendredi 3 octobre \u00e0 10h.<\/p>\n<p>Devenu en une d\u00e9cennie une r\u00e9f\u00e9rence incontournable du rock psych\u00e9 contemporain, capable d\u2019embrasser la pop, l\u2019\u00e9lectro et m\u00eame le hip hop (rappelons ses collaborations avec <strong>Travis Scott<\/strong> ou <strong>The Weeknd<\/strong>), <strong>Kevin Parker<\/strong> s\u2019appr\u00eate \u00e0 \u00e9crire un nouveau chapitre de son odyss\u00e9e musicale. Entre la promesse d\u2019un album d\u00e9vorant et une tourn\u00e9e qui s\u2019annonce monumentale, <strong>Tame Impala<\/strong> confirme plus que jamais son statut : celui de l\u2019un des architectes sonores les plus visionnaires de notre \u00e9poque.<\/p>\n<p><img loading=\"lazy\" decoding=\"async\" width=\"819\" height=\"1024\" src=\"https:\/\/www.europesays.com\/fr\/wp-content\/uploads\/2025\/09\/555723441_1218927456947881_7942805761418544560_n-819x1024.jpg\" alt=\"\" class=\"wp-image-226806\"\/><\/p>\n","protected":false},"excerpt":{"rendered":"Tame Impala annonce une tourn\u00e9e en Europe et au Royaume-Uni, avec deux escales fran\u00e7aises ! Plus pr\u00e9cis\u00e9ment le&hellip;\n","protected":false},"author":2,"featured_media":418713,"comment_status":"","ping_status":"","sticky":false,"template":"","format":"standard","meta":{"footnotes":""},"categories":[1889],"tags":[8677,1111,11,2430,28778,1777,674,1011,27,7602,2428,12,626,25,54833],"class_list":{"0":"post-418712","1":"post","2":"type-post","3":"status-publish","4":"format-standard","5":"has-post-thumbnail","7":"category-lyon","8":"tag-accor-arena","9":"tag-actu","10":"tag-actualites","11":"tag-auvergne-rhone-alpes","12":"tag-dracula","13":"tag-eu","14":"tag-europe","15":"tag-fr","16":"tag-france","17":"tag-ldlc-arena","18":"tag-lyon","19":"tag-news","20":"tag-paris","21":"tag-republique-francaise","22":"tag-tame-impala"},"share_on_mastodon":{"url":"https:\/\/pubeurope.com\/@fr\/115270173685386936","error":""},"_links":{"self":[{"href":"https:\/\/www.europesays.com\/fr\/wp-json\/wp\/v2\/posts\/418712","targetHints":{"allow":["GET"]}}],"collection":[{"href":"https:\/\/www.europesays.com\/fr\/wp-json\/wp\/v2\/posts"}],"about":[{"href":"https:\/\/www.europesays.com\/fr\/wp-json\/wp\/v2\/types\/post"}],"author":[{"embeddable":true,"href":"https:\/\/www.europesays.com\/fr\/wp-json\/wp\/v2\/users\/2"}],"replies":[{"embeddable":true,"href":"https:\/\/www.europesays.com\/fr\/wp-json\/wp\/v2\/comments?post=418712"}],"version-history":[{"count":0,"href":"https:\/\/www.europesays.com\/fr\/wp-json\/wp\/v2\/posts\/418712\/revisions"}],"wp:featuredmedia":[{"embeddable":true,"href":"https:\/\/www.europesays.com\/fr\/wp-json\/wp\/v2\/media\/418713"}],"wp:attachment":[{"href":"https:\/\/www.europesays.com\/fr\/wp-json\/wp\/v2\/media?parent=418712"}],"wp:term":[{"taxonomy":"category","embeddable":true,"href":"https:\/\/www.europesays.com\/fr\/wp-json\/wp\/v2\/categories?post=418712"},{"taxonomy":"post_tag","embeddable":true,"href":"https:\/\/www.europesays.com\/fr\/wp-json\/wp\/v2\/tags?post=418712"}],"curies":[{"name":"wp","href":"https:\/\/api.w.org\/{rel}","templated":true}]}}