{"id":418718,"date":"2025-09-26T10:42:10","date_gmt":"2025-09-26T10:42:10","guid":{"rendered":"https:\/\/www.europesays.com\/fr\/418718\/"},"modified":"2025-09-26T10:42:10","modified_gmt":"2025-09-26T10:42:10","slug":"carambolage-sur-le-peripherique-40-ans-des-restos-du-coeur-linfo-a-midi-en-ile-de-france","status":"publish","type":"post","link":"https:\/\/www.europesays.com\/fr\/418718\/","title":{"rendered":"Carambolage sur le p\u00e9riph\u00e9rique, 40 ans des Restos du C\u0153ur\u2026 L\u2019info \u00e0 midi en \u00cele-de-France"},"content":{"rendered":"<p>            Par<br \/>\n        <strong><br \/>\n            <a href=\"https:\/\/actu.fr\/auteur\/redaction-paris\" title=\"Consulter tous les articles de R\u00e9daction Paris\" rel=\"nofollow noopener\" target=\"_blank\">R\u00e9daction Paris<\/a><br \/>\n        <\/strong><\/p>\n<p>        Publi\u00e9 le<\/p>\n<p>            26 sept. 2025 \u00e0 11h58        <\/p>\n<p>C\u2019est le week-end ! Que s\u2019est-il pass\u00e9 ce vendredi 26 septembre 2025 ? Voici l\u2019essentiel de l\u2019actualit\u00e9 \u00e0 midi en \u00cele-de-France : \u00e0 Paris, un accident a fait quatre bless\u00e9s, dans les Hauts-de-Seine, les Restos du c\u0153ur f\u00eatent leur 40 ans et en Essonne, deux surveillantes ont \u00e9t\u00e9 agress\u00e9es.\u00a0<\/p>\n<p>Les informations \u00e0 retenir ce vendredi 26 septembre 2025, \u00e0 midi, en \u00cele-de-France<\/p>\n<p class=\"expresso-item wall-content\"><strong>Essonne. <\/strong><a title=\"Lire l&#039;article\" href=\"https:\/\/actu.fr\/ile-de-france\/fleury-merogis_91235\/prison-de-fleury-merogis-deux-surveillantes-blessees-apres-une-violente-agression-pour-une-promenade-manquee_63210725.html\" rel=\"nofollow noopener\" target=\"_blank\">Prison de Fleury-M\u00e9rogis : deux surveillantes bless\u00e9es apr\u00e8s une violente agression pour une promenade manqu\u00e9e<\/a><br \/>Deux surveillantes p\u00e9nitentiaires de la prison de Fleury-M\u00e9rogis ont \u00e9t\u00e9 bless\u00e9s par une d\u00e9tenue. Cette derni\u00e8re a \u00e9t\u00e9 jug\u00e9e par le tribunal d\u2019\u00c9vry ce mercredi 24 septembre 2025.<\/p>\n<p class=\"expresso-item wall-content\"><strong>Yvelines.<\/strong> <a title=\"Lire l&#039;article\" href=\"https:\/\/actu.fr\/ile-de-france\/rambouillet_78517\/chasse-a-courre-en-foret-de-rambouillet-quelle-est-la-philosophie-du-nouveau-maitre-dequipage_63196802.html\" rel=\"nofollow noopener\" target=\"_blank\">Chasse \u00e0 courre en for\u00eat de Rambouillet : quelle est la philosophie du nouveau ma\u00eetre d\u2019\u00e9quipage ?<\/a><br \/>D\u2019importants changements ont eu lieu au sein de l\u2019\u00e9quipage de Bonnelles-Rambouillet (Yvelines). Un nouveau ma\u00eetre d\u2019\u00e9quipage est arriv\u00e9, avec de nouvelles volont\u00e9s.<\/p>\n<p class=\"expresso-item wall-content\"><strong>Seine-et-Marne. <\/strong><a title=\"Lire l&#039;article\" href=\"https:\/\/actu.fr\/ile-de-france\/montereau-fault-yonne_77305\/pres-de-montereau-le-cinemo-camion-cinema-itinerant-de-72-places-va-faire-etape-dans-ces-deux-communes_63196262.html\" rel=\"nofollow noopener\" target=\"_blank\">Pr\u00e8s de Montereau : le Cin\u00e9Mo, camion-cin\u00e9ma itin\u00e9rant de 72 places, va faire \u00e9tape dans ces deux communes<\/a><br \/>Dot\u00e9 de 72 places assises, le Cin\u00e9Mo, camion-cin\u00e9ma itin\u00e9rant qui propose des s\u00e9ances de films pour tous publics gratuitement, fera escale \u00e0 Chevry-en-Sereine et Cannes-\u00c9cluse.<\/p>\n<p class=\"expresso-item wall-content\"><strong>Hauts-de-Seine. <\/strong><a title=\"Lire l&#039;article\" href=\"https:\/\/actu.fr\/ile-de-france\/gennevilliers_92036\/quarante-ans-des-restos-du-coeur-gennevilliers-berceau-de-l-elan-de-solidarite-lance-par-coluche_63213419.html\" rel=\"nofollow noopener\" target=\"_blank\">Quarante ans des Restos du c\u0153ur : Gennevilliers, berceau de l\u2019\u00e9lan de solidarit\u00e9 lanc\u00e9 par Coluche<\/a><br \/>Le 26 septembre 1985, Coluche lance \u00e0 la radio un appel \u00e0 la solidarit\u00e9 pour ouvrir des \u00ab\u00a0cantines gratuites\u00a0\u00bb. Il est ensuite pr\u00e9sent \u00e0 Gennevilliers pour la premi\u00e8re distribution.<\/p>\n<p class=\"expresso-item wall-content\"><strong>Paris. <\/strong><a title=\"Lire l&#039;article\" href=\"https:\/\/actu.fr\/ile-de-france\/paris_75056\/grave-accident-sur-le-boulevard-peripherique-a-paris-quatre-personnes-blessees-dans-un-carambolage_63217033.html\" rel=\"nofollow noopener\" target=\"_blank\">Grave accident sur le boulevard p\u00e9riph\u00e9rique : quatre personnes bless\u00e9es dans un carambolage<\/a><br \/>Un accident a eu lieu dans la soir\u00e9e du jeudi 25 septembre 2025 sur le boulevard p\u00e9riph\u00e9rique int\u00e9rieur, dans le 16\u1d49 arrondissement de Paris. Quatre victimes ont \u00e9t\u00e9 signal\u00e9es.<\/p>\n<p class=\" wall-content\"><strong>Suivez-nous pour en savoir plus\u2009!<\/strong><br \/>Vous voulez plus d\u2019infos sur l\u2019\u00cele-de-France\u2009? Vous pouvez nous retrouver sur actu \u00cele-de-France. Pour nous suivre sur les r\u00e9seaux sociaux, dans vos d\u00e9partements\u2009:<\/p>\n<p class=\" wall-content\"><strong>Paris<\/strong>\u2009: retrouvez\u00a0actu\u00a0Paris\u00a0sur\u00a0<a href=\"https:\/\/www.facebook.com\/actufr.paris\/\" rel=\"nofollow noopener\" target=\"_blank\">Facebook<\/a>\u00a0et\u00a0<a href=\"https:\/\/twitter.com\/actufrparis\" rel=\"nofollow noopener\" target=\"_blank\">Twitter<\/a>\u2009;<br \/><strong>Seine-et-Marne<\/strong>\u2009: retrouvez\u00a0La R\u00e9publique de Seine-et-Marne\u00a0(sud) sur\u00a0<a href=\"https:\/\/www.facebook.com\/RepubliqueSeineMarne\/\" rel=\"nofollow noopener\" target=\"_blank\">Facebook<\/a>\u00a0et\u00a0<a href=\"https:\/\/twitter.com\/LaRep77\" rel=\"nofollow noopener\" target=\"_blank\">Twitter<\/a>\u2009;\u00a0La Marne\u00a0(nord) sur\u00a0<a href=\"https:\/\/www.facebook.com\/journallarmarne\/?__tn__=%2Cd%2CP-R&amp;eid=ARDLZc91LaHbXzDwChLLLQJVMBLx_ABJremTC2-RG0CYvg0f4f8CLvbV5G1Lli4g_6QoXDcKkU1_LX1W\" rel=\"nofollow noopener\" target=\"_blank\">Facebook<\/a>\u00a0et\u00a0<a href=\"https:\/\/twitter.com\/JournalLaMarne\" rel=\"nofollow noopener\" target=\"_blank\">Twitter<\/a>\u2009; et\u00a0Le Pays Briard\u00a0sur\u00a0<a href=\"https:\/\/www.facebook.com\/LePaysBriard\/?ref=bookmarks\" rel=\"nofollow noopener\" target=\"_blank\">Facebook<\/a>\u00a0et\u00a0<a href=\"https:\/\/twitter.com\/LePaysBriard\" rel=\"nofollow noopener\" target=\"_blank\">Twitter<\/a>\u2009;<br \/><strong>Yvelines\u2009:<\/strong>\u00a0retrouvez\u00a078actu\u00a0sur\u00a0<a href=\"https:\/\/www.facebook.com\/78actu\/\" rel=\"nofollow noopener\" target=\"_blank\">Facebook<\/a>\u00a0et\u00a0<a href=\"https:\/\/x.com\/78actu\" rel=\"nofollow\">Twitter<\/a>\u2009;<br \/><strong>Essonne\u2009:<\/strong>\u00a0retrouvez\u00a0actu Essonne\u00a0sur\u00a0<a href=\"https:\/\/www.facebook.com\/actuessonne\/?ref=br_rs\" rel=\"nofollow noopener\" target=\"_blank\">Facebook<\/a>\u00a0et\u00a0<a href=\"https:\/\/twitter.com\/ActuEssonne\" rel=\"nofollow noopener\" target=\"_blank\">Twitter<\/a>\u2009;<br \/><strong>Hauts-de-Seine\u2009:<\/strong>\u00a0retrouvez\u00a0actu\u00a0Hauts-de-Seine\u00a0sur\u00a0<a href=\"https:\/\/www.facebook.com\/actufr.hautsdeseine\/\" rel=\"nofollow noopener\" target=\"_blank\">Facebook<\/a>\u00a0et\u00a0<a href=\"https:\/\/twitter.com\/actufr92\" rel=\"nofollow noopener\" target=\"_blank\">Twitter<\/a>\u2009;<br \/><strong>Seine-Saint-Denis\u2009:<\/strong>\u00a0retrouvez actu Seine-Saint-Denis sur\u00a0<a href=\"https:\/\/www.facebook.com\/actufr.seinesaintdenis\/\" rel=\"nofollow noopener\" target=\"_blank\">Facebook<\/a>\u00a0et\u00a0<a href=\"https:\/\/x.com\/Actufr93\" rel=\"nofollow\">Twitter<\/a>\u2009;<br \/><strong>Val-de-Marne\u2009:\u00a0<\/strong>retrouvez actu Val-de-Marne sur\u00a0<a href=\"https:\/\/www.facebook.com\/actu94.valdemarne\/\" rel=\"nofollow noopener\" target=\"_blank\">Facebook\u00a0<\/a>et\u00a0<a href=\"https:\/\/x.com\/actufr94\" rel=\"nofollow\">Twitter\u2009<\/a>;<br \/><strong>Val-d\u2019Oise\u2009:<\/strong>\u00a0retrouvez La Gazette du Val-d\u2019Oise sur\u00a0<a href=\"https:\/\/x.com\/actufr94\" rel=\"nofollow\">Twitter<\/a><\/p>\n<p class=\" wall-content\">Personnalisez votre actualit\u00e9 en ajoutant vos villes et m\u00e9dias en favori avec <a href=\"https:\/\/moncompte.actu.fr\" title=\"D\u00e9couvez Mon Actu\" rel=\"nofollow noopener\" data-trk=\"{&quot;cta&quot;:{&quot;action&quot;:&quot;https:\\\/\\\/moncompte.actu.fr&quot;,&quot;category&quot;:&quot;mon compte&quot;,&quot;from&quot;:&quot;article footer&quot;,&quot;name&quot;:&quot;Mon actu&quot;,&quot;type&quot;:&quot;cta&quot;}}\" target=\"_blank\">Mon Actu<\/a>.<\/p>\n<p>                    <script async src=\"https:\/\/platform.twitter.com\/widgets.js\" charset=\"utf-8\"><\/script><\/p>\n","protected":false},"excerpt":{"rendered":"Par R\u00e9daction Paris Publi\u00e9 le 26 sept. 2025 \u00e0 11h58 C\u2019est le week-end ! Que s\u2019est-il pass\u00e9 ce&hellip;\n","protected":false},"author":2,"featured_media":418719,"comment_status":"","ping_status":"","sticky":false,"template":"","format":"standard","meta":{"footnotes":""},"categories":[1888],"tags":[119,1111,1928,11,1927,1777,674,1011,27,12,1926,626,1925,899,25,104],"class_list":{"0":"post-418718","1":"post","2":"type-post","3":"status-publish","4":"format-standard","5":"has-post-thumbnail","7":"category-paris","8":"tag-accident","9":"tag-actu","10":"tag-actu-paris","11":"tag-actualites","12":"tag-actualites-paris","13":"tag-eu","14":"tag-europe","15":"tag-fr","16":"tag-france","17":"tag-news","18":"tag-news-paris","19":"tag-paris","20":"tag-paris-news","21":"tag-prisons","22":"tag-republique-francaise","23":"tag-societe"},"share_on_mastodon":{"url":"https:\/\/pubeurope.com\/@fr\/115270185386293080","error":""},"_links":{"self":[{"href":"https:\/\/www.europesays.com\/fr\/wp-json\/wp\/v2\/posts\/418718","targetHints":{"allow":["GET"]}}],"collection":[{"href":"https:\/\/www.europesays.com\/fr\/wp-json\/wp\/v2\/posts"}],"about":[{"href":"https:\/\/www.europesays.com\/fr\/wp-json\/wp\/v2\/types\/post"}],"author":[{"embeddable":true,"href":"https:\/\/www.europesays.com\/fr\/wp-json\/wp\/v2\/users\/2"}],"replies":[{"embeddable":true,"href":"https:\/\/www.europesays.com\/fr\/wp-json\/wp\/v2\/comments?post=418718"}],"version-history":[{"count":0,"href":"https:\/\/www.europesays.com\/fr\/wp-json\/wp\/v2\/posts\/418718\/revisions"}],"wp:featuredmedia":[{"embeddable":true,"href":"https:\/\/www.europesays.com\/fr\/wp-json\/wp\/v2\/media\/418719"}],"wp:attachment":[{"href":"https:\/\/www.europesays.com\/fr\/wp-json\/wp\/v2\/media?parent=418718"}],"wp:term":[{"taxonomy":"category","embeddable":true,"href":"https:\/\/www.europesays.com\/fr\/wp-json\/wp\/v2\/categories?post=418718"},{"taxonomy":"post_tag","embeddable":true,"href":"https:\/\/www.europesays.com\/fr\/wp-json\/wp\/v2\/tags?post=418718"}],"curies":[{"name":"wp","href":"https:\/\/api.w.org\/{rel}","templated":true}]}}