{"id":41872,"date":"2025-04-21T16:11:21","date_gmt":"2025-04-21T16:11:21","guid":{"rendered":"https:\/\/www.europesays.com\/fr\/41872\/"},"modified":"2025-04-21T16:11:21","modified_gmt":"2025-04-21T16:11:21","slug":"la-vitesse-etait-la-avec-la-moitie-des-ailerons","status":"publish","type":"post","link":"https:\/\/www.europesays.com\/fr\/41872\/","title":{"rendered":"La vitesse \u00e9tait l\u00e0 avec la moiti\u00e9 des ailerons"},"content":{"rendered":"<p>La s\u00e9rie de deuxi\u00e8mes places d&rsquo;<a href=\"https:\/\/fr.motorsport.com\/driver\/alex-marquez\/96324\/\" target=\"_blank\" rel=\"noopener\">\u00c1lex M\u00e1rquez<\/a> a pris fin \u00e0 Losail, au terme d&rsquo;une course chaotique. Lors du sprint, l&rsquo;Espagnol avait vu l&rsquo;arriv\u00e9e \u00e0 cette position pour la septi\u00e8me fois cons\u00e9cutive, en comptant les courses du samedi et du dimanche disput\u00e9es depuis le la saison. Il \u00e9tait de nouveau deuxi\u00e8me sur la grille pour la course principale et a conserv\u00e9 sa position au d\u00e9part&#8230; mais sa course a commenc\u00e9 \u00e0 d\u00e9railler d\u00e8s le premier virage.<\/p>\n<p>Son fr\u00e8re, <a href=\"https:\/\/fr.motorsport.com\/driver\/marc-marquez\/92646\/\" target=\"_blank\" rel=\"noopener\">Marc M\u00e1rquez<\/a>, a <a href=\"https:\/\/fr.motorsport.com\/motogp\/news\/marc-marquez-stratege-course-intelligente\/10713209\/\" target=\"_blank\" rel=\"noopener\">gliss\u00e9 au premier virage et a l\u00e9g\u00e8rement ralenti<\/a>, ce qui a men\u00e9 \u00e0 un petit contact. \u00ab\u00a0Il m&rsquo;a dit que l&rsquo;\u00e9cart s&rsquo;est r\u00e9duit parce qu&rsquo;il s&rsquo;est fait une frayeur\u00a0\u00bb, a expliqu\u00e9 \u00c1lex M\u00e1rquez. \u00ab\u00a0Il a un peu perdu l&rsquo;arri\u00e8re et coup\u00e9 les gaz. \u00c0 un moment derri\u00e8re lui, je l&rsquo;ai remarqu\u00e9 et j&rsquo;ai vu qu&rsquo;il avait la vitesse pour mettre les gaz et repartir. J&rsquo;ai juste essay\u00e9 d&rsquo;acc\u00e9l\u00e9rer et j&rsquo;ai senti le contact, mais ce n&rsquo;\u00e9tait rien, on a continu\u00e9.\u00a0\u00bb<\/p>\n<p>Bien que la man\u0153uvre ait aid\u00e9 <a href=\"https:\/\/fr.motorsport.com\/driver\/franco-morbidelli\/109417\/\" target=\"_blank\" rel=\"noopener\">Franco Morbidelli<\/a> \u00e0 prendre la t\u00eate, \u00c1lex M\u00e1rquez se satisfaisait alors d&rsquo;\u00eatre troisi\u00e8me, ayant r\u00e9alis\u00e9 un d\u00e9but de course prudent derri\u00e8re son a\u00een\u00e9\u00a0: \u00ab\u00a0J&rsquo;\u00e9tais au contact, Marc \u00e9tait vraiment lent durant ces tours, il essayait juste d&rsquo;\u00e9conomiser ses pneus et je me suis dit &lsquo;C&rsquo;est la bonne strat\u00e9gie, laisse Franco mener&rsquo;.\u00a0\u00bb<\/p>\n<p>\u00c1lex M\u00e1rquez est cependant sorti de la lutte pour la victoire d\u00e8s le troisi\u00e8me tour. <a href=\"https:\/\/fr.motorsport.com\/driver\/fabio-di-giannantonio\/289538\/\" target=\"_blank\" rel=\"noopener\">Fabio Di Giannantonio<\/a> l&rsquo;a doubl\u00e9 et sa tentative de r\u00e9pliquer a men\u00e9 \u00e0 un accrochage, apr\u00e8s lequel il n&rsquo;\u00e9tait plus que huiti\u00e8me. Le pilote Gresini a reconnu sa responsabilit\u00e9 et accept\u00e9 sa p\u00e9nalit\u00e9 sans rechigner.<\/p>\n<p>Lire aussi :<\/p>\n<p>   <img decoding=\"async\" draggable=\"false\" src=\"https:\/\/www.europesays.com\/fr\/wp-content\/uploads\/2025\/04\/luca-marini-honda-hrc.jpg\" alt=\"Luca Marini, Honda HRC\" width=\"1200\" height=\"800\" loading=\"lazy\"\/> <\/p>\n<p class=\"title\">\u00c1lex M\u00e1rquez s&rsquo;est retrouv\u00e9 au c\u0153ur du classement apr\u00e8s son contact avec Fabio Di Giannantonio.<\/p>\n<p class=\"photographer\">Photo de: Honda Racing<\/p>\n<p>M\u00e1rquez a pu remonter au sixi\u00e8me rang avant son <a href=\"https:\/\/fr.motorsport.com\/motogp\/news\/penalite-long-lap-definition-fonctionnement-explications\/6516270\/\" target=\"_blank\" rel=\"noopener\">long-lap<\/a>, qui l&rsquo;a rel\u00e9gu\u00e9 \u00e0 la 12e place, apr\u00e8s quoi il a multipli\u00e9 les d\u00e9passements jusqu&rsquo;\u00e0 la septi\u00e8me position. Cela deviendrait une sixi\u00e8me place apr\u00e8s l&rsquo;arriv\u00e9e en raison de la <a href=\"https:\/\/fr.motorsport.com\/motogp\/news\/maverick-vinales-perd-deuxieme-place-qatar\/10713065\/\" target=\"_blank\" rel=\"noopener\">p\u00e9nalit\u00e9 de Maverick Vi\u00f1ales<\/a>. Il a ainsi pr\u00e9serv\u00e9 sa deuxi\u00e8me place au <a href=\"https:\/\/fr.motorsport.com\/motogp\/news\/championnat-marc-marquez-fait-break\/10713002\/\" target=\"_blank\" rel=\"noopener\">championnat<\/a>, m\u00eame si l&rsquo;\u00e9cart avec Marc M\u00e1rquez a grimp\u00e9 \u00e0 17 points.<\/p>\n<p>\u00ab\u00a0J&rsquo;ai fait mon long-lap, j&rsquo;ai essay\u00e9 de rester calme, de rouler \u00e0 mon rythme. J&rsquo;ai gagn\u00e9 beaucoup de places donc c&rsquo;est bien pour le championnat et on avance. Il y a beaucoup de points positifs. Il faut qu&rsquo;on se tourne vers Jerez.\u00a0\u00bb<\/p>\n<blockquote>\n<p>J&rsquo;ai compris pourquoi je cabrais au dernier virage, mais en cinqui\u00e8me ou en sixi\u00e8me, la moto volait.<\/p>\n<\/blockquote>\n<p>Le contact avec Di Giannantonio a pourtant eu des effets, en arrachant une partie des ailerons de la Ducati du pilote Gresini&#8230; qui n&rsquo;a r\u00e9alis\u00e9 qu&rsquo;apr\u00e8s coup pourquoi le comportement de sa moto avait chang\u00e9\u00a0: \u00ab\u00a0Ce qui est positif, c&rsquo;est que je ne m&rsquo;en suis pas rendu compte. J&rsquo;ai compris apr\u00e8s le drapeau \u00e0 damier, j&rsquo;ai vu qu&rsquo;il n&rsquo;y avait plus que l&rsquo;aileron sup\u00e9rieur. J&rsquo;ai compris pourquoi je cabrais au dernier virage, mais en cinqui\u00e8me ou en sixi\u00e8me, la moto volait, je doublais tout le monde\u00a0!\u00a0\u00bb<\/p>\n<p>\u00ab\u00a0Dans certains freinages et certains virages, les sensations n&rsquo;\u00e9taient pas tr\u00e8s bonnes, un peu bizarres, mais j&rsquo;ai roul\u00e9 en 1&rsquo;52&Prime;8 apr\u00e8s le long-lap donc la moto n&rsquo;\u00e9tait pas mauvaise. Il faut voir le positif, on a la vitesse. Mais cette erreur nous reste en travers de la gorge.\u00a0\u00bb<\/p>\n<p>   <img decoding=\"async\" draggable=\"false\" src=\"https:\/\/www.europesays.com\/fr\/wp-content\/uploads\/2025\/04\/1745251881_890_alex-marquez-gresini-racing.jpg\" alt=\"Alex Marquez, Gresini Racing\" width=\"1200\" height=\"800\" loading=\"lazy\"\/> <\/p>\n<p class=\"title\">\u00c1lex M\u00e1rquez<\/p>\n<p class=\"photographer\">Photo de: Gold and Goose \/ Motorsport Images<\/p>\n<p>Avant la course, \u00c1lex M\u00e1rquez <a href=\"https:\/\/fr.motorsport.com\/motogp\/news\/alex-marquez-demi-attaque-marc\/10712886\/\" target=\"_blank\" rel=\"noopener\">doutait fortement de ses chances d&rsquo;inqui\u00e9ter son fr\u00e8re<\/a>, mais malgr\u00e9 les cons\u00e9quences de la m\u00e9saventure avec Fabio Di Giannantonio, le bon rythme affich\u00e9 laisse croire qu&rsquo;un nouveau podium \u00e9tait \u00e0 sa port\u00e9e. Il se refuse pourtant \u00e0 estimer la place qui aurait pu \u00eatre la sienne sans ces m\u00e9saventures.<\/p>\n<p>\u00ab\u00a0Je n&rsquo;aime pas parler d&rsquo;o\u00f9 j&rsquo;aurais pu \u00eatre\u00a0\u00bb, a-t-il confi\u00e9 au site officiel du MotoGP. \u00ab\u00a0J&rsquo;ai fini septi\u00e8me, j&rsquo;avais une bonne vitesse, mais on ne sait jamais\u00a0: quand on est devant, on peut attaquer un peu plus et au final, on souffre avec le pneu arri\u00e8re. J&rsquo;accepte cette septi\u00e8me place.\u00a0\u00bb<\/p>\n<p>\u00ab\u00a0Aujourd&rsquo;hui, la moto \u00e9tait vraiment bonne\u00a0\u00bb, a quand m\u00eame soulign\u00e9 M\u00e1rquez. \u00ab\u00a0Je le dirais comme \u00e7a, vraiment bonne. Je n&rsquo;avais pas cette grosse vibration que j&rsquo;avais [samedi] donc l&rsquo;\u00e9quipe a fait un travail incroyable au cours de la nuit. Je me sentais vraiment bien mais on ne sait jamais. [&#8230;] La vitesse \u00e9tait l\u00e0 avec la moiti\u00e9 des ailerons, c&rsquo;est ce qu&rsquo;il faut retenir pour Jerez.\u00a0\u00bb<\/p>\n<p>Lire aussi :<\/p>\n<p>Dans cet article<\/p>\n<p>    Vincent Lalanne-Sicaud\n<\/p>\n<p>    MotoGP\n<\/p>\n<p>    \u00c1lex M\u00e1rquez\n<\/p>\n<p>    Gresini Racing\n<\/p>\n<p>Soyez le premier inform\u00e9 et souscrivez aux alertes mails pour recevoir les infos en temps r\u00e9el<\/p>\n<p>    S&rsquo;abonner aux alertes de news<\/p>\n","protected":false},"excerpt":{"rendered":"La s\u00e9rie de deuxi\u00e8mes places d&rsquo;\u00c1lex M\u00e1rquez a pris fin \u00e0 Losail, au terme d&rsquo;une course chaotique. Lors&hellip;\n","protected":false},"author":2,"featured_media":41873,"comment_status":"","ping_status":"","sticky":false,"template":"","format":"standard","meta":{"footnotes":""},"categories":[1413],"tags":[1011,27,3596,3452,3597,1457,1456,1458,60,7896],"class_list":{"0":"post-41872","1":"post","2":"type-post","3":"status-publish","4":"format-standard","5":"has-post-thumbnail","7":"category-moto","8":"tag-fr","9":"tag-france","10":"tag-gp-du-qatar","11":"tag-gresini-racing","12":"tag-losail-international-circuit","13":"tag-moto","14":"tag-motocycle","15":"tag-motogp","16":"tag-sports","17":"tag-u00c1lex-mu00e1rquez"},"share_on_mastodon":{"url":"https:\/\/pubeurope.com\/@fr\/114376834044993304","error":""},"_links":{"self":[{"href":"https:\/\/www.europesays.com\/fr\/wp-json\/wp\/v2\/posts\/41872","targetHints":{"allow":["GET"]}}],"collection":[{"href":"https:\/\/www.europesays.com\/fr\/wp-json\/wp\/v2\/posts"}],"about":[{"href":"https:\/\/www.europesays.com\/fr\/wp-json\/wp\/v2\/types\/post"}],"author":[{"embeddable":true,"href":"https:\/\/www.europesays.com\/fr\/wp-json\/wp\/v2\/users\/2"}],"replies":[{"embeddable":true,"href":"https:\/\/www.europesays.com\/fr\/wp-json\/wp\/v2\/comments?post=41872"}],"version-history":[{"count":0,"href":"https:\/\/www.europesays.com\/fr\/wp-json\/wp\/v2\/posts\/41872\/revisions"}],"wp:featuredmedia":[{"embeddable":true,"href":"https:\/\/www.europesays.com\/fr\/wp-json\/wp\/v2\/media\/41873"}],"wp:attachment":[{"href":"https:\/\/www.europesays.com\/fr\/wp-json\/wp\/v2\/media?parent=41872"}],"wp:term":[{"taxonomy":"category","embeddable":true,"href":"https:\/\/www.europesays.com\/fr\/wp-json\/wp\/v2\/categories?post=41872"},{"taxonomy":"post_tag","embeddable":true,"href":"https:\/\/www.europesays.com\/fr\/wp-json\/wp\/v2\/tags?post=41872"}],"curies":[{"name":"wp","href":"https:\/\/api.w.org\/{rel}","templated":true}]}}