{"id":418720,"date":"2025-09-26T10:43:11","date_gmt":"2025-09-26T10:43:11","guid":{"rendered":"https:\/\/www.europesays.com\/fr\/418720\/"},"modified":"2025-09-26T10:43:11","modified_gmt":"2025-09-26T10:43:11","slug":"bigaranx-annonce-un-concert-au-zenith-de-paris-le-21-novembre-2026","status":"publish","type":"post","link":"https:\/\/www.europesays.com\/fr\/418720\/","title":{"rendered":"Biga*Ranx annonce un concert au Z\u00e9nith\u00a0de\u00a0Paris le 21\u00a0novembre 2026"},"content":{"rendered":"<p>L\u2019artiste annonce son premier Z\u00e9nith de Paris, le 21 novembre 2026 avec Radio Nova, apr\u00e8s avoir d\u00e9voil\u00e9 son septi\u00e8me album \u201cRainshine\u201d, sold out 4 fois de suite la Cigale \u00e0 Paris en mars 2025 et une tourn\u00e9e des festivals toujours plus explosive. Billetterie en bas de l\u2019article ! <\/p>\n<p>                                <a href=\"https:\/\/www.europesays.com\/fr\/wp-content\/uploads\/2025\/09\/BIGA-ZENITH-NOVA-300-_-250-t-600x500.gif\" data-barba-prevent=\"\" data-pswp-width=\"600\" data-pswp-height=\"500\"><\/p>\n<p><img loading=\"lazy\" decoding=\"async\" width=\"600\" height=\"500\" src=\"data:image\/svg+xml,%3Csvg%20xmlns=\" http:=\"\" class=\"attachment-thumbnail size-thumbnail\" alt=\"&#10;&#10;\" data-lazy-src=\"https:\/\/www.europesays.com\/fr\/wp-content\/uploads\/2025\/09\/BIGA-ZENITH-NOVA-300-_-250-t-600x500.gif\"\/><\/p>\n<p><\/a><\/p>\n<p>Marquez vos calendriers : le <strong>samedi 21 novembre 2026<\/strong>, la sc\u00e8ne parisienne vibrera au son unique de Biga*Ranx. L\u2019artiste investira la salle mythique du <strong>Z\u00e9nith Paris \u2013 La Villette<\/strong> pour une soir\u00e9e qui s\u2019annonce d\u00e9j\u00e0 comme un grand moment pour les amateurs de musique \u00e9lectro-dub. <\/p>\n<p>La signature sonore Biga*Ranx<\/p>\n<p><strong>Biga*Ranx<\/strong> est un peu notre chouchou \u00e0 Radio Nova : on le retrouve \u00e0 l\u2019antenne et jusque dans nos compilations Nova Tunes. Depuis son premier album<strong> \u00ab\u00a0On Time\u00a0\u00bb <\/strong>en 2011, il n\u2019a cess\u00e9 de bousculer les codes en cr\u00e9ant un <strong>style hybride <\/strong> qui fusionne habilement le <strong>reggae, le hip-hop, des influences lo-fi et des beats \u00e9lectroniques<\/strong>. Que ce soit \u00e0 travers des albums devenus incontournables comme <strong>\u00ab\u00a0Nightbird\u00a0\u00bb<\/strong> ou <strong>\u00ab\u00a0Sunflower\u00a0\u00bb<\/strong>, ou sur des titres en fran\u00e7ais tels que <strong>\u00ab\u00a0Liquid Sunshine\u00a0\u00bb<\/strong>, sa patte est imm\u00e9diatement reconnaissable. <strong>Biga*Ranx <\/strong>\u00e9tait m\u00eame pass\u00e9 dans les studio de Nova pour nous proposer une session live : <\/p>\n<\/p>\n<p>Toujours fid\u00e8le \u00e0 son unique<strong> Vapor Dub<\/strong>, l\u2019artiste n\u2019a de cesse de nous surprendre \u00e0 l\u2019\u00e9coute comme en concert. Ce live exceptionnel au Z\u00e9nith de Paris t\u00e9moignera d\u2019une \u00e9nergie toujours plus d\u00e9bordante, tout en gardant une proximit\u00e9 particuli\u00e8re et unique entre <strong>Biga*Ranx<\/strong> et ses fans. Un \u00e9v\u00e9nement \u00e0 ne pas rater\u00a0!<\/p>\n<p><strong>Toutes les infos et la billetterie sur <a href=\"https:\/\/bigaranx.lnk.to\/ZenithParis\" target=\"_blank\" rel=\"noopener\">https:\/\/bigaranx.lnk.to\/ZenithParis<\/a><\/strong><\/p>\n","protected":false},"excerpt":{"rendered":"L\u2019artiste annonce son premier Z\u00e9nith de Paris, le 21 novembre 2026 avec Radio Nova, apr\u00e8s avoir d\u00e9voil\u00e9 son&hellip;\n","protected":false},"author":2,"featured_media":418721,"comment_status":"","ping_status":"","sticky":false,"template":"","format":"standard","meta":{"footnotes":""},"categories":[1888],"tags":[1111,1928,11,1927,54834,1697,1777,674,1011,27,12,1926,27975,626,1925,25,54835],"class_list":{"0":"post-418720","1":"post","2":"type-post","3":"status-publish","4":"format-standard","5":"has-post-thumbnail","7":"category-paris","8":"tag-actu","9":"tag-actu-paris","10":"tag-actualites","11":"tag-actualites-paris","12":"tag-biga-ranx","13":"tag-concert","14":"tag-eu","15":"tag-europe","16":"tag-fr","17":"tag-france","18":"tag-news","19":"tag-news-paris","20":"tag-nova-aime","21":"tag-paris","22":"tag-paris-news","23":"tag-republique-francaise","24":"tag-zu00e9nith"},"share_on_mastodon":{"url":"https:\/\/pubeurope.com\/@fr\/115270189348483465","error":""},"_links":{"self":[{"href":"https:\/\/www.europesays.com\/fr\/wp-json\/wp\/v2\/posts\/418720","targetHints":{"allow":["GET"]}}],"collection":[{"href":"https:\/\/www.europesays.com\/fr\/wp-json\/wp\/v2\/posts"}],"about":[{"href":"https:\/\/www.europesays.com\/fr\/wp-json\/wp\/v2\/types\/post"}],"author":[{"embeddable":true,"href":"https:\/\/www.europesays.com\/fr\/wp-json\/wp\/v2\/users\/2"}],"replies":[{"embeddable":true,"href":"https:\/\/www.europesays.com\/fr\/wp-json\/wp\/v2\/comments?post=418720"}],"version-history":[{"count":0,"href":"https:\/\/www.europesays.com\/fr\/wp-json\/wp\/v2\/posts\/418720\/revisions"}],"wp:featuredmedia":[{"embeddable":true,"href":"https:\/\/www.europesays.com\/fr\/wp-json\/wp\/v2\/media\/418721"}],"wp:attachment":[{"href":"https:\/\/www.europesays.com\/fr\/wp-json\/wp\/v2\/media?parent=418720"}],"wp:term":[{"taxonomy":"category","embeddable":true,"href":"https:\/\/www.europesays.com\/fr\/wp-json\/wp\/v2\/categories?post=418720"},{"taxonomy":"post_tag","embeddable":true,"href":"https:\/\/www.europesays.com\/fr\/wp-json\/wp\/v2\/tags?post=418720"}],"curies":[{"name":"wp","href":"https:\/\/api.w.org\/{rel}","templated":true}]}}