{"id":418722,"date":"2025-09-26T10:44:09","date_gmt":"2025-09-26T10:44:09","guid":{"rendered":"https:\/\/www.europesays.com\/fr\/418722\/"},"modified":"2025-09-26T10:44:09","modified_gmt":"2025-09-26T10:44:09","slug":"un-camion-poubelle-percute-violemment-une-cycliste","status":"publish","type":"post","link":"https:\/\/www.europesays.com\/fr\/418722\/","title":{"rendered":"un camion poubelle percute violemment une cycliste"},"content":{"rendered":"<p>            Par<br \/>\n        <strong><br \/>\n            <a href=\"https:\/\/actu.fr\/auteur\/redaction-paris\" title=\"Consulter tous les articles de R\u00e9daction Paris\" rel=\"nofollow noopener\" target=\"_blank\">R\u00e9daction Paris<\/a><br \/>\n        <\/strong><\/p>\n<p>        Publi\u00e9 le<\/p>\n<p>            26 sept. 2025 \u00e0 12h38        <\/p>\n<p>Le choc a \u00e9t\u00e9 violent. Jeudi 25\u00a0septembre 2025 en fin d\u2019apr\u00e8s-midi, un camion poubelle a percut\u00e9 une cycliste \u00e0 l\u2019angle du boulevard Voltaire et de la rue Jean-Pierre Timbaud dans le 11e arrondissement de <a href=\"https:\/\/actu.fr\/ile-de-france\/paris_75056\" rel=\"nofollow noopener\" target=\"_blank\">Paris<\/a>. Une enqu\u00eate est ouverte pour blessures involontaires par conducteur ayant entra\u00een\u00e9 <strong>une incapacit\u00e9 de travail sup\u00e9rieure \u00e0 3\u00a0mois<\/strong>, indique le parquet de Paris \u00e0 actu Paris.<\/p>\n<p>Un feu rouge grill\u00e9<\/p>\n<p class=\" wall-content\">D\u2019apr\u00e8s les premiers \u00e9l\u00e9ments de l\u2019enqu\u00eate, le conducteur du camion poubelle s\u2019est engag\u00e9 dans l\u2019intersection au feu vert au m\u00eame moment que la cycliste de 30\u00a0ans qui arrivait perpendiculairement apr\u00e8s avoir grill\u00e9 un feu rouge.<\/p>\n<p class=\" wall-content\">Elle est <strong>gravement bless\u00e9e \u00e0 la jambe<\/strong>. Le conducteur du camion, \u00e2g\u00e9 de 57\u00a0ans, a aussi \u00e9t\u00e9 transport\u00e9 \u00e0 l\u2019h\u00f4pital en \u00e9tat de choc. Les d\u00e9pistages d\u2019alcool et de stup\u00e9fiants se sont r\u00e9v\u00e9l\u00e9s n\u00e9gatifs.<\/p>\n<p class=\" wall-content\">Personnalisez votre actualit\u00e9 en ajoutant vos villes et m\u00e9dias en favori avec <a href=\"https:\/\/moncompte.actu.fr\" title=\"D\u00e9couvez Mon Actu\" rel=\"nofollow noopener\" data-trk=\"{&quot;cta&quot;:{&quot;action&quot;:&quot;https:\\\/\\\/moncompte.actu.fr&quot;,&quot;category&quot;:&quot;mon compte&quot;,&quot;from&quot;:&quot;article footer&quot;,&quot;name&quot;:&quot;Mon actu&quot;,&quot;type&quot;:&quot;cta&quot;}}\" target=\"_blank\">Mon Actu<\/a>.<\/p>\n","protected":false},"excerpt":{"rendered":"Par R\u00e9daction Paris Publi\u00e9 le 26 sept. 2025 \u00e0 12h38 Le choc a \u00e9t\u00e9 violent. Jeudi 25\u00a0septembre 2025&hellip;\n","protected":false},"author":2,"featured_media":418723,"comment_status":"","ping_status":"","sticky":false,"template":"","format":"standard","meta":{"footnotes":""},"categories":[1888],"tags":[119,11,1777,674,118,1011,27,12,626,1311,25],"class_list":{"0":"post-418722","1":"post","2":"type-post","3":"status-publish","4":"format-standard","5":"has-post-thumbnail","7":"category-paris","8":"tag-accident","9":"tag-actualites","10":"tag-eu","11":"tag-europe","12":"tag-faits-divers","13":"tag-fr","14":"tag-france","15":"tag-news","16":"tag-paris","17":"tag-pompiers","18":"tag-republique-francaise"},"share_on_mastodon":{"url":"https:\/\/pubeurope.com\/@fr\/115270193251931559","error":""},"_links":{"self":[{"href":"https:\/\/www.europesays.com\/fr\/wp-json\/wp\/v2\/posts\/418722","targetHints":{"allow":["GET"]}}],"collection":[{"href":"https:\/\/www.europesays.com\/fr\/wp-json\/wp\/v2\/posts"}],"about":[{"href":"https:\/\/www.europesays.com\/fr\/wp-json\/wp\/v2\/types\/post"}],"author":[{"embeddable":true,"href":"https:\/\/www.europesays.com\/fr\/wp-json\/wp\/v2\/users\/2"}],"replies":[{"embeddable":true,"href":"https:\/\/www.europesays.com\/fr\/wp-json\/wp\/v2\/comments?post=418722"}],"version-history":[{"count":0,"href":"https:\/\/www.europesays.com\/fr\/wp-json\/wp\/v2\/posts\/418722\/revisions"}],"wp:featuredmedia":[{"embeddable":true,"href":"https:\/\/www.europesays.com\/fr\/wp-json\/wp\/v2\/media\/418723"}],"wp:attachment":[{"href":"https:\/\/www.europesays.com\/fr\/wp-json\/wp\/v2\/media?parent=418722"}],"wp:term":[{"taxonomy":"category","embeddable":true,"href":"https:\/\/www.europesays.com\/fr\/wp-json\/wp\/v2\/categories?post=418722"},{"taxonomy":"post_tag","embeddable":true,"href":"https:\/\/www.europesays.com\/fr\/wp-json\/wp\/v2\/tags?post=418722"}],"curies":[{"name":"wp","href":"https:\/\/api.w.org\/{rel}","templated":true}]}}