{"id":418728,"date":"2025-09-26T10:47:15","date_gmt":"2025-09-26T10:47:15","guid":{"rendered":"https:\/\/www.europesays.com\/fr\/418728\/"},"modified":"2025-09-26T10:47:15","modified_gmt":"2025-09-26T10:47:15","slug":"les-ukrainiens-de-pologne-menaces-de-precarisation-malgre-leur-apport-a-la-croissance-26-09-2025-a-1103","status":"publish","type":"post","link":"https:\/\/www.europesays.com\/fr\/418728\/","title":{"rendered":"Les Ukrainiens de Pologne menac\u00e9s de pr\u00e9carisation malgr\u00e9 leur apport \u00e0 la croissance &#8211; 26\/09\/2025 \u00e0 11:03"},"content":{"rendered":"<p>        <img fetchpriority=\"high\" decoding=\"async\" src=\"https:\/\/www.europesays.com\/fr\/wp-content\/uploads\/2025\/09\/ac95e343df43028defe4c3b70a8e9010-760x507.jpg\" alt=\"Lisa Kolesnikova, Ukrainienne propri\u00e9taire du centre de yoga et de fitness ElFlex, \u00e0 Varsovie, le 22 septembre 2025 ( AFP \/ Wojtek RADWANSKI )\" loading=\"eager\" width=\"760\" height=\"507\" style=\"max-width: 100%!important; height: auto;\"\/><\/p>\n<p class=\"c-image-news__legend\">Lisa Kolesnikova, Ukrainienne propri\u00e9taire du centre de yoga et de fitness ElFlex, \u00e0 Varsovie, le 22 septembre 2025 ( AFP \/ Wojtek RADWANSKI )<\/p>\n<p>\n A Varsovie, le quartier des affaires est florissant, \u00e0 l&rsquo;image de l&rsquo;\u00e9conomie polonaise. Souvent, dans les commerces nich\u00e9s entre les tours de verre et d&rsquo;acier, des Ukrainiens sont \u00e0 la t\u00e2che.\n<\/p>\n<p>\n Economistes et entrepreneurs sont d&rsquo;accord: les r\u00e9fugi\u00e9s ayant fui l&rsquo;invasion russe en Ukraine ont largement favoris\u00e9 la croissance polonaise \u2014 mais leur contribution est aujourd&rsquo;hui menac\u00e9e.\n<\/p>\n<p>\n La loi r\u00e9gissant le statut prot\u00e9g\u00e9 des ressortissants ukrainiens expire \u00e0 la fin du mois et le pr\u00e9sident Karol Nawrocki doit signer un projet de loi pour qu&rsquo;elle soit renouvel\u00e9e. Or le dirigeant nationaliste a d\u00e9j\u00e0 rejet\u00e9 une pr\u00e9c\u00e9dente version, trop g\u00e9n\u00e9reuse, selon lui, aux yeux d&rsquo;une partie de l&rsquo;\u00e9lectorat.\n<\/p>\n<p>\n Ses atermoiements plongent les Ukrainiens dans l&rsquo;angoisse et de nombreuses entreprises dans l&rsquo;incertitude.\n<\/p>\n<p>\n Lisa Kolesnikova est propri\u00e9taire du centre de yoga et de fitness ElFlex dans la capitale. Ag\u00e9e de 28 ans, elle a grandi dans la ville ukrainienne de Zaporijjia, mais a cr\u00e9\u00e9 son entreprise en Pologne avant l&rsquo;invasion de l&rsquo;Ukraine par la Russie. Elle est \u00e0 la t\u00eate de deux studios de yoga et elle en a franchis\u00e9 deux autres.\n<\/p>\n<p>\n Au d\u00e9part, clients et salari\u00e9s venaient d&rsquo;Ukraine et du B\u00e9larus. Maintenant, cela change.\n<\/p>\n<p>\n \u00ab\u00a0Les clients polonais viennent chez nous et les filles maintenant dispensent leurs cours en polonais\u00a0\u00bb, assure-t-elle \u00e0 l&rsquo;AFP.\n<\/p>\n<p> &#8211; Une histoire de succ\u00e8s \u00e9conomique &#8211;<\/p>\n<p>\n Pour Lisa Kolesnikova, qui emploie huit personnes, l&rsquo;id\u00e9e que la Pologne pourrait remettre en question les droits de r\u00e9sidence de centaines de milliers de travailleurs Ukrainiens est absurde.\n<\/p>\n<p>        <img decoding=\"async\" src=\"https:\/\/www.europesays.com\/fr\/wp-content\/uploads\/2025\/09\/e8b46ca771a97dc155ce4a9b0122e35c-760x507.jpg\" alt=\"Nadia Winiarska, de l'organisation patronale Lewiatanan, \u00e0 Varsovie, le 23 septembre 2025 ( AFP \/ Wojtek RADWANSKI )\" loading=\"eager\" width=\"760\" height=\"507\" style=\"max-width: 100%!important; height: auto;\"\/><\/p>\n<p class=\"c-image-news__legend\">Nadia Winiarska, de l&rsquo;organisation patronale Lewiatanan, \u00e0 Varsovie, le 23 septembre 2025 ( AFP \/ Wojtek RADWANSKI )<\/p>\n<p>\n Mais pour les responsables nationalistes comme Karol Nawrocki, la tentation est r\u00e9elle.\n<\/p>\n<p>\n Le Parlement polonais a adopt\u00e9 une loi en mars 2022 pour accorder aux Ukrainiens un statut prot\u00e9g\u00e9 \u00e0 la suite de l&rsquo;invasion \u00e0 grande \u00e9chelle par la Russie. Elle a \u00e9t\u00e9 depuis amend\u00e9e et prolong\u00e9e.\n<\/p>\n<p>\n Le mois dernier, le pr\u00e9sident nationaliste nouvellement \u00e9lu a refus\u00e9 d&rsquo;approuver la derni\u00e8re mouture, avec pour effet d&#8217;emp\u00eacher les Ukrainiens sans travail de recevoir des allocations familiales de 800 zlotys (190 euros) par enfant.\n<\/p>\n<p>\n Un texte modifi\u00e9 est sur la table, mais sans l&rsquo;approbation du pr\u00e9sident avant le 30 septembre, beaucoup d&rsquo;Ukrainiens se retrouveront priv\u00e9s de droits.\n<\/p>\n<p>\n Jeudi, le pr\u00e9sident a fait savoir qu&rsquo;il continuait d&rsquo;\u00e9tudier le document.\n<\/p>\n<p>        <img decoding=\"async\" src=\"https:\/\/www.europesays.com\/fr\/wp-content\/uploads\/2025\/09\/fc65940c5d5ab8f7f2b103e050d9da85-760x507.jpg\" alt=\"Michal Wawer, d\u00e9put\u00e9 du parti d'opposition ultra-conservateur Conf\u00e9d\u00e9ration, dans les couloirs du Parlement, \u00e0 Varsovie, le 25 septembre 2025 ( AFP \/ Wojtek RADWANSKI )\" loading=\"eager\" width=\"760\" height=\"507\" style=\"max-width: 100%!important; height: auto;\"\/><\/p>\n<p class=\"c-image-news__legend\">Michal Wawer, d\u00e9put\u00e9 du parti d&rsquo;opposition ultra-conservateur Conf\u00e9d\u00e9ration, dans les couloirs du Parlement, \u00e0 Varsovie, le 25 septembre 2025 ( AFP \/ Wojtek RADWANSKI )<\/p>\n<p>\n Interrog\u00e9 jeudi par l&rsquo;AFP au Parlement, le d\u00e9put\u00e9 Michal Wawer du parti d&rsquo;opposition ultra-conservateur Conf\u00e9d\u00e9ration, a dit esp\u00e9rer que le pr\u00e9sident ferait effectivement obstacle au projet de loi.\n<\/p>\n<p>\n \u00ab\u00a0Je ne pense pas que ce serait une catastrophe sociale\u00a0\u00bb, a-t-il plaid\u00e9. \u00ab\u00a0Chacun de ces citoyens ukrainiens sera en droit de demander un permis de s\u00e9jour comme immigrant ou comme r\u00e9fugi\u00e9. Ils seront simplement trait\u00e9s de la m\u00eame mani\u00e8re que tous les autres \u00e9trangers en Pologne.\u00a0\u00bb\n<\/p>\n<p>\n Oleg Yarovi, un Ukrainien de 37 ans \u00e0 la t\u00eate d&rsquo;une cha\u00eene de caf\u00e9s, n&rsquo;est pas d&rsquo;accord.\n<\/p>\n<p>\n \u00ab\u00a0C&rsquo;est juste une posture politique, populiste\u00a0\u00bb, d\u00e9plore-t-il. Il a r\u00e9cemment mis un de ses \u00e9tablissements en vente et quasiment tous les acqu\u00e9reurs potentiels sont ukrainiens, affirme-t-il, ce qui d\u00e9montre \u00e0 ses yeux leur dynamisme et le b\u00e9n\u00e9fice qu&rsquo;ils apportent \u00e0 l&rsquo;\u00e9conomie polonaise.\n<\/p>\n<p> &#8211; \u00ab\u00a0Inqui\u00e9tude r\u00e9elle\u00a0\u00bb &#8211;<\/p>\n<p>\n En juin, les consultants Deloitte ont pr\u00e9sent\u00e9 un rapport \u00e0 l&rsquo;agence des r\u00e9fugi\u00e9s de l&rsquo;ONU estimant que les r\u00e9fugi\u00e9s ukrainiens repr\u00e9sentent d\u00e9sormais 2,7% du PIB de la Pologne.\n<\/p>\n<p>\n Depuis l&rsquo;invasion de 2022, la population ukrainienne en Pologne a d\u00e9pass\u00e9 le million. Cependant, la population totale de la Pologne diminue et le taux de ch\u00f4mage en juillet \u00e9tait de seulement 3,1%, le quatri\u00e8me plus bas de l&rsquo;Union europ\u00e9enne.\n<\/p>\n<p>        <img decoding=\"async\" src=\"https:\/\/www.europesays.com\/fr\/wp-content\/uploads\/2025\/09\/fe6a6a2de6ad7c3f49291ba368691800-760x507.jpg\" alt=\"Oleg Yarovi, un Ukrainien \u00e0 la t\u00eate d'une cha\u00eene de caf\u00e9s en Pologne, dans un de ses \u00e9tablissement, \u00e0 Varsovie, le 22 septembre 2025 ( AFP \/ Wojtek RADWANSKI )\" loading=\"eager\" width=\"760\" height=\"507\" style=\"max-width: 100%!important; height: auto;\"\/><\/p>\n<p class=\"c-image-news__legend\">Oleg Yarovi, un Ukrainien \u00e0 la t\u00eate d&rsquo;une cha\u00eene de caf\u00e9s en Pologne, dans un de ses \u00e9tablissement, \u00e0 Varsovie, le 22 septembre 2025 ( AFP \/ Wojtek RADWANSKI )<\/p>\n<p>\n \u00ab\u00a0Ils se sont int\u00e9gr\u00e9s tr\u00e8s rapidement sur le march\u00e9 du travail en Pologne\u00a0\u00bb, explique Nadia Winiarska, de l&rsquo;organisation patronale Lewiatan. \u00ab\u00a0Il n&rsquo;est pas vrai que les citoyens ukrainiens en Pologne d\u00e9pendent principalement de l&rsquo;aide sociale\u00a0\u00bb.\n<\/p>\n<p>\n Les partis anti-r\u00e9fugi\u00e9s affirment, eux, parler au nom de l&rsquo;opinion publique polonaise.\n<\/p>\n<p>\n \u00ab\u00a0C&rsquo;est un probl\u00e8me que de cr\u00e9er des entreprises enti\u00e8res, une soci\u00e9t\u00e9 enti\u00e8re qui n&rsquo;exigent pas de leurs citoyens qu&rsquo;ils parlent en polonais ou acceptent les normes culturelles polonaises\u00a0\u00bb, accuse Michal Wawer.\n<\/p>\n<p>\n Certains chefs d&rsquo;entreprise accusent les r\u00e9seaux de propagande en ligne russes de renforcer le sentiment anti-r\u00e9fugi\u00e9s. \u00ab\u00a0J&rsquo;esp\u00e8re que les Polonais ne se laisseront pas abuser\u00a0\u00bb, souffle Andrzej Korkus, PDG du groupe EWL, une grande agence de placement.<\/p>\n","protected":false},"excerpt":{"rendered":"Lisa Kolesnikova, Ukrainienne propri\u00e9taire du centre de yoga et de fitness ElFlex, \u00e0 Varsovie, le 22 septembre 2025&hellip;\n","protected":false},"author":2,"featured_media":418729,"comment_status":"","ping_status":"","sticky":false,"template":"","format":"standard","meta":{"footnotes":""},"categories":[1590],"tags":[400,11,398,408,405,1777,674,403,402,399,404,12,401,406,220,407],"class_list":{"0":"post-418728","1":"post","2":"type-post","3":"status-publish","4":"format-standard","5":"has-post-thumbnail","7":"category-ukraine","8":"tag-action-cac-40","9":"tag-actualites","10":"tag-bourse-de-paris","11":"tag-boursorama","12":"tag-cotations","13":"tag-eu","14":"tag-europe","15":"tag-indices-devises","16":"tag-investir","17":"tag-investissement","18":"tag-marche-boursier","19":"tag-news","20":"tag-sicav","21":"tag-trackers","22":"tag-ukraine","23":"tag-warrants"},"share_on_mastodon":{"url":"https:\/\/pubeurope.com\/@fr\/115270205436733193","error":""},"_links":{"self":[{"href":"https:\/\/www.europesays.com\/fr\/wp-json\/wp\/v2\/posts\/418728","targetHints":{"allow":["GET"]}}],"collection":[{"href":"https:\/\/www.europesays.com\/fr\/wp-json\/wp\/v2\/posts"}],"about":[{"href":"https:\/\/www.europesays.com\/fr\/wp-json\/wp\/v2\/types\/post"}],"author":[{"embeddable":true,"href":"https:\/\/www.europesays.com\/fr\/wp-json\/wp\/v2\/users\/2"}],"replies":[{"embeddable":true,"href":"https:\/\/www.europesays.com\/fr\/wp-json\/wp\/v2\/comments?post=418728"}],"version-history":[{"count":0,"href":"https:\/\/www.europesays.com\/fr\/wp-json\/wp\/v2\/posts\/418728\/revisions"}],"wp:featuredmedia":[{"embeddable":true,"href":"https:\/\/www.europesays.com\/fr\/wp-json\/wp\/v2\/media\/418729"}],"wp:attachment":[{"href":"https:\/\/www.europesays.com\/fr\/wp-json\/wp\/v2\/media?parent=418728"}],"wp:term":[{"taxonomy":"category","embeddable":true,"href":"https:\/\/www.europesays.com\/fr\/wp-json\/wp\/v2\/categories?post=418728"},{"taxonomy":"post_tag","embeddable":true,"href":"https:\/\/www.europesays.com\/fr\/wp-json\/wp\/v2\/tags?post=418728"}],"curies":[{"name":"wp","href":"https:\/\/api.w.org\/{rel}","templated":true}]}}