{"id":418730,"date":"2025-09-26T10:48:17","date_gmt":"2025-09-26T10:48:17","guid":{"rendered":"https:\/\/www.europesays.com\/fr\/418730\/"},"modified":"2025-09-26T10:48:17","modified_gmt":"2025-09-26T10:48:17","slug":"qui-sont-les-riches-soutiens-de-donald-trump-qui-vont-prendre-les-renes-de-tiktok-aux-etats-unis","status":"publish","type":"post","link":"https:\/\/www.europesays.com\/fr\/418730\/","title":{"rendered":"Qui sont les riches soutiens de Donald Trump qui vont prendre les r\u00eanes de TikTok aux \u00c9tats-Unis\u00a0?"},"content":{"rendered":"<p class=\"paragraph text_align_left lp-f-body-02\"><a href=\"https:\/\/www.leparisien.fr\/international\/etats-unis\/donald-trump\/\" target=\"_self\" rel=\"nofollow noopener\">Donald Trump<\/a> a sign\u00e9 ce jeudi un d\u00e9cret d\u00e9finissant les contours de la cession des activit\u00e9s am\u00e9ricaines de TikTok \u00e0 plusieurs de ses riches soutiens, tandis que la maison m\u00e8re de la plateforme chinoise ne conservera qu\u2019une participation minoritaire.<\/p>\n<p>Des alli\u00e9s de Donald Trump<\/p>\n<p class=\"paragraph text_align_left lp-f-body-02\">Depuis le Bureau ovale, le pr\u00e9sident des \u00c9tats-Unis a assur\u00e9 que la version am\u00e9ricaine de la plateforme serait g\u00e9r\u00e9e par des investisseurs \u00ab tr\u00e8s sophistiqu\u00e9s \u00bb, \u00e0 l\u2019instar de Larry Ellison, \u00e0 la t\u00eate du g\u00e9ant technologique Oracle, de Michael Dell, fondateur du groupe Dell, et du magnat des m\u00e9dias Rupert Murdoch.<\/p>\n<p class=\"paragraph text_align_left lp-f-body-02\">Selon plusieurs m\u00e9dias, la soci\u00e9t\u00e9 d\u2019investissement Silver Lake Partners et le g\u00e9ant de la Silicon Valley Andreessen Horowitz feraient \u00e9galement partie de l\u2019accord.<\/p>\n<p class=\"paragraph text_align_left lp-f-body-02\">Les nouveaux arrivants au capital sont tous des alli\u00e9s de Donald Trump et partagent ses opinions politiques, mais le pr\u00e9sident am\u00e9ricain a insist\u00e9 sur le fait que l\u2019application ne serait soumise \u00e0 aucune orientation partisane.<\/p>\n<p class=\"paragraph text_align_left lp-f-body-02\">Larry Ellison, 81 ans, actionnaire d\u2019Oracle, <a href=\"https:\/\/www.leparisien.fr\/economie\/qui-est-larry-ellison-qui-a-pris-a-elon-musk-le-titre-honorifique-dhomme-le-plus-riche-du-monde-10-09-2025-4GVO5CUEWVDF3J7TOE7J46MD3E.php\" target=\"_self\" rel=\"nofollow noopener\">est devenu d\u00e9but septembre un court temps, l\u2019homme le plus riche du monde<\/a>, mettant fin au r\u00e8gne d\u2019Elon Musk, qui occupait la premi\u00e8re place depuis pr\u00e8s d\u2019un an. Il est d\u00e9sormais consid\u00e9r\u00e9 comme le deuxi\u00e8me homme le plus riche du monde, avec une fortune de 352 milliards de dollars (environ 301 milliards d\u2019euros), selon <a href=\"https:\/\/www.forbes.com\/profile\/larry-ellison\/\" target=\"_self\" rel=\"nofollow noopener\">Forbes<\/a>.<\/p>\n<p class=\"paragraph text_align_left lp-f-body-02\">Il a vu sa fortune prendre 100 milliards de dollars de valeur gr\u00e2ce \u00e0 la signature d\u2019un contrat record en septembre avec OpenAI, pionnier et leader de l\u2019intelligence artificielle g\u00e9n\u00e9rative, qui d\u00e9veloppe ChatGPT.<\/p>\n<p class=\"paragraph text_align_left lp-f-body-02\">N\u00e9 dans une famille pauvre, Larry Ellison est devenu milliardaire \u00e0 l\u2019\u00e2ge de 47 ans. C\u2019est lui qui a cr\u00e9\u00e9 la soci\u00e9t\u00e9 Oracle en 1977, avec l\u2019aide de coll\u00e8gues. En septembre 2014, Ellison a d\u00e9missionn\u00e9 de son poste de PDG d\u2019Oracle, mais il est rest\u00e9 impliqu\u00e9 dans l\u2019entreprise en tant que pr\u00e9sident ex\u00e9cutif et \u00ab directeur technique \u00bb et surtout principal actionnaire.<\/p>\n<p class=\"paragraph text_align_left lp-f-body-02\">Larry Ellison est l\u2019une des figures les plus controvers\u00e9es de la Silicon Valley, d\u00e9cri\u00e9 pour ses m\u00e9thodes commerciales parfois impitoyables et son mode de vie ostentatoire. C\u2019est aussi une figure du sport am\u00e9ricain. Passionn\u00e9 de voile, il a fond\u00e9 une \u00e9quipe qui a remport\u00e9 la prestigieuse America\u2019s Cup en 2013. Il poss\u00e8de \u00e9galement une \u00eele hawa\u00efenne.<\/p>\n<p class=\"paragraph text_align_left lp-f-body-02\">Michael Dell, 60 ans, a fond\u00e9 Dell quand il n\u2019avait que 19 ans et n\u2019\u00e9tait qu\u2019\u00e9tudiant. En 2016, la marque est devenue le premier plus grand constructeur d\u2019ordinateurs au monde.<\/p>\n<p class=\"paragraph text_align_left lp-f-body-02\">Michael Dell est aujourd\u2019hui le 11e homme le plus riche du globe <a href=\"https:\/\/www.forbes.com\/profile\/michael-dell\/\" target=\"_self\" rel=\"nofollow noopener\">selon le magazine Forbes<\/a>. Sa fortune personnelle est estim\u00e9e \u00e0 138 milliards de dollars (environ 118 millions d\u2019euros) par Forbes. Mais ce n\u2019est pas de Dell qu\u2019il tire ses revenus : l\u2019essentiel de ceux-ci correspond des participations dans les h\u00f4tels et restaurants.<\/p>\n<p class=\"paragraph text_align_left lp-f-body-02\"><a href=\"https:\/\/www.leparisien.fr\/culture-loisirs\/rupert-murdoch-le-long-feuilleton-dune-succession-a-la-tete-dun-empire-mediatique-01-10-2023-DHHKZ6FQZZCT3DXW2CUPBSSNTM.php\" target=\"_self\" rel=\"nofollow noopener\">Rupert Murdoch<\/a>, 94 ans, est un milliardaire australo-am\u00e9ricain. Il a b\u00e2ti un empire m\u00e9diatique qui comprend la cha\u00eene c\u00e2bl\u00e9e Fox News, le Times de Londres et le Wall Street Journal. Originaire d\u2019Australie, Rupert Murdoch a h\u00e9rit\u00e9 d\u2019un journal \u00e0 l\u2019\u00e2ge de 22 ans apr\u00e8s le d\u00e9c\u00e8s de son p\u00e8re.<\/p>\n<p class=\"paragraph text_align_left lp-f-body-02\">Le milliardaire, dont la fortune est estim\u00e9e \u00e0 23,8 milliards de dollars (environ 20,4 milliards d\u2019euros), a quitt\u00e9 les pr\u00e9sidences de Fox Corporation, maison m\u00e8re de la cha\u00eene pr\u00e9f\u00e9r\u00e9e des conservateurs am\u00e9ricains Fox News, et de News Corp, en septembre 2023 et a pass\u00e9 le relais \u00e0 son fils Lachlan. Ce dernier pourrait d\u2019ailleurs \u00e9galement faire partie des investisseurs qui prendront les r\u00eanes de TikTok aux \u00c9tats-Unis.<\/p>\n<p class=\"paragraph text_align_left lp-f-body-02\">Consid\u00e9r\u00e9 comme l\u2019un des entrepreneurs les plus influents au monde, <a href=\"https:\/\/www.leparisien.fr\/societe\/rupert-murdoch-se-marie-pour-la-cinquieme-fois-a-lage-de-93-ans-03-06-2024-FPLGSHWI2VBVRN645ULRLQLTDE.php\" target=\"_self\" rel=\"nofollow noopener\">Rupert Murdoch s\u2019est mari\u00e9 l\u2019ann\u00e9e derni\u00e8re avec Elena Joukova<\/a>, une biologiste mol\u00e9culaire \u00e0 la retraite d\u2019origine russe de 67 ans.<\/p>\n<p>\u00ab Prot\u00e9ger la confidentialit\u00e9 des donn\u00e9es des Am\u00e9ricains \u00bb<\/p>\n<p class=\"paragraph text_align_left lp-f-body-02\">Donald Trump a confirm\u00e9 que la version am\u00e9ricaine de <a href=\"https:\/\/www.leparisien.fr\/high-tech\/tiktok-une-enquete-ouverte-dans-lue-sur-le-stockage-en-chine-de-donnees-personnelles-10-07-2025-H2Q6B4CZUVDGBJE6OHBD4WAYZ4.php\" target=\"_self\" rel=\"nofollow noopener\">TikTok<\/a> serait dot\u00e9e d\u2019une copie de l\u2019algorithme de l\u2019application, consid\u00e9r\u00e9 comme la cl\u00e9 de son succ\u00e8s. \u00ab Notre objectif fondamental \u00e9tait de maintenir le fonctionnement de TikTok, tout en veillant \u00e0 prot\u00e9ger la confidentialit\u00e9 des donn\u00e9es des Am\u00e9ricains, conform\u00e9ment \u00e0 la loi \u00bb, a assur\u00e9 jeudi le vice-pr\u00e9sident am\u00e9ricain JD Vance.<\/p>\n<p class=\"paragraph text_align_left lp-f-body-02\">Le Congr\u00e8s, qui craignait de voir les autorit\u00e9s chinoises acc\u00e9der aux donn\u00e9es des utilisateurs am\u00e9ricains ou modifier l\u2019algorithme pour les influencer, a adopt\u00e9 en 2024 une loi contraignant TikTok \u00e0 s\u2019\u00e9manciper de ByteDance, sous peine d\u2019interdiction. Donald Trump a plusieurs fois prolong\u00e9 la date butoir afin de trouver un accord de reprise. Selon le d\u00e9cret publi\u00e9 jeudi, elle court d\u00e9sormais jusqu\u2019au 23 janvier 2026.<\/p>\n<p class=\"paragraph text_align_left lp-f-body-02\">JD Vance, ancien capital-risqueur qui a dirig\u00e9 l\u2019\u00e9quipe charg\u00e9e de trouver une solution pour TikTok, a d\u00e9clar\u00e9 que l\u2019entit\u00e9 am\u00e9ricaine serait \u00e9valu\u00e9e \u00e0 environ 14 milliards de dollars, tout en ajoutant que le dernier mot reviendrait aux investisseurs.<\/p>\n<p class=\"paragraph text_align_left lp-f-body-02\">Interrog\u00e9 sur une validation de cet accord par les autorit\u00e9s chinoises, Donald Trump a assur\u00e9 que le pr\u00e9sident Xi Jinping avait donn\u00e9 son feu vert lors d\u2019un appel t\u00e9l\u00e9phonique la semaine derni\u00e8re. \u00ab J\u2019ai beaucoup de respect pour le pr\u00e9sident Xi, et j\u2019appr\u00e9cie \u00e9norm\u00e9ment qu\u2019il ait approuv\u00e9 l\u2019accord, car pour le mener \u00e0 bien, nous avions vraiment besoin du soutien de la Chine \u00bb, a-t-il d\u00e9clar\u00e9.<\/p>\n<p class=\"paragraph text_align_left lp-f-body-02\">Lors de l\u2019appel t\u00e9l\u00e9phonique entre les deux pr\u00e9sidents, Xi Jinping avait demand\u00e9 \u00e0 son homologue am\u00e9ricain d\u2019\u00e9viter les restrictions commerciales \u00ab unilat\u00e9rales \u00bb et de pr\u00e9server un climat \u00ab non discriminatoire \u00bb pour les entreprises chinoises, avait rapport\u00e9 la cha\u00eene d\u2019\u00c9tat chinoise CCTV.<\/p>\n<p class=\"paragraph text_align_left lp-f-body-02\">Contact\u00e9s par l\u2019AFP, ByteDance et TikTok n\u2019ont pas r\u00e9pondu dans l\u2019imm\u00e9diat.<\/p>\n","protected":false},"excerpt":{"rendered":"Donald Trump a sign\u00e9 ce jeudi un d\u00e9cret d\u00e9finissant les contours de la cession des activit\u00e9s am\u00e9ricaines de&hellip;\n","protected":false},"author":2,"featured_media":418731,"comment_status":"","ping_status":"","sticky":false,"template":"","format":"standard","meta":{"footnotes":""},"categories":[1589],"tags":[11,73,1866,142,14,12,1864,1865,1863,308],"class_list":{"0":"post-418730","1":"post","2":"type-post","3":"status-publish","4":"format-standard","5":"has-post-thumbnail","7":"category-etats-unis","8":"tag-actualites","9":"tag-etats-unis","10":"tag-etats-unis-damerique","11":"tag-high-tech","12":"tag-international","13":"tag-news","14":"tag-united-states","15":"tag-united-states-of-america","16":"tag-us","17":"tag-usa"},"share_on_mastodon":{"url":"https:\/\/pubeurope.com\/@fr\/115270209123029790","error":""},"_links":{"self":[{"href":"https:\/\/www.europesays.com\/fr\/wp-json\/wp\/v2\/posts\/418730","targetHints":{"allow":["GET"]}}],"collection":[{"href":"https:\/\/www.europesays.com\/fr\/wp-json\/wp\/v2\/posts"}],"about":[{"href":"https:\/\/www.europesays.com\/fr\/wp-json\/wp\/v2\/types\/post"}],"author":[{"embeddable":true,"href":"https:\/\/www.europesays.com\/fr\/wp-json\/wp\/v2\/users\/2"}],"replies":[{"embeddable":true,"href":"https:\/\/www.europesays.com\/fr\/wp-json\/wp\/v2\/comments?post=418730"}],"version-history":[{"count":0,"href":"https:\/\/www.europesays.com\/fr\/wp-json\/wp\/v2\/posts\/418730\/revisions"}],"wp:featuredmedia":[{"embeddable":true,"href":"https:\/\/www.europesays.com\/fr\/wp-json\/wp\/v2\/media\/418731"}],"wp:attachment":[{"href":"https:\/\/www.europesays.com\/fr\/wp-json\/wp\/v2\/media?parent=418730"}],"wp:term":[{"taxonomy":"category","embeddable":true,"href":"https:\/\/www.europesays.com\/fr\/wp-json\/wp\/v2\/categories?post=418730"},{"taxonomy":"post_tag","embeddable":true,"href":"https:\/\/www.europesays.com\/fr\/wp-json\/wp\/v2\/tags?post=418730"}],"curies":[{"name":"wp","href":"https:\/\/api.w.org\/{rel}","templated":true}]}}