{"id":418749,"date":"2025-09-26T11:01:14","date_gmt":"2025-09-26T11:01:14","guid":{"rendered":"https:\/\/www.europesays.com\/fr\/418749\/"},"modified":"2025-09-26T11:01:14","modified_gmt":"2025-09-26T11:01:14","slug":"quartararo-na-pas-pu-tester-un-nouvel-echappement-yamaha-prometteur","status":"publish","type":"post","link":"https:\/\/www.europesays.com\/fr\/418749\/","title":{"rendered":"Quartararo n&rsquo;a pas pu tester un nouvel \u00e9chappement Yamaha prometteur"},"content":{"rendered":"<p>Les essais du V4 ont concentr\u00e9 l&rsquo;essentiel de l&rsquo;attention chez Yamaha ces derni\u00e8res semaines, mais le constructeur japonais continue \u00e0 faire \u00e9voluer sa moto actuelle. Ce vendredi \u00e0 Motegi, les pilotes avaient ainsi un nouvel \u00e9chappement \u00e0 disposition. <a href=\"https:\/\/fr.motorsport.com\/driver\/alex-rins\/109402\/\" target=\"_blank\" rel=\"noopener nofollow\">\u00c1lex Rins<\/a> n&rsquo;a pas per\u00e7u de changement de comportement mais les donn\u00e9es ont confirm\u00e9 un gain de puissance.<\/p>\n<p>\u00ab\u00a0Je l&rsquo;ai test\u00e9 et je n&rsquo;ai rien senti [de diff\u00e9rent]\u00a0\u00bb, a reconnu l&rsquo;Espagnol. \u00ab\u00a0Sur le papier, il semble l\u00e9g\u00e8rement meilleur en termes de puissance. On ne l&rsquo;a pas utilis\u00e9 dans l&rsquo;apr\u00e8s-midi, ils le gardent peut-\u00eatre pour la course sprint ou la course. Mais c&rsquo;\u00e9tait un petit peu mieux dans les donn\u00e9es. Je n&rsquo;ai rien senti dans le pilotage [mais] c&rsquo;est bien s&rsquo;il y a plus de puissance.\u00a0\u00bb<\/p>\n<p>Du c\u00f4t\u00e9 de <a href=\"https:\/\/fr.motorsport.com\/driver\/fabio-quartararo\/109400\/\" target=\"_blank\" rel=\"noopener nofollow\">Fabio Quartararo<\/a>, l&rsquo;\u00e9chappement a \u00e9t\u00e9 mont\u00e9 sur l&rsquo;une des deux machines mais le Fran\u00e7ais n&rsquo;a pas pu v\u00e9ritablement l&rsquo;essayer. \u00ab\u00a0On a eu un souci sur notre moto, et il semble qu&rsquo;ensuite il n&rsquo;\u00e9tait pas possible de tester l&rsquo;\u00e9chappement\u00a0\u00bb, a expliqu\u00e9 Quartararo. \u00ab\u00a0J&rsquo;ai fait moins d&rsquo;un tour [avec] et on est repass\u00e9s sur la moto de base.\u00a0\u00bb<\/p>\n<p>Une Q2 assur\u00e9e sans enthousiasme chez Quartararo<\/p>\n<p>Cette Yamaha dans sa configuration classique a n\u00e9anmoins permis \u00e0 Fabio Quartararo d&rsquo;assurer assez facilement sa place en Q2. Le champion du monde 2021 a sign\u00e9 le huiti\u00e8me temps en fin de s\u00e9ance, et il est comme souvent le seul repr\u00e9sentant du constructeur assur\u00e9 de disputer la deuxi\u00e8me partie des qualifications pour le moment.<\/p>\n<p>\u00ab\u00a0Je suis content d&rsquo;\u00eatre en Q2. Mais je ne suis pas super, super content des Essais. C&rsquo;est mieux d&rsquo;\u00eatre en Q2 d\u00e8s le vendredi parce qu&rsquo;on sait \u00e0 quel point c&rsquo;est difficile de passer de la Q1 \u00e0 la Q2 le vendredi.\u00a0\u00bb<\/p>\n<p>   <img decoding=\"async\" draggable=\"false\" src=\"https:\/\/www.europesays.com\/fr\/wp-content\/uploads\/2025\/09\/1758884474_440_fabio-quartararo-yamaha-factor.jpg\" alt=\"Fabio Quartararo, Yamaha Factory Racing\" width=\"1200\" height=\"800\" loading=\"lazy\"\/> <\/p>\n<p class=\"title\">Fabio Quartararo, Yamaha Factory Racing<\/p>\n<p class=\"photographer\">Photo de: Gold and Goose Photography \/ LAT Images \/ via Getty Images<\/p>\n<p>Quartararo a \u00e9galement montr\u00e9 des signes prometteurs en rythme de course&#8230; mais craint de vite plafonner : \u00ab\u00a0Le rythme n&rsquo;est pas mauvais pendant six tours. Le probl\u00e8me est que je donne tout le temps 100% et d&rsquo;autres, comme Bezzecchi, ont toujours une petite marge dans le rythme.\u00a0\u00bb<\/p>\n<p>\u00ab\u00a0Quand la vitesse arrive, je suis d\u00e9j\u00e0 \u00e0 la limite de mon rythme et plus je fais de tours, moins bien c&rsquo;est. Je ne dirais pas qu&rsquo;on est super bons, mais c&rsquo;est comme \u00e7a.\u00a0\u00bb<\/p>\n<p>Lire aussi :<\/p>\n","protected":false},"excerpt":{"rendered":"Les essais du V4 ont concentr\u00e9 l&rsquo;essentiel de l&rsquo;attention chez Yamaha ces derni\u00e8res semaines, mais le constructeur japonais&hellip;\n","protected":false},"author":2,"featured_media":418750,"comment_status":"","ping_status":"","sticky":false,"template":"","format":"standard","meta":{"footnotes":""},"categories":[1413],"tags":[1680,1011,27,1581,1457,1456,1458,54836,60,51359,10648,3796],"class_list":{"0":"post-418749","1":"post","2":"type-post","3":"status-publish","4":"format-standard","5":"has-post-thumbnail","7":"category-moto","8":"tag-fabio-quartararo","9":"tag-fr","10":"tag-france","11":"tag-gp-du-japon","12":"tag-moto","13":"tag-motocycle","14":"tag-motogp","15":"tag-quartararo-na-pas-pu-tester-un-nouvel-u00e9chappement-yamaha-prometteur","16":"tag-sports","17":"tag-twin-ring-motegi","18":"tag-u00c1lex-rins","19":"tag-yamaha-factory-racing"},"share_on_mastodon":{"url":"https:\/\/pubeurope.com\/@fr\/115270260540129349","error":""},"_links":{"self":[{"href":"https:\/\/www.europesays.com\/fr\/wp-json\/wp\/v2\/posts\/418749","targetHints":{"allow":["GET"]}}],"collection":[{"href":"https:\/\/www.europesays.com\/fr\/wp-json\/wp\/v2\/posts"}],"about":[{"href":"https:\/\/www.europesays.com\/fr\/wp-json\/wp\/v2\/types\/post"}],"author":[{"embeddable":true,"href":"https:\/\/www.europesays.com\/fr\/wp-json\/wp\/v2\/users\/2"}],"replies":[{"embeddable":true,"href":"https:\/\/www.europesays.com\/fr\/wp-json\/wp\/v2\/comments?post=418749"}],"version-history":[{"count":0,"href":"https:\/\/www.europesays.com\/fr\/wp-json\/wp\/v2\/posts\/418749\/revisions"}],"wp:featuredmedia":[{"embeddable":true,"href":"https:\/\/www.europesays.com\/fr\/wp-json\/wp\/v2\/media\/418750"}],"wp:attachment":[{"href":"https:\/\/www.europesays.com\/fr\/wp-json\/wp\/v2\/media?parent=418749"}],"wp:term":[{"taxonomy":"category","embeddable":true,"href":"https:\/\/www.europesays.com\/fr\/wp-json\/wp\/v2\/categories?post=418749"},{"taxonomy":"post_tag","embeddable":true,"href":"https:\/\/www.europesays.com\/fr\/wp-json\/wp\/v2\/tags?post=418749"}],"curies":[{"name":"wp","href":"https:\/\/api.w.org\/{rel}","templated":true}]}}