{"id":418765,"date":"2025-09-26T11:10:12","date_gmt":"2025-09-26T11:10:12","guid":{"rendered":"https:\/\/www.europesays.com\/fr\/418765\/"},"modified":"2025-09-26T11:10:12","modified_gmt":"2025-09-26T11:10:12","slug":"poursuites-abandonnees-contre-mo-chara-le-rappeur-du-trio-kneecap-actualites","status":"publish","type":"post","link":"https:\/\/www.europesays.com\/fr\/418765\/","title":{"rendered":"Poursuites abandonn\u00e9es contre Mo Chara, le rappeur du trio Kneecap : Actualit\u00e9s"},"content":{"rendered":"<p class=\"lead \">Les poursuites pour \u00ab\u00a0infraction terroriste\u00a0\u00bb contre le rappeur Mo Chara du trio de rap nord-irlandais Kneecap ont \u00e9t\u00e9 abandonn\u00e9es vendredi par la justice britannique, en raison d&rsquo;une erreur de proc\u00e9dure.<\/p>\n<p class=\"lead \">\u00ab\u00a0La proc\u00e9dure a \u00e9t\u00e9 engag\u00e9e ill\u00e9galement et est donc nulle\u00a0\u00bb, a d\u00e9clar\u00e9 le juge de la cour criminelle de Woolwich, dans le sud de Londres, suscitant des cris de joie parmi les supporters du rappeur (de son vrai nom Liam O&rsquo;Hanna, ou Liam Og O Hannaidh en ga\u00e9lique) pr\u00e9sents \u00e0 l&rsquo;audience.<\/p>\n<p class=\"lead \">\u00ab\u00a0Monsieur O&rsquo;Hanna vous \u00eates libre de partir\u00a0\u00bb, a ajout\u00e9 le juge, insistant sur le fait qu&rsquo;il ne se pronon\u00e7ait pas sur le fond du dossier.<\/p>\n<p class=\"lead \">Mo Chara \u00e9tait accus\u00e9 d'\u00a0\u00bbinfraction terroriste\u00a0\u00bb pour avoir arbor\u00e9 un drapeau du Hezbollah, mouvement islamiste chiite libanais class\u00e9 terroriste au Royaume-Uni, lors d&rsquo;un concert en novembre 2024. Il a d\u00e9menti tout soutien au Hezbollah, d\u00e9non\u00e7ant son inculpation comme une d\u00e9cision \u00ab\u00a0politique\u00a0\u00bb, apr\u00e8s les critiques formul\u00e9es par le trio contre Isra\u00ebl et la guerre \u00e0 Gaza. <\/p>\n<p class=\"lead \">De nombreux soutiens \u00e9taient pr\u00e9sents devant la Cour criminelle de Woolwich, vendredi matin, agitant des drapeaux palestiniens et irlandais. <\/p>\n<p class=\"lead \">\u00ab\u00a0Nous avons gagn\u00e9 (&#8230;). La police politique a \u00e9chou\u00e9. Kneecap est du bon c\u00f4t\u00e9 de l&rsquo;histoire\u00a0\u00bb, a r\u00e9agi le manager du trio Daniel Lambert sur X.<\/p>\n<p class=\"lead \"> Depuis l&rsquo;inculpation du chanteur en mai dernier, le groupe, qui revendique haut et fort son soutien \u00e0 la cause palestinienne, a vu sa notori\u00e9t\u00e9 monter en fl\u00e8che, mais a aussi subi plusieurs annulations de concerts en Allemagne ou en Autriche.<\/p>\n<p class=\"lead \">Les membres de Kneecap ont \u00e9galement \u00e9t\u00e9 emp\u00each\u00e9s d&rsquo;aller en Hongrie, o\u00f9 ils devaient se produire au festival Sziget, interdits d&rsquo;entr\u00e9e au Canada, et ont renonc\u00e9 \u00e0 une tourn\u00e9e aux Etats-Unis.<\/p>\n<p class=\"lead \">Mo Chara avait affirm\u00e9 dans plusieurs interviews qu&rsquo;il ne savait pas \u00e0 quoi ressemblait le drapeau du Hezbollah et que la vid\u00e9o ayant conduit \u00e0 son inculpation avait \u00e9t\u00e9 sortie de son contexte.<\/p>\n<p class=\"lead \">\u00ab\u00a0(Le pr\u00e9sident isra\u00e9lien) Isaac Herzog, un homme dont les Nations unies disent qu&rsquo;il est complice de g\u00e9nocide, \u00e9tait bienvenu pour prendre un th\u00e9 \u00e0 Downing Street la semaine derni\u00e8re. Pendant ce temps, Mo Chara qui d\u00e9nonce les g\u00e9nocides partout dans le monde, est accus\u00e9 d&rsquo;\u00eatre un terroriste\u00a0\u00bb, avait \u00e9crit Kneecap en d\u00e9but de semaine sur ses r\u00e9seaux sociaux.<\/p>\n<p class=\"lead \">&#8211; D\u00e9cision \u00ab\u00a0politique\u00a0\u00bb &#8211;<\/p>\n<p class=\"lead \">Mo Chara a \u00e9t\u00e9 inculp\u00e9 le 21 mai pour s&rsquo;\u00eatre couvert d&rsquo;un drapeau du mouvement islamiste libanais pro-iranien, pendant un concert du groupe \u00e0 Londres le 21 novembre 2024. <\/p>\n<p class=\"lead \">Lors d&rsquo;une premi\u00e8re audience en juin, les avocats du rappeur ont affirm\u00e9 que son inculpation avait formellement eu lieu hors du d\u00e9lai l\u00e9gal de six mois. <\/p>\n<p class=\"lead \">Dans un entretien accord\u00e9 d\u00e9but septembre \u00e0 l&rsquo;AFP, Mo Chara a jug\u00e9 \u00ab\u00a0ridicule\u00a0\u00bb l&rsquo;enqu\u00eate antiterroriste qui le visait.<\/p>\n<p class=\"lead \">Le nom du groupe (kneecap veut dire rotule en anglais) vient de la pratique des groupes paramilitaires qui tiraient sur leurs victimes au niveau des genoux pendant le conflit nord-irlandais.<\/p>\n<p class=\"lead \">Provocateurs audacieux pour leurs fans, extr\u00e9mistes dangereux pour leurs d\u00e9tracteurs, les membres du groupe ont attir\u00e9 l&rsquo;attention m\u00e9diatique et politique ces derniers mois au Royaume-Uni.<\/p>\n<p class=\"lead \">Si certains de ses concerts ont \u00e9t\u00e9 annul\u00e9s ces derniers mois, Kneecap s&rsquo;est produit fin ao\u00fbt au festival de Rock en Seine, en banlieue de Paris, et fin juin lors du c\u00e9l\u00e8bre festival de Glastonbury, dans le sud-ouest de l&rsquo;Angleterre.<\/p>\n<p class=\"lead \">Le trio nord-irlandais, qui a d&rsquo;abord attir\u00e9 l&rsquo;attention en rappant en irlandais et en d\u00e9non\u00e7ant la domination britannique en Irlande du Nord, a acc\u00e9d\u00e9 \u00e0 la notori\u00e9t\u00e9 en 2024 avec son album \u00ab\u00a0Fine Art\u00a0\u00bb et un docu-fiction survolt\u00e9, \u00ab\u00a0Kneecap\u00a0\u00bb, prim\u00e9 notamment au festival du film de Sundance, aux Etats-Unis.<\/p>\n<p class=\"small font-weight-bold text-gray3 \"> publi\u00e9 le 26 septembre \u00e0 12h28, AFP<\/p>\n<p>                             Partager<\/p>\n","protected":false},"excerpt":{"rendered":"Les poursuites pour \u00ab\u00a0infraction terroriste\u00a0\u00bb contre le rappeur Mo Chara du trio de rap nord-irlandais Kneecap ont \u00e9t\u00e9&hellip;\n","protected":false},"author":2,"featured_media":418766,"comment_status":"","ping_status":"","sticky":false,"template":"","format":"standard","meta":{"footnotes":""},"categories":[1355],"tags":[2120,58,59,1011,27,6228,516,16764,3819,1361,873,7621,4780],"class_list":{"0":"post-418765","1":"post","2":"type-post","3":"status-publish","4":"format-standard","5":"has-post-thumbnail","7":"category-musique","8":"tag-conflit","9":"tag-divertissement","10":"tag-entertainment","11":"tag-fr","12":"tag-france","13":"tag-gb","14":"tag-irlande","15":"tag-irlandenord","16":"tag-isral","17":"tag-music","18":"tag-musique","19":"tag-palestiniens","20":"tag-procs"},"share_on_mastodon":{"url":"https:\/\/pubeurope.com\/@fr\/115270295475933826","error":""},"_links":{"self":[{"href":"https:\/\/www.europesays.com\/fr\/wp-json\/wp\/v2\/posts\/418765","targetHints":{"allow":["GET"]}}],"collection":[{"href":"https:\/\/www.europesays.com\/fr\/wp-json\/wp\/v2\/posts"}],"about":[{"href":"https:\/\/www.europesays.com\/fr\/wp-json\/wp\/v2\/types\/post"}],"author":[{"embeddable":true,"href":"https:\/\/www.europesays.com\/fr\/wp-json\/wp\/v2\/users\/2"}],"replies":[{"embeddable":true,"href":"https:\/\/www.europesays.com\/fr\/wp-json\/wp\/v2\/comments?post=418765"}],"version-history":[{"count":0,"href":"https:\/\/www.europesays.com\/fr\/wp-json\/wp\/v2\/posts\/418765\/revisions"}],"wp:featuredmedia":[{"embeddable":true,"href":"https:\/\/www.europesays.com\/fr\/wp-json\/wp\/v2\/media\/418766"}],"wp:attachment":[{"href":"https:\/\/www.europesays.com\/fr\/wp-json\/wp\/v2\/media?parent=418765"}],"wp:term":[{"taxonomy":"category","embeddable":true,"href":"https:\/\/www.europesays.com\/fr\/wp-json\/wp\/v2\/categories?post=418765"},{"taxonomy":"post_tag","embeddable":true,"href":"https:\/\/www.europesays.com\/fr\/wp-json\/wp\/v2\/tags?post=418765"}],"curies":[{"name":"wp","href":"https:\/\/api.w.org\/{rel}","templated":true}]}}