{"id":418774,"date":"2025-09-26T11:15:24","date_gmt":"2025-09-26T11:15:24","guid":{"rendered":"https:\/\/www.europesays.com\/fr\/418774\/"},"modified":"2025-09-26T11:15:24","modified_gmt":"2025-09-26T11:15:24","slug":"test-de-liphone-17-le-meilleur-smartphone-apple-de-lannee-point","status":"publish","type":"post","link":"https:\/\/www.europesays.com\/fr\/418774\/","title":{"rendered":"Test de l&rsquo;iPhone 17 : le meilleur smartphone Apple de l&rsquo;ann\u00e9e, point"},"content":{"rendered":"<p>Pour la premi\u00e8re fois, Apple propose un iPhone \u00ab standard \u00bb aux caract\u00e9ristiques quasiment identiques \u00e0 celles des iPhone \u00ab Pro \u00bb. En r\u00e9sulte un iPhone 17 extr\u00eamement comp\u00e9titif, avec enfin un \u00e9cran 120 Hz et une fiche technique qui n\u2019a rien \u00e0 envier \u00e0 un Pixel 10 ou \u00e0 un Galaxy S25.<\/p>\n<p>Depuis <a href=\"https:\/\/www.numerama.com\/smartphones\/iphone-x\/\" target=\"_blank\" rel=\"noopener\">l\u2019arriv\u00e9e de l\u2019iPhone X en 2017<\/a>, Apple scinde ses smartphones en deux cat\u00e9gories : il y a d\u2019un c\u00f4t\u00e9 les iPhone normaux, qui se contentent dor\u00e9navant d\u2019un num\u00e9ro (8, XR, 11, 12\u2026) et de l\u2019autre les iPhone les plus avanc\u00e9s, qui portent aujourd\u2019hui l\u2019appellation Pro (X, XS, 11 Pro, 12 Pro\u2026). Le probl\u00e8me est qu\u2019Apple a longtemps r\u00e9serv\u00e9 ses meilleures nouveaut\u00e9s aux mod\u00e8les Pro, pour cr\u00e9er un d\u00e9calage technologique et vous donner envie de d\u00e9penser plus pour le meilleur iPhone. Il y a eu quelques exceptions (<a href=\"https:\/\/www.numerama.com\/tech\/1505550-test-de-liphone-15-le-meilleur-iphone-depuis-longtemps.html\" target=\"_blank\" rel=\"noopener\">l\u2019excellent iPhone 15<\/a> par exemple), mais il est rare que l\u2019iPhone standard soit irr\u00e9prochable. <\/p>\n<p>L\u2019iPhone 17, sans le moindre doute, fait partie des exceptions. \u00c0 969 euros pour 256 Go, cette nouvelle version rattrape d\u2019un seul coup 3 \u00e0 4 g\u00e9n\u00e9rations de retard. Il profite de la refonte de la gamme, qui voit d\u00e9sormais Apple proposer des <a href=\"https:\/\/www.numerama.com\/tech\/2074985-test-de-liphone-17-pro-max-enfin-celui-quon-attendait.html\" data-type=\"post\" data-id=\"2074985\" target=\"_blank\" rel=\"noopener\">iPhone 17 Pro<\/a> au design diff\u00e9rent et aux performances d\u00e9cupl\u00e9es, pour enfin se mettre au niveau de la concurrence. Voire pour la d\u00e9passer.<\/p>\n<p>                    <img decoding=\"async\" width=\"218\" height=\"135\" loading=\"lazy\" alt=\"iPhone 17 \/\/ Source : Capture d'\u00e9cran Numerama\" title=\"iPhone 17 \/\/ Source : Capture d'\u00e9cran Numerama\" class=\"is-block is-radiused w-100 placeholder-default wp-image\" src=\"https:\/\/www.europesays.com\/fr\/wp-content\/uploads\/2025\/09\/apple-event-september-9-33-18-screenshot-300x169.jpg\" \/>                                            <\/p>\n<p>            Points forts        <\/p>\n<ul class=\"is-size-subtitle list-styled ml-2 mt-1\">\n<li class=\"pb-1\">Le meilleur \u00e9cran \u00e0 moins de 1000 euros (enfin en 120 Hz !)<\/li>\n<li class=\"pb-1\">Tr\u00e8s peu de diff\u00e9rences avec l\u2019iPhone 17 Pro<\/li>\n<li class=\"pb-1\">6,3 pouces est une taille parfaite<\/li>\n<li class=\"pb-1\">Des couleurs plus vari\u00e9es que sur les 17 Pro<\/li>\n<li class=\"pb-1\">Recharge vraiment rapide et bonne autonomie<\/li>\n<li class=\"pb-1\">256 Go au minimum<\/li>\n<\/ul>\n<p>            Points faibles        <\/p>\n<ul class=\"is-size-subtitle list-styled ml-2 mt-1\">\n<li class=\"pb-1\">Pas de zoom optique<\/li>\n<li class=\"pb-1\">La fin du mode\u0300le Plus est dommage<\/li>\n<\/ul>\n<p>Nos tests des iPhone 17 en vid\u00e9o<\/p>\n<p>Sur YouTube, Numerama vous propose deux vid\u00e9os d\u00e9di\u00e9es aux nouveaux iPhone 17, 17 Pro et Air : <\/p>\n<\/p>\n<p>            Ce contenu est bloqu\u00e9 car vous n\u2019avez pas accept\u00e9 les cookies et autres traceurs. Ce contenu est fourni par YouTube.<br \/>Pour pouvoir le visualiser, vous devez accepter l\u2019usage \u00e9tant op\u00e9r\u00e9 par YouTube avec vos donn\u00e9es qui pourront \u00eatre utilis\u00e9es pour les finalit\u00e9s suivantes : vous permettre de visualiser et de partager des contenus avec des m\u00e9dias sociaux, favoriser le d\u00e9veloppement et l\u2019am\u00e9lioration des produits d\u2019Humanoid et de ses partenaires, vous afficher des publicit\u00e9s personnalis\u00e9es par rapport \u00e0 votre profil et activit\u00e9, vous d\u00e9finir un profil publicitaire personnalis\u00e9, mesurer la performance des publicit\u00e9s et du contenu de ce site et mesurer l\u2019audience de ce site <a href=\"#\" class=\"js-privacy\" target=\"_blank\">(en savoir plus)<\/a>        <\/p>\n<p>            En cliquant sur \u00ab J\u2019accepte tout \u00bb, vous consentez aux finalit\u00e9s susmentionn\u00e9es pour l\u2019ensemble des cookies et autres traceurs d\u00e9pos\u00e9s par Humanoid et <a class=\"embed-consent-overlay-vendors-link\" href=\"#preferences-vendeurs\">ses partenaires<\/a>.        <\/p>\n<p>            Vous gardez la possibilit\u00e9 de retirer votre consentement \u00e0 tout moment. Pour plus d\u2019informations, nous vous invitons \u00e0 prendre connaissance de notre <a href=\"https:\/\/www.numerama.com\/politique-cookies\" target=\"_blank\" rel=\"noopener\">Politique cookies<\/a>.        <\/p>\n<p>        J\u2019accepte tout    <\/p>\n<p class=\"embed-consent-overlay-manage-choices\">        <a href=\"#preferences-publicitaires\">G\u00e9rer mes choix<\/a>    <\/p>\n<\/p>\n<p>            Ce contenu est bloqu\u00e9 car vous n\u2019avez pas accept\u00e9 les cookies et autres traceurs. Ce contenu est fourni par YouTube.<br \/>Pour pouvoir le visualiser, vous devez accepter l\u2019usage \u00e9tant op\u00e9r\u00e9 par YouTube avec vos donn\u00e9es qui pourront \u00eatre utilis\u00e9es pour les finalit\u00e9s suivantes : vous permettre de visualiser et de partager des contenus avec des m\u00e9dias sociaux, favoriser le d\u00e9veloppement et l\u2019am\u00e9lioration des produits d\u2019Humanoid et de ses partenaires, vous afficher des publicit\u00e9s personnalis\u00e9es par rapport \u00e0 votre profil et activit\u00e9, vous d\u00e9finir un profil publicitaire personnalis\u00e9, mesurer la performance des publicit\u00e9s et du contenu de ce site et mesurer l\u2019audience de ce site <a href=\"#\" class=\"js-privacy\" target=\"_blank\">(en savoir plus)<\/a>        <\/p>\n<p>            En cliquant sur \u00ab J\u2019accepte tout \u00bb, vous consentez aux finalit\u00e9s susmentionn\u00e9es pour l\u2019ensemble des cookies et autres traceurs d\u00e9pos\u00e9s par Humanoid et <a class=\"embed-consent-overlay-vendors-link\" href=\"#preferences-vendeurs\">ses partenaires<\/a>.        <\/p>\n<p>            Vous gardez la possibilit\u00e9 de retirer votre consentement \u00e0 tout moment. Pour plus d\u2019informations, nous vous invitons \u00e0 prendre connaissance de notre <a href=\"https:\/\/www.numerama.com\/politique-cookies\" target=\"_blank\" rel=\"noopener\">Politique cookies<\/a>.        <\/p>\n<p>        J\u2019accepte tout    <\/p>\n<p class=\"embed-consent-overlay-manage-choices\">        <a href=\"#preferences-publicitaires\">G\u00e9rer mes choix<\/a>    <\/p>\n<p>Un \u00e9cran vraiment Pro : ne vous fiez pas \u00e0 son design inchang\u00e9, les nouveaut\u00e9s des iPhone 17 sont nombreuses<\/p>\n<p>Depuis plusieurs jours, Numerama teste l\u2019iPhone 17 dans sa version verte, qu\u2019Apple appelle sobrement \u00ab sauge \u00bb. Nous allons vous \u00e9pargner la description compl\u00e8te de ce qu\u2019est un iPhone : on imagine que vous connaissez d\u00e9j\u00e0 les diff\u00e9rences entre iOS et Android. Ce que l\u2019on peut vous dire est qu\u2019un iPhone standard n\u2019a jamais \u00e9t\u00e9 aussi s\u00e9duisant : c\u2019est la premi\u00e8re fois qu\u2019un iPhone non-Pro ne nous donne pas l\u2019impression de revenir en arri\u00e8re. <\/p>\n<p><a href=\"https:\/\/www.numerama.com\/wp-content\/uploads\/2025\/09\/iphone-17-dos.jpg\" target=\"_blank\" rel=\"noopener\"><img decoding=\"async\" width=\"1024\" height=\"576\" loading=\"lazy\" alt=\"Le dos de l'iPhone 17 est tr\u00e8s ressemblant \u00e0 celui de l'iPhone 16. \/\/ Source : Numerama\" title=\"Le dos de l'iPhone 17 est tr\u00e8s ressemblant \u00e0 celui de l'iPhone 16. \/\/ Source : Numerama\" class=\"wp-image-2082403 placeholder-default wp-image\" src=\"https:\/\/www.europesays.com\/fr\/wp-content\/uploads\/2025\/09\/iphone-17-dos-1024x576.jpg\" \/><\/a>Le dos de l\u2019iPhone 17 est tr\u00e8s ressemblant \u00e0 celui de l\u2019iPhone 16. \/\/ Source : Numerama<\/p>\n<p>Au programme cette ann\u00e9e, beaucoup de nouveaut\u00e9s issues des gammes sup\u00e9rieures, qu\u2019Apple n\u2019avait jusque-l\u00e0 jamais propos\u00e9 sur les iPhone normaux\u00a0:<\/p>\n<ul class=\"wp-block-list\">\n<li>Pour la premi\u00e8re fois, il y a <strong>un \u00e9cran ProMotion<\/strong> sur un iPhone standard. Le taux de rafra\u00eechissement passe de 60 Hz constant \u00e0 1-120 Hz, ce qui signifie deux fois plus de fluidit\u00e9 quand on fait d\u00e9filer une page.  Une nouveaut\u00e9 qui date de l\u2019<strong>iPhone 14 Pro<\/strong>, que l\u2019ensemble de l\u2019\u00e9cosyst\u00e8me Android a adopt\u00e9 depuis, mais qu\u2019Apple n\u2019avait pas mis sur les iPhone 15 et 16. <\/li>\n<li>Quand le t\u00e9l\u00e9phone est en veille, il dispose d\u2019un <strong>mode toujours allum\u00e9<\/strong>, avec l\u2019heure, les notifications et le fond d\u2019\u00e9cran qui restent \u00e0 l\u2019\u00e9cran en permanence. Ce n\u2019est pas notre nouveaut\u00e9 pr\u00e9f\u00e9r\u00e9e (la plupart des gens la d\u00e9sactiveront), mais c\u2019est encore une fois une fonctionnalit\u00e9 exclusive aux mod\u00e8les pro depuis l\u2019<strong>iPhone 14 Pro<\/strong>.  <\/li>\n<li>Les <strong>bordures de l\u2019\u00e9cran<\/strong> sont beaucoup plus fines sur l\u2019iPhone 17. Il r\u00e9cup\u00e8re le m\u00eame proc\u00e9d\u00e9 que celui de l\u2019<strong>iPhone 16 Pro<\/strong> sorti l\u2019ann\u00e9e derni\u00e8re.<\/li>\n<li>La taille de l\u2019\u00e9cran \u00e9volue \u00e9galement : on passe <strong>de 6,1 \u00e0 6,3 pouces<\/strong>. Apple aligne ainsi l\u2019iPhone 17 sur l\u2019<strong>iPhone 16 Pro<\/strong> et l\u2019iPhone 17 Pro. En revanche, <a href=\"https:\/\/www.numerama.com\/tech\/2070195-mais-ou-est-passe-liphone-17-plus-ce-telephone-ne-sortira-jamais.html\" data-type=\"post\" data-id=\"2070195\" target=\"_blank\" rel=\"noopener\">le mod\u00e8le Plus (6,7 pouces) n\u2019existe plus<\/a>. C\u2019est dommage : il se vendait moins que les autres, mais \u00e9tait tr\u00e8s bon. <\/li>\n<li>L\u2019iPhone passe de 128 Go \u00e0 <strong>256 Go<\/strong> en version de base, sans augmentation du prix. Le passage \u00e0 256 Go par d\u00e9faut avait \u00e9t\u00e9 r\u00e9serv\u00e9 \u00e0 l\u2019<strong>iPhone 16 Pro Max<\/strong> l\u2019ann\u00e9e pass\u00e9e. <\/li>\n<li>Au dos, l\u2019iPhone 17 dispose d\u2019un <strong>capteur ultra grand-angle de 48<\/strong> <strong>Mpix<\/strong>, contre 12 Mpix pour l\u2019iPhone 16. Il s\u2019agit du m\u00eame capteur que sur les <strong>iPhone 16 Pro<\/strong>. <\/li>\n<li>Enfin, il y a aussi les nouveaut\u00e9s de cette ann\u00e9e, qu\u2019Apple ne r\u00e9serve pas aux<strong> iPhone 17 Pro<\/strong>. Parmi elles : le nouveau <strong>capteur de 18 Mpix pour les selfies,<\/strong> le verre <strong>Ceramic Shield 2<\/strong> <strong>plus solide<\/strong>, le <strong>rev\u00eatement anti-reflets<\/strong>, la <strong>recharge rapide 40 W<\/strong>, la <strong>puce N1 pour le Wi-Fi et le Bluetooth<\/strong>, le mode <strong>Double Capture en vid\u00e9o<\/strong>.<\/li>\n<\/ul>\n<p><a href=\"https:\/\/www.numerama.com\/wp-content\/uploads\/2025\/09\/iphone-17-ecran.jpg\" target=\"_blank\" rel=\"noopener\"><img decoding=\"async\" width=\"1024\" height=\"576\" loading=\"lazy\" alt=\"Les bordures de l'iPhone 17 sont les plus fines du march\u00e9. Apple n'a pas de concurrent \u00e0 ce prix.\" title=\"Les bordures de l'iPhone 17 sont les plus fines du march\u00e9. Apple n'a pas de concurrent \u00e0 ce prix.\" class=\"wp-image-2082399 placeholder-default wp-image\" src=\"https:\/\/www.europesays.com\/fr\/wp-content\/uploads\/2025\/09\/iphone-17-ecran-1024x576.jpg\" \/><\/a>Les bordures de l\u2019iPhone 17 sont les plus fines du march\u00e9. Apple n\u2019a pas de concurrent \u00e0 ce prix.<\/p>\n<p>Si nous appr\u00e9cions particuli\u00e8rement le stockage doubl\u00e9, la vraie force de l\u2019iPhone 17 est son \u00e9cran. Il n\u2019y aucune diff\u00e9rence entre la dalle OLED d\u2019un iPhone 17 et celle d\u2019un iPhone 17 Pro, ce qui n\u2019\u00e9tait jamais arriv\u00e9 chez Apple. On salue fortement cette d\u00e9cision de la marque, qui vient de faire de l\u2019iPhone 17 un produit quasiment imbattable dans sa cat\u00e9gorie. M\u00eame Samsung, pourtant pr\u00e9sent\u00e9 comme l\u2019exemple \u00e0 suivre, r\u00e9serve son meilleur \u00e9cran au <a href=\"https:\/\/www.numerama.com\/smartphones\/galaxy-s25-ultra\/\" data-type=\"smartphones\" data-id=\"1876984\" target=\"_blank\" rel=\"noopener\">Galaxy S25 Ultra<\/a>. L\u2019iPhone 17 est le seul \u00e0 moins de 1\u00a0000 euros \u00e0 en proposer autant, dont un rev\u00eatement anti-reflets tr\u00e8s agr\u00e9able en ext\u00e9rieur (-33 % par rapport \u00e0 avant). <\/p>\n<p>Une recharge vraiment plus rapide : la petite surprise de l\u2019iPhone 17 <\/p>\n<p>Avec ses nouveaux smartphones, Apple passe \u00e0 la <strong>recharge rapide 40 W<\/strong>. Mais cette nouveaut\u00e9 n\u2019\u00e9tait pas vraiment impressionnante sur l\u2019<a href=\"https:\/\/www.numerama.com\/tech\/2074985-test-de-liphone-17-pro-max-enfin-celui-quon-attendait.html\" data-type=\"post\" data-id=\"2074985\" target=\"_blank\" rel=\"noopener\">iPhone 17 Pro Max<\/a> qui, avec sa grosse batterie, allait seulement un peu plus vite que son pr\u00e9d\u00e9cesseur. <\/p>\n<p>Selon les mesures de Numerama, l\u2019iPhone 17 n\u2019a pas ce probl\u00e8me. En 10 minutes, il r\u00e9cup\u00e8re 30 %. <strong>En 20 minutes, il atteint les 55 %<\/strong>\u2026\u00a0Un record absolu pour un iPhone, avec un temps de recharge complet en 1h19. C\u2019est une vraie avanc\u00e9e pour les utilisateurs de l\u2019appareil, qui peuvent d\u00e9sormais r\u00e9cup\u00e9rer 72 % d\u2019autonomie, soit assez pour tenir une journ\u00e9e, en une demi-heure. <\/p>\n<p><a href=\"https:\/\/www.numerama.com\/wp-content\/uploads\/2025\/09\/screenshot-2025-09-25-at-162820.png\" target=\"_blank\" rel=\"noopener\"><img decoding=\"async\" width=\"1024\" height=\"739\" loading=\"lazy\" alt=\"La courbe de recharge de l'iPhone 17 est une vraie avanc\u00e9e pour Apple.\" title=\"La courbe de recharge de l'iPhone 17 est une vraie avanc\u00e9e pour Apple.\" class=\"wp-image-2082289 placeholder-default wp-image\" src=\"https:\/\/www.europesays.com\/fr\/wp-content\/uploads\/2025\/09\/screenshot-2025-09-25-at-162820-1024x739.png\" \/><\/a>La courbe de recharge de l\u2019iPhone 17 est une vraie avanc\u00e9e pour Apple. \/\/ Source : <a href=\"https:\/\/public.flourish.studio\/visualisation\/25118616\/\" rel=\"nofollow noopener\" target=\"_blank\">Cliquez-ici pour acc\u00e9der au graphique interactif<\/a><\/p>\n<p>Et la batterie ? Apple promet une am\u00e9lioration cette ann\u00e9e et tient sa promesse, m\u00eame si les iPhone 15 et iPhone 16 \u00e9taient d\u00e9j\u00e0 endurants. En trois jours d\u2019iPhone 17, nous n\u2019avons <strong>jamais termin\u00e9 sous les 20 % de batterie autour de minuit.<\/strong> L\u2019avantage de la charge ultra-rapide est que, m\u00eame lors des jours o\u00f9 vous ferez beaucoup de choses, quelques minutes sur un chargeur rapide suffiront \u00e0 repartir pour des heures. <\/p>\n<p><a href=\"https:\/\/www.numerama.com\/wp-content\/uploads\/2025\/09\/iphone-17-family.jpg\" target=\"_blank\" rel=\"noopener\"><img decoding=\"async\" width=\"1024\" height=\"576\" loading=\"lazy\" alt=\"iPhone 17, iPhone Air, iPhone 17 Pro et iPhone 17 Pro Max : cette ann\u00e9e, il y a trois propositions bien diff\u00e9rentes. \/\/ Source : Numerama\" title=\"iPhone 17, iPhone Air, iPhone 17 Pro et iPhone 17 Pro Max : cette ann\u00e9e, il y a trois propositions bien diff\u00e9rentes. \/\/ Source : Numerama\" class=\"wp-image-2082397 placeholder-default wp-image\" src=\"https:\/\/www.europesays.com\/fr\/wp-content\/uploads\/2025\/09\/iphone-17-family-1024x576.jpg\" \/><\/a>iPhone 17, iPhone Air, iPhone 17 Pro et iPhone 17 Pro Max : cette ann\u00e9e, il y a trois propositions bien diff\u00e9rentes. \/\/ Source : Numerama<\/p>\n<p>Une puce A19 meilleure que l\u2019A18 Pro : l\u2019iPhone 17 fait un bond en avant <\/p>\n<p>Un des seuls points sur lesquels l\u2019iPhone 17 est en retrait par rapport aux iPhone 17 Pro est la puce. Le mod\u00e8le standard se contente d\u2019une A19, l\u00e0 o\u00f9 les autres iPhone de 2025 ont le droit \u00e0 une A19 Pro. Il y a aussi une diff\u00e9rence sur la m\u00e9moire vive : il faut se contenter de 8 Go de <a href=\"https:\/\/www.numerama.com\/tech\/730345-cest-quoi-la-ram.html\" target=\"_blank\" rel=\"noopener\">RAM<\/a> ici, versus 12 Go sur les Pro. <\/p>\n<p>Soyons honn\u00eates : personne ne verra la moindre diff\u00e9rence. Nous avons tout essay\u00e9 sur l\u2019iPhone 17. Jouer, filmer pendant des heures, <a href=\"https:\/\/www.numerama.com\/tech\/2080687-les-iphone-ont-une-fonction-secrete-et-cette-application-permet-de-lactiver.html\" data-type=\"post\" data-id=\"2080687\" target=\"_blank\" rel=\"noopener\">utiliser des LLM en local<\/a>\u2026 L\u2019A19 est largement suffisante. Nos tests de performance r\u00e9v\u00e8lent m\u00eame que la configuration 6 c\u0153urs <a href=\"https:\/\/www.numerama.com\/tech\/1150686-que-signifie-cpu.html\" data-popover-target=\"definition\" data-tag=\"Qu\u2019est-ce qu\u2019un CPU\u00a0?\" data-chapo=\"Le CPU est l&#039;unit\u00e9 centrale de traitement, soit le cerveau d&#039;un ordinateur. C&#039;est le composant \u00e9lectronique qui s&#039;assure que toutes les t\u00e2ches demand\u00e9es sont effectu\u00e9es.\" data-image=\"https:\/\/c0.lestechnophiles.com\/www.numerama.com\/wp-content\/uploads\/2022\/11\/cpu-1024x576.jpg?key=e6d94481\" target=\"_blank\" rel=\"noopener\">CPU<\/a> et 5 c\u0153urs GPU de l\u2019A19 suffit pour battre l\u2019A18 Pro des iPhone 16 Pro. Il est rare de voir Apple proposer un aussi grand gain d\u2019une g\u00e9n\u00e9ration \u00e0 l\u2019autre. Un des seuls d\u00e9fauts est que la puce A19 se limite toujours \u00e0 l\u2019USB 2.0, ce qui est dommage pour un smartphone haut de gamme, mais ce qui n\u2019a pas d\u2019influence sur la recharge. <\/p>\n<p><a href=\"https:\/\/www.numerama.com\/wp-content\/uploads\/2025\/09\/screenshot-2025-09-16-at-115208.png\" target=\"_blank\" rel=\"noopener\"><img decoding=\"async\" width=\"1024\" height=\"740\" loading=\"lazy\" alt=\"Mesures CPU avec Geekbench 6.\" title=\"Mesures CPU avec Geekbench 6.\" class=\"wp-image-2075083 placeholder-default wp-image\" src=\"https:\/\/www.europesays.com\/fr\/wp-content\/uploads\/2025\/09\/screenshot-2025-09-16-at-115208-1024x740.png\" \/><\/a>Mesures CPU avec Geekbench 6. \/\/ Source : <a href=\"https:\/\/public.flourish.studio\/visualisation\/25118613\/\" rel=\"nofollow noopener\" target=\"_blank\">Numerama<\/a><\/p>\n<p><a href=\"https:\/\/www.numerama.com\/wp-content\/uploads\/2025\/09\/screenshot-2025-09-16-at-115345.png\" target=\"_blank\" rel=\"noopener\"><img decoding=\"async\" width=\"1024\" height=\"739\" loading=\"lazy\" alt=\"Mesures GPU avec Geekbench 6.\" title=\"Mesures GPU avec Geekbench 6.\" class=\"wp-image-2075091 placeholder-default wp-image\" src=\"https:\/\/www.europesays.com\/fr\/wp-content\/uploads\/2025\/09\/screenshot-2025-09-16-at-115345-1024x739.png\" \/><\/a>Mesures GPU avec Geekbench 6. \/\/ Source : <a href=\"https:\/\/public.flourish.studio\/visualisation\/25139686\/\" rel=\"nofollow noopener\" target=\"_blank\">Numerama<\/a><\/p>\n<p>Deux appareils photo et des selfies innovants\u00a0: l\u2019iPhone 17 peut faire mieux, mais est tr\u00e8s bon<\/p>\n<p>Enfin, parlons photo. Le module principal de l\u2019iPhone 17 n\u2019\u00e9volue pas : il s\u2019agit toujours d\u2019un capteur principal de 48 Mpix, le m\u00eame que dans l\u2019iPhone 16 et dans l\u2019iPhone 15. On regrette toujours qu\u2019Apple utilise un plus petit capteur sur l\u2019iPhone normal : le 17 Pro dispose d\u2019un capteur plus grand, meilleur la nuit. En vid\u00e9o, les capacit\u00e9s sont globalement identiques : l\u2019iPhone 17 est excellent pour filmer en 4K, mais a moins d\u2019options avanc\u00e9es (Apple r\u00e9serve aux iPhone 17 Pro les codecs professionnels) : <\/p>\n<p><a href=\"https:\/\/www.numerama.com\/wp-content\/uploads\/2025\/09\/img-0006-copy.jpg\" target=\"_blank\" rel=\"noopener\"><img decoding=\"async\" width=\"1024\" height=\"768\" loading=\"lazy\" alt=\"Le capteur principal de l'iPhone 17 est tr\u00e8s bon, malgr\u00e9 de faibles \u00e9volutions.\" title=\"Le capteur principal de l'iPhone 17 est tr\u00e8s bon, malgr\u00e9 de faibles \u00e9volutions.\" class=\"wp-image-2082369 placeholder-default wp-image\" src=\"https:\/\/www.europesays.com\/fr\/wp-content\/uploads\/2025\/09\/img-0006-copy-1024x768.jpg\" \/><\/a>Le capteur principal de l\u2019iPhone 17 est tr\u00e8s bon, malgr\u00e9 de faibles \u00e9volutions. \/\/ Source : Numerama<\/p>\n<p><a href=\"https:\/\/www.numerama.com\/wp-content\/uploads\/2025\/09\/img-0017.jpg\" target=\"_blank\" rel=\"noopener\"><img decoding=\"async\" width=\"1024\" height=\"768\" loading=\"lazy\" alt=\"Contrairement \u00e0 l'iPhone Air, l'iPhone 17 est bon pour prendre des photos de pr\u00e8s.\" title=\"Contrairement \u00e0 l'iPhone Air, l'iPhone 17 est bon pour prendre des photos de pr\u00e8s.\" class=\"wp-image-2082367 placeholder-default wp-image\" src=\"https:\/\/www.europesays.com\/fr\/wp-content\/uploads\/2025\/09\/img-0017-1024x768.jpg\" \/><\/a>Contrairement \u00e0 l\u2019iPhone Air, l\u2019iPhone 17 est bon pour prendre des photos de pr\u00e8s. \/\/ Source : Numerama<\/p>\n<p>Le second capteur de l\u2019iPhone 17 est nouveau : Apple passe de 12 Mpix \u00e0 48 Mpix pour l\u2019ultra grand-angle, ce qui lui permet de prendre des photos plus utilisables qu\u2019auparavant. On reste sur de l\u2019ultra grand-angle moyen, surtout face \u00e0 certains g\u00e9ants chinois (Vivo, Huawei\u2026), mais c\u2019est tout de m\u00eame beaucoup mieux. <\/p>\n<p>                Grand-angle\n        <\/p>\n<p>                Ultra grand-angle\n        <\/p>\n<p>La vraie nouveaut\u00e9 de cette ann\u00e9e est le capteur selfie qui, pour la premi\u00e8re fois sur un smartphone, est carr\u00e9. Le t\u00e9l\u00e9phone peut ainsi prendre des photos verticales ou horizontales sans que vous bougiez, ou d\u00e9zoomer pour les photos de groupe. Pour les selfies, l\u2019iPhone 17 est sans doute le meilleur smartphone du march\u00e9. <\/p>\n<p><a href=\"https:\/\/www.numerama.com\/wp-content\/uploads\/2025\/09\/image-copy.jpg\" target=\"_blank\" rel=\"noopener\"><img decoding=\"async\" width=\"1024\" height=\"741\" loading=\"lazy\" alt=\"Les possibilit\u00e9s de l'iPhone 17 en selfie.\" title=\"Les possibilit\u00e9s de l'iPhone 17 en selfie.\" class=\"wp-image-2082363 placeholder-default wp-image\" src=\"https:\/\/www.europesays.com\/fr\/wp-content\/uploads\/2025\/09\/image-copy-1024x741.jpg\" \/><\/a>Les possibilit\u00e9s de l\u2019iPhone 17 en selfie. \/\/ Source : Numerama<\/p>\n<p>Reste un petit probl\u00e8me : le zoom. Contrairement \u00e0<a href=\"https:\/\/www.numerama.com\/smartphones\/pixel-10\/\" target=\"_blank\" rel=\"noopener\"> Google et son Pixel 10 \u00e0 899 euros<\/a> ou <a href=\"https:\/\/www.numerama.com\/smartphones\/galaxy-s25\/\" target=\"_blank\" rel=\"noopener\">Samsung et son Galaxy S25 \u00e0 899 euros<\/a>, Apple r\u00e9serve encore le zoom optique aux iPhone 17 Pro. Il y a un agrandissement x2 sans perte de qualit\u00e9, mais on ne peut pas aller au-dessus de x5 sans de grandes d\u00e9gradations. Il s\u2019agit du point faible de l\u2019iPhone 17 : avec un zoom, nous lui aurions donn\u00e9 un 10 sur 10. <\/p>\n<p>        Le verdict<\/p>\n<p class=\"title has-text-body is-family-serif is-size-quote p-0\">\n<p>            On a aim\u00e9        <\/p>\n<ul class=\"is-size-subtitle list-styled ml-2 mt-1\">\n<li class=\"pb-1\">Le meilleur \u00e9cran \u00e0 moins de 1000 euros (enfin en 120 Hz !)<\/li>\n<li class=\"pb-1\">Tr\u00e8s peu de diff\u00e9rences avec l\u2019iPhone 17 Pro<\/li>\n<li class=\"pb-1\">6,3 pouces est une taille parfaite<\/li>\n<li class=\"pb-1\">Des couleurs plus vari\u00e9es que sur les 17 Pro<\/li>\n<li class=\"pb-1\">Recharge vraiment rapide et bonne autonomie<\/li>\n<li class=\"pb-1\">256 Go au minimum<\/li>\n<\/ul>\n<p class=\"title has-text-body is-family-serif is-size-quote p-0\">\n<p>            On a moins aim\u00e9        <\/p>\n<ul class=\"is-size-subtitle list-styled ml-2 mt-1\">\n<li class=\"pb-1\">Pas de zoom optique<\/li>\n<li class=\"pb-1\">La fin du mode\u0300le Plus est dommage<\/li>\n<\/ul>\n<p>            L\u2019iPhone 17 fr\u00f4le le 10 sur 10. Pour la premi\u00e8re fois de son histoire, Apple propose un iPhone standard qui n\u2019a rien \u00e0 envier au mod\u00e8le Pro, \u00e0 l\u2019exception d\u2019un vrai zoom optique. L\u2019iPhone 17, sans changement de design (il est \u00e0 peine plus grand), gagne le support du 120 Hz, l\u2019\u00e9cran toujours allum\u00e9, un rev\u00eatement anti-reflets, des bordures plus fines, un capteur 48 Mpix en ultra grand-angle, de la recharge rapide (55 % en 20 minutes), une meilleure autonomie, un capteur selfie in\u00e9dit et une puce plus performante. Impressionnant. <\/p>\n<p>\u00c0 969 euros hors promotion, l\u2019iPhone 17 est l\u2019iPhone \u00e0 acheter en 2025. M\u00eame les clients habituels du Pro, pour une fois, ont de quoi se laisser tenter. Apple a rarement propos\u00e9 un aussi bon rapport qualit\u00e9-prix, esp\u00e9rons qu\u2019elle poursuive cette trajectoire.         <\/p>\n<p>Nos autres tests des iPhone <\/p>\n<p>    Pour aller plus loin<\/p>\n<p>                <img decoding=\"async\" width=\"87\" height=\"87\" loading=\"lazy\" alt=\"iPhone 17 Pro Max \/\/ Source : Alfred Tertrais - Numerama\" title=\"iPhone 17 Pro Max \/\/ Source : Alfred Tertrais - Numerama\" class=\"placeholder-default wp-image\" src=\"https:\/\/www.europesays.com\/fr\/wp-content\/uploads\/2025\/09\/17pm-orange-back-200x200.jpg\" \/>            <\/p>\n<p>    Pour aller plus loin<\/p>\n<p>                <img decoding=\"async\" width=\"87\" height=\"87\" loading=\"lazy\" alt=\"iPhone Air. \/\/ Source : Numerama\" title=\"iPhone Air. \/\/ Source : Numerama\" class=\"placeholder-default wp-image\" src=\"https:\/\/www.europesays.com\/fr\/wp-content\/uploads\/2025\/09\/iphone-air-01-200x200.jpg\" \/>            <\/p>\n<p>O\u00f9 acheter l\u2019iPhone 17 au meilleur prix ? <\/p>\n<p>D\u00e9sormais propos\u00e9 avec un minimum de 256 Go, l\u2019iPhone 17 est propos\u00e9 par Apple au tarif de 969 euros en France. Les revendeurs peuvent proposer des promotions : <\/p>\n<p>            <img decoding=\"async\" src=\"https:\/\/www.europesays.com\/fr\/wp-content\/uploads\/2025\/04\/iPhone-16-pro.png\" alt=\"Toute l'actu tech en un clien d'oeil\"\/><\/p>\n<p class=\"card-install-pwa__title\">Toute l&rsquo;actu tech en un clin d&rsquo;\u0153il<\/p>\n<p class=\"card-install-pwa__description\">Ajoutez Numerama \u00e0 votre \u00e9cran d&rsquo;accueil et restez connect\u00e9s au futur !<\/p>\n<p>            <img decoding=\"async\" src=\"https:\/\/www.numerama.com\/wp-content\/themes\/numerama-next\/assets\/images\/premium\/logo-card-pwa-coupe.svg\" alt=\"Logo PWA\"\/><\/p>\n<p>       Installer Numerama<\/p>\n","protected":false},"excerpt":{"rendered":"Pour la premi\u00e8re fois, Apple propose un iPhone \u00ab standard \u00bb aux caract\u00e9ristiques quasiment identiques \u00e0 celles des&hellip;\n","protected":false},"author":2,"featured_media":418775,"comment_status":"","ping_status":"","sticky":false,"template":"","format":"standard","meta":{"footnotes":""},"categories":[7],"tags":[733,12575,1011,27,4454,43,40,41,39,42,44,7258],"class_list":{"0":"post-418774","1":"post","2":"type-post","3":"status-publish","4":"format-standard","5":"has-post-thumbnail","7":"category-sciences-et-technologies","8":"tag-apple","9":"tag-apple-iphone-17","10":"tag-fr","11":"tag-france","12":"tag-numerama-plus","13":"tag-science","14":"tag-science-and-technology","15":"tag-sciences","16":"tag-sciences-et-technologies","17":"tag-technologies","18":"tag-technology","19":"tag-tests"},"share_on_mastodon":{"url":"https:\/\/pubeurope.com\/@fr\/115270315963339288","error":""},"_links":{"self":[{"href":"https:\/\/www.europesays.com\/fr\/wp-json\/wp\/v2\/posts\/418774","targetHints":{"allow":["GET"]}}],"collection":[{"href":"https:\/\/www.europesays.com\/fr\/wp-json\/wp\/v2\/posts"}],"about":[{"href":"https:\/\/www.europesays.com\/fr\/wp-json\/wp\/v2\/types\/post"}],"author":[{"embeddable":true,"href":"https:\/\/www.europesays.com\/fr\/wp-json\/wp\/v2\/users\/2"}],"replies":[{"embeddable":true,"href":"https:\/\/www.europesays.com\/fr\/wp-json\/wp\/v2\/comments?post=418774"}],"version-history":[{"count":0,"href":"https:\/\/www.europesays.com\/fr\/wp-json\/wp\/v2\/posts\/418774\/revisions"}],"wp:featuredmedia":[{"embeddable":true,"href":"https:\/\/www.europesays.com\/fr\/wp-json\/wp\/v2\/media\/418775"}],"wp:attachment":[{"href":"https:\/\/www.europesays.com\/fr\/wp-json\/wp\/v2\/media?parent=418774"}],"wp:term":[{"taxonomy":"category","embeddable":true,"href":"https:\/\/www.europesays.com\/fr\/wp-json\/wp\/v2\/categories?post=418774"},{"taxonomy":"post_tag","embeddable":true,"href":"https:\/\/www.europesays.com\/fr\/wp-json\/wp\/v2\/tags?post=418774"}],"curies":[{"name":"wp","href":"https:\/\/api.w.org\/{rel}","templated":true}]}}