{"id":41878,"date":"2025-04-21T16:14:08","date_gmt":"2025-04-21T16:14:08","guid":{"rendered":"https:\/\/www.europesays.com\/fr\/41878\/"},"modified":"2025-04-21T16:14:08","modified_gmt":"2025-04-21T16:14:08","slug":"dembele-toujours-meilleur-buteur-avec-une-avance-qui-fond","status":"publish","type":"post","link":"https:\/\/www.europesays.com\/fr\/41878\/","title":{"rendered":"Demb\u00e9l\u00e9, toujours meilleur buteur, avec une avance qui fond"},"content":{"rendered":"<p><img width=\"700\" height=\"350\" src=\"https:\/\/www.europesays.com\/fr\/wp-content\/uploads\/2025\/04\/Dembele-2.jpg\" class=\"attachment-jannah-image-post size-jannah-image-post wp-post-image\" alt=\"Demb\u00e9l\u00e9\" is_main_img=\"1\" decoding=\"async\" fetchpriority=\"high\"  \/><br \/>\n Image :<br \/>\npsg.fr<\/p>\n<p>Pas convoqu\u00e9 par Luis Enrique pour le match contre Le Havre,<br \/>\nOusmane Demb\u00e9l\u00e9 n\u2019a pas pu marquer de nouveau en championnat. Il<br \/>\nvoit son dauphin au classement des buteurs se rapprocher.<\/p>\n<p>Champion de France, le <strong>PSG<\/strong> pourrait voir deux<br \/>\nde ses joueurs terminer meilleur buteur et meilleur passeur du<br \/>\nchampionnat \u00e0 la fin de la saison. Avec 21 buts, <strong>Ousmane<br \/>\nDemb\u00e9l\u00e9<\/strong> est le meilleur buteur de <strong><a href=\"https:\/\/ligue1.fr\/fr\/competitions\/ligue1mcdonalds?tab=standings&amp;ranking=scorers\" target=\"_blank\" rel=\"noopener\" title=\"\">Ligue 1<\/a><\/strong> depuis<br \/>\nla 20e journ\u00e9e. Le num\u00e9ro 10 du <strong>PSG<\/strong> n\u2019a pas pu<br \/>\naugmenter ses statistiques le week-end dernier face au<br \/>\n<strong>Havre<\/strong>, <strong>Luis Enrique<\/strong> le laissant<br \/>\nau repos. L\u2019international fran\u00e7ais a vu son principal poursuivant,<br \/>\n<strong>Mason Greenwood<\/strong>, se rapprocher \u00e0 trois buts avec<br \/>\nson doubl\u00e9 lors de la large victoire de <strong>Marseille<\/strong><br \/>\nsur <strong>Montpellier<\/strong> (5-1). <strong>Ousmane<br \/>\nDemb\u00e9l\u00e9<\/strong> a encore cinq matches pour s\u2019offrir le titre de<br \/>\nmeilleur buteur de la saison, qui serait une premi\u00e8re pour lui dans<br \/>\nsa carri\u00e8re.<\/p>\n<p>A voir aussi : <a href=\"https:\/\/canal-supporters.com\/pauleta-dembele-peut-marquer-encore-plus-il-a-la-capacite-pour-ca\/\" title=\"\" target=\"_blank\" rel=\"noopener\">Pauleta : \u00ab\u00a0Demb\u00e9l\u00e9 peut marquer encore plus, il a la<br \/>\ncapacit\u00e9 pour \u00e7a\u00a0\u00bb<\/a><\/p>\n<p><a href=\"https:\/\/x.com\/CanalSupporters\" target=\"_blank\" rel=\"noopener\" title=\"\">canalsupporters.com<\/a><\/p>\n<p>Bradley Barcola<br \/>\ntoujours meilleur passeur<\/p>\n<p>Lors de la victoire du <strong>PSG<\/strong> contre <strong>Le<br \/>\nHavre<\/strong> samedi apr\u00e8s-midi, <strong><a href=\"https:\/\/canal-supporters.com\/bradley-barcola-veut-prendre-son-temps-avant-de-prolonger\/\" title=\"\" target=\"_blank\" rel=\"noopener\">Bradley Barcola<\/a><\/strong> a \u00e9t\u00e9 passeur d\u00e9cisif pour<br \/>\n<strong>D\u00e9sir\u00e9 Dou\u00e9<\/strong>. Le <a href=\"https:\/\/canal-supporters.com\/la-raison-surprenante-du-choix-du-numero-de-maillot-de-barcola\/\" title=\"\" target=\"_blank\" rel=\"noopener\">num\u00e9ro 29 parisien<\/a> a ainsi d\u00e9livr\u00e9 sa dixi\u00e8me offrande<br \/>\nde la saison en <strong>Ligue 1<\/strong>, ce qui fait de lui le<br \/>\nseul meilleur passeur du championnat avec une passe d\u00e9cisive<br \/>\nd\u2019avance sur <strong>Rayan Cherki<\/strong> (<strong>Lyon<\/strong>),<br \/>\n<strong>Moses Simon<\/strong> (<strong>Nantes<\/strong>) et<br \/>\n<strong>Dilane Bakwa<\/strong> (<strong>Strasbourg<\/strong>). Comme<br \/>\npour <strong>Ousmane Demb\u00e9l\u00e9<\/strong>, il lui reste cinq matches<br \/>\npour tenter de prendre le large sur ses adversaires directs et<br \/>\n\u00e9galement s\u2019offrir pour la premi\u00e8re fois ce troph\u00e9e.<\/p><\/p>\n","protected":false},"excerpt":{"rendered":"Image : psg.fr Pas convoqu\u00e9 par Luis Enrique pour le match contre Le Havre, Ousmane Demb\u00e9l\u00e9 n\u2019a pas&hellip;\n","protected":false},"author":2,"featured_media":41879,"comment_status":"","ping_status":"","sticky":false,"template":"","format":"standard","meta":{"footnotes":""},"categories":[1410],"tags":[12460,9707,81,787,12732,63,1011,27,66,1611,12733,12734,2782,626,91,92,93,60,96],"class_list":{"0":"post-41878","1":"post","2":"type-post","3":"status-publish","4":"format-standard","5":"has-post-thumbnail","7":"category-football","8":"tag-barcola","9":"tag-bradley-barcola","10":"tag-canal-supporters","11":"tag-cs","12":"tag-dembele","13":"tag-football","14":"tag-fr","15":"tag-france","16":"tag-ligue-1","17":"tag-ligue-1-macdonalds","18":"tag-meilleur-buteur","19":"tag-meilleur-passeur","20":"tag-ousmane-dembele","21":"tag-paris","22":"tag-paris-saint-germain","23":"tag-paris-sg","24":"tag-psg","25":"tag-sports","26":"tag-une"},"share_on_mastodon":{"url":"https:\/\/pubeurope.com\/@fr\/114376845773435850","error":""},"_links":{"self":[{"href":"https:\/\/www.europesays.com\/fr\/wp-json\/wp\/v2\/posts\/41878","targetHints":{"allow":["GET"]}}],"collection":[{"href":"https:\/\/www.europesays.com\/fr\/wp-json\/wp\/v2\/posts"}],"about":[{"href":"https:\/\/www.europesays.com\/fr\/wp-json\/wp\/v2\/types\/post"}],"author":[{"embeddable":true,"href":"https:\/\/www.europesays.com\/fr\/wp-json\/wp\/v2\/users\/2"}],"replies":[{"embeddable":true,"href":"https:\/\/www.europesays.com\/fr\/wp-json\/wp\/v2\/comments?post=41878"}],"version-history":[{"count":0,"href":"https:\/\/www.europesays.com\/fr\/wp-json\/wp\/v2\/posts\/41878\/revisions"}],"wp:featuredmedia":[{"embeddable":true,"href":"https:\/\/www.europesays.com\/fr\/wp-json\/wp\/v2\/media\/41879"}],"wp:attachment":[{"href":"https:\/\/www.europesays.com\/fr\/wp-json\/wp\/v2\/media?parent=41878"}],"wp:term":[{"taxonomy":"category","embeddable":true,"href":"https:\/\/www.europesays.com\/fr\/wp-json\/wp\/v2\/categories?post=41878"},{"taxonomy":"post_tag","embeddable":true,"href":"https:\/\/www.europesays.com\/fr\/wp-json\/wp\/v2\/tags?post=41878"}],"curies":[{"name":"wp","href":"https:\/\/api.w.org\/{rel}","templated":true}]}}