{"id":418780,"date":"2025-09-26T11:18:09","date_gmt":"2025-09-26T11:18:09","guid":{"rendered":"https:\/\/www.europesays.com\/fr\/418780\/"},"modified":"2025-09-26T11:18:09","modified_gmt":"2025-09-26T11:18:09","slug":"laccuse-condamne-a-18-ans-de-prison-et-a-une-interdiction-definitive-du-territoire-francais","status":"publish","type":"post","link":"https:\/\/www.europesays.com\/fr\/418780\/","title":{"rendered":"l\u2019accus\u00e9 condamn\u00e9 \u00e0 18 ans de prison et \u00e0 une interdiction d\u00e9finitive du territoire fran\u00e7ais"},"content":{"rendered":"<p>Jordy Goukara, un Centrafricain de 27 ans, a \u00e9t\u00e9 condamn\u00e9 ce vendredi par la cour criminelle de Paris. D\u00e9j\u00e0 condamn\u00e9 \u00e0 12 reprises et vis\u00e9 par plusieurs OQTF, il n\u2019a montr\u00e9 aucune empathie pour les deux jeunes femmes qu\u2019il a viol\u00e9es dans des halls d\u2019immeuble \u00e0 Paris en novembre 2023.<\/p>\n<p class=\"fig-paragraph\">Jordy Goukara, un Centrafricain de 27 ans vis\u00e9 par plusieurs obligations de quitter le territoire fran\u00e7ais (OQTF), a \u00e9t\u00e9 condamn\u00e9 ce vendredi par la cour criminelle de Paris \u00e0 18 ans de r\u00e9clusion criminelle pour les viols de Mathilde et Claire Geronimi. Les cinq magistrats professionnels ont assorti sa peine d\u2019une interdiction d\u00e9finitive du territoire fran\u00e7ais, suivant les r\u00e9quisitions de l\u2019avocate g\u00e9n\u00e9rale, Camille Hennetier. \u00abCette peine d\u00e9montre l\u2019extr\u00eame gravit\u00e9 des faits commis, c\u2019est un symbole fort\u00bb, r\u00e9agit aupr\u00e8s du Figaro Me Romain Vanni, l\u2019avocat de Claire Geronimi.<\/p>\n<p class=\"fig-paragraph\">Les faits ont eu lieu samedi 11 novembre 2023 en plein apr\u00e8s-midi, entre 15h50 et 17h05, dans deux quartiers chics de la capitale. Les victimes, Mathilde, 19 ans, et\u00a0<a href=\"http:\/\/www.lefigaro.fr\/faits-divers\/si-l-oqtf-avait-ete-executee-ca-ne-serait-pas-arrive-la-colere-de-claire-violee-par-un-clandestin-dans-le-hall-de-son-immeuble-a-paris-20231217\" target=\"_blank\" data-fig-type=\"NewsFlash\" rel=\"noopener\" data-gtm-custom-categorie=\"navigation\" data-gtm-custom-action=\"crossclick\" data-gtm-custom-label=\"Contextuel\" data-gtm-event=\"customEventSPE\" data-fig-domain=\"LEFIGARO\">Claire Geronimi<\/a>, 26 ans, ont v\u00e9cu un calvaire en tous points similaire. La premi\u00e8re, \u00e9tudiante en droit et en communication, se rendait \u00e0 un entretien pour un travail de baby-sitter dans le 17e arrondissement. La seconde, consultante en finance, rentrait chez elle, apr\u00e8s avoir fait des courses dans le 8e.<\/p>\n<p class=\"fig-body-link\">\n            \u00c0 lire aussi<br \/>\n        <a class=\"fig-body-link__link fig-premium-mark\" href=\"http:\/\/www.lefigaro.fr\/faits-divers\/c-est-comme-si-j-etais-pirate-au-deuxieme-jour-du-proces-le-violeur-de-claire-geronimi-invoque-une-voix-et-le-diable-20250925\" target=\"_blank\" data-fig-type=\"NewsFlash\" rel=\"noopener\" data-gtm-custom-categorie=\"navigation\" data-gtm-custom-action=\"crossclick\" data-gtm-custom-label=\"Contextuel\" data-gtm-event=\"customEventSPE\" data-fig-domain=\"LEFIGARO\">\u00abC\u2019est comme si j\u2019\u00e9tais pirat\u00e9\u00bb\u00a0: au deuxi\u00e8me jour du proc\u00e8s, le violeur de Claire Geronimi invoque \u00abune voix\u00bb et \u00able diable\u00bb<br \/>\n    <\/a>\n<\/p>\n<p>                                    <a class=\"fig-a11y-skip a11y-hidden\" href=\"#fig-a11y-skip-main-inarticle\"><br \/>\n        Passer la publicit\u00e9<br \/>\n    <\/a><\/p>\n<p class=\"fig-paragraph\">Toutes deux ont \u00e9t\u00e9 suivies jusque dans un hall d\u2019immeuble, plaqu\u00e9es au sol, menac\u00e9es de mort &#8211; \u00abTais toi sinon je vais te tuer\u00bb -, et contraintes \u00e0 des fellations. Claire Geronimi a \u00e9galement subi des viols digitaux. L\u2019agresseur \u00e9tait arm\u00e9 d\u2019une sorte de lame artisanale, qu\u2019il a plac\u00e9e sous la gorge de Mathilde. Dans les deux cas, une intervention ext\u00e9rieure, d\u2019un ouvrier et d\u2019une voisine, a mis en fuite l\u2019agresseur. Profond\u00e9ment marqu\u00e9es, les deux victimes ont courageusement t\u00e9moign\u00e9 \u00e0 la barre, racontant leur calvaire, leur peur de mourir, leur vie d\u2019apr\u00e8s.<\/p>\n<p>Un lourd pass\u00e9 de d\u00e9linquant<\/p>\n<p class=\"fig-paragraph\">Arriv\u00e9 en France depuis la Centrafrique en 2009, Jordy Goukara a \u00e9t\u00e9 confi\u00e9 \u00e0 l\u2019aide sociale \u00e0 l\u2019enfance (ASE) apr\u00e8s avoir \u00e9t\u00e9 h\u00e9berg\u00e9 chez un grand-oncle. Entre 2013 &#8211; il avait alors 15 ans -, et 2023, le Centrafricain a encha\u00een\u00e9 les d\u00e9lits\u00a0: vols avec violence, violences avec usage d\u2019une arme, menaces de mort sur un enseignant, outrages envers des policiers, r\u00e9bellion, usage de stup\u00e9fiants&#8230; Deux jeunes filles l\u2019accusent aussi de viols et d\u2019agressions sexuelles quand il \u00e9tait en famille d\u2019accueil puis en foyer.<\/p>\n<p class=\"fig-paragraph\">Son casier judiciaire portait trace de 11 condamnations en novembre 2023. Sans domicile fixe, il errait dans Paris le jour des faits. \u00abJ\u2019avais faim de sexe, j\u2019avais envie de toucher une femme, de la baiser\u00bb, a-t-il confi\u00e9 au juge au cours de l\u2019enqu\u00eate. Le 10 d\u00e9cembre 2023, Jordy Goukara a \u00e9t\u00e9 condamn\u00e9 par le tribunal correctionnel d\u2019\u00c9vry \u00e0 trois ans de prison, dont un avec sursis, apr\u00e8s avoir tent\u00e9 d\u2019embrasser de force une fonctionnaire de l\u2019administration p\u00e9nitentiaire alors qu\u2019il \u00e9tait \u00e9crou\u00e9 \u00e0 la prison de Fleury-M\u00e9rogis. \u00abJe voulais la baiser dans ma cellule. Si c\u2019\u00e9tait \u00e0 refaire, je le referais mais en mieux\u00bb, avait-il d\u00e9clar\u00e9 apr\u00e8s les faits.<\/p>\n<p>Un accus\u00e9 sans affect<\/p>\n<p class=\"fig-paragraph\">Au proc\u00e8s, les victimes n\u2019ont eu droit \u00e0 aucune excuse de la part de l\u2019accus\u00e9. Ce dernier est apparu sans aucun affect. Coiff\u00e9 de nattes vertes dress\u00e9es sur sa t\u00eate, ce gaillard \u00e0 la carrure imposante et \u00e0 la voix grave n\u2019a cess\u00e9 de multiplier les provocations. \u00abJe ne veux pas me poser en position de victime mais moi aussi j\u2019ai \u00e9t\u00e9 victime ce jour-l\u00e0. Je reconnais aux victimes leur qualit\u00e9 de victimes mais moi aussi ma vie est un enfer depuis plus de deux ans\u00bb, a-t-il d\u00e9clar\u00e9, sous les yeux m\u00e9dus\u00e9s de l\u2019assistance.<\/p>\n<p class=\"fig-paragraph\">Plus t\u00f4t, le pr\u00e9sident de la cour l\u2019avait questionn\u00e9 sur un tatouage qu\u2019il arbore sur son bras gauche, une devise de Centrafrique signifiant \u00abToute personne est un \u00eatre humain\u00bb. \u00abEst-ce que vous trouvez que votre comportement est en ad\u00e9quation avec cette devise\u00a0?\u00bb, lui avait demand\u00e9 le magistrat. \u00abParfois l\u2019amour peut \u00eatre mal exprim\u00e9\u00bb, avait ass\u00e9n\u00e9 l\u2019accus\u00e9, suscitant l\u00e0 encore la consternation sur les bancs du tribunal.<\/p>\n<p>                                    <a class=\"fig-a11y-skip a11y-hidden\" href=\"#fig-a11y-skip-main-inarticle_mtf\"><br \/>\n        Passer la publicit\u00e9<br \/>\n    <\/a><\/p>\n<p class=\"fig-paragraph\">Roland Coutanceau, le psychiatre qui a examin\u00e9 l\u2019accus\u00e9, a cit\u00e9 trois \u00e9l\u00e9ments qui sont, d\u2019apr\u00e8s ses dires, \u00abclignotants\u00bb\u00a0: des victimes inconnues, l\u2019utilisation d\u2019une arme et une ambiance de s\u00e9questration. \u00abOn retrouve ces trois caract\u00e9ristiques chez ceux qui r\u00e9cidivent\u00bb, a averti l\u2019expert.\u00a0L\u2019accus\u00e9 dispose de 10 jours pour faire appel.<\/p>\n","protected":false},"excerpt":{"rendered":"Jordy Goukara, un Centrafricain de 27 ans, a \u00e9t\u00e9 condamn\u00e9 ce vendredi par la cour criminelle de Paris.&hellip;\n","protected":false},"author":2,"featured_media":418781,"comment_status":"","ping_status":"","sticky":false,"template":"","format":"standard","meta":{"footnotes":""},"categories":[4],"tags":[11,1011,27,12,4347,2694,25,1265],"class_list":{"0":"post-418780","1":"post","2":"type-post","3":"status-publish","4":"format-standard","5":"has-post-thumbnail","7":"category-france","8":"tag-actualites","9":"tag-fr","10":"tag-france","11":"tag-news","12":"tag-oqtf","13":"tag-proces","14":"tag-republique-francaise","15":"tag-viol"},"share_on_mastodon":{"url":"https:\/\/pubeurope.com\/@fr\/115270327083987039","error":""},"_links":{"self":[{"href":"https:\/\/www.europesays.com\/fr\/wp-json\/wp\/v2\/posts\/418780","targetHints":{"allow":["GET"]}}],"collection":[{"href":"https:\/\/www.europesays.com\/fr\/wp-json\/wp\/v2\/posts"}],"about":[{"href":"https:\/\/www.europesays.com\/fr\/wp-json\/wp\/v2\/types\/post"}],"author":[{"embeddable":true,"href":"https:\/\/www.europesays.com\/fr\/wp-json\/wp\/v2\/users\/2"}],"replies":[{"embeddable":true,"href":"https:\/\/www.europesays.com\/fr\/wp-json\/wp\/v2\/comments?post=418780"}],"version-history":[{"count":0,"href":"https:\/\/www.europesays.com\/fr\/wp-json\/wp\/v2\/posts\/418780\/revisions"}],"wp:featuredmedia":[{"embeddable":true,"href":"https:\/\/www.europesays.com\/fr\/wp-json\/wp\/v2\/media\/418781"}],"wp:attachment":[{"href":"https:\/\/www.europesays.com\/fr\/wp-json\/wp\/v2\/media?parent=418780"}],"wp:term":[{"taxonomy":"category","embeddable":true,"href":"https:\/\/www.europesays.com\/fr\/wp-json\/wp\/v2\/categories?post=418780"},{"taxonomy":"post_tag","embeddable":true,"href":"https:\/\/www.europesays.com\/fr\/wp-json\/wp\/v2\/tags?post=418780"}],"curies":[{"name":"wp","href":"https:\/\/api.w.org\/{rel}","templated":true}]}}