{"id":418782,"date":"2025-09-26T11:19:13","date_gmt":"2025-09-26T11:19:13","guid":{"rendered":"https:\/\/www.europesays.com\/fr\/418782\/"},"modified":"2025-09-26T11:19:13","modified_gmt":"2025-09-26T11:19:13","slug":"donald-trump-annonce-des-nouveaux-droits-de-douane-dont-100-pour-les-medicaments-importes-liberation","status":"publish","type":"post","link":"https:\/\/www.europesays.com\/fr\/418782\/","title":{"rendered":"Donald Trump annonce des nouveaux droits de douane, dont 100\u00a0% pour les m\u00e9dicaments import\u00e9s \u2013 Lib\u00e9ration"},"content":{"rendered":"<p class=\"sc-cPiKLX AiZTS text-element\">Donald Trump lance une <a href=\"https:\/\/www.liberation.fr\/economie\/droits-de-douane-a-15-avec-les-etats-unis-le-jour-de-la-douloureuse-pour-les-pme-francaises-20250807_QJWOG2TINJBETFOSMS2GM2DEE4\/\" target=\"_blank\" rel=\"noreferrer noopener\" title=\"https:\/\/www.liberation.fr\/economie\/droits-de-douane-a-15-avec-les-etats-unis-le-jour-de-la-douloureuse-pour-les-pme-francaises-20250807_QJWOG2TINJBETFOSMS2GM2DEE4\/\">nouvelle salve de droits de douane<\/a>, et veut s\u2019en prendre aux secteurs jusqu\u2019ici \u00e9pargn\u00e9s. A partir du 1er octobre, une taxe de 100 % sera appliqu\u00e9e \u00absur tout produit pharmaceutique de marque ou brevet\u00e9, sauf si une entreprise construit son usine en Am\u00e9rique\u00bb, a indiqu\u00e9 jeudi le milliardaire r\u00e9publicain sur sa plateforme, Truth Social. <\/p>\n<p class=\"sc-cPiKLX AiZTS text-element\">Si la d\u00e9finition de ces m\u00e9dicaments \u00abreste floue\u00bb, souligne Michael Wan, \u00e9conomiste pour la banque japonaise MUFG \u00e0 Singapour interrog\u00e9 par l\u2019AFP, \u00abnous partons du principe que cela n\u2019inclura pas les m\u00e9dicaments g\u00e9n\u00e9riques exp\u00e9di\u00e9s par des pays comme l\u2019Inde, qui pourrait donc \u00eatre \u00e9pargn\u00e9e par ces annonces\u00bb. <\/p>\n<p class=\"sc-cPiKLX AiZTS text-element\">L\u2019Australie qui a export\u00e9 des produits pharmaceutiques d\u2019une valeur estim\u00e9e \u00e0 1,35 milliard de dollars vers les \u00c9tats-Unis en 2024, a vivement r\u00e9agi \u00e0 la d\u00e9cision am\u00e9ricaine. \u00abNous achetons beaucoup plus de produits pharmaceutiques des \u00c9tats-Unis que ce qu\u2019ils ach\u00e8tent chez nous\u2026 Ce n\u2019est pas dans l\u2019int\u00e9r\u00eat des consommateurs am\u00e9ricains d\u2019imposer un prix plus \u00e9lev\u00e9 sur l\u2019exportation de l\u2019Australie vers l\u2019Am\u00e9rique\u00bb, a dit vendredi le ministre australien de la Sant\u00e9, Mark Butler. <\/p>\n<p class=\"sc-cPiKLX AiZTS text-element\">La f\u00e9d\u00e9ration europ\u00e9enne des industries pharmaceutiques (Efpia) a, elle, estim\u00e9 que ces nouveaux droits de douane \u00abcr\u00e9eraient la pire des situations\u00bb, rappelant que ces taxes \u00abaugmentent les co\u00fbts, perturbent les cha\u00eenes d\u2019approvisionnement et emp\u00eachent les patients d\u2019obtenir des traitements vitaux\u00bb. <\/p>\n<p class=\"sc-cPiKLX AiZTS text-element\">Dans une publication distincte, le locataire de la Maison Blanche a \u00e9galement annonc\u00e9 des<b> <\/b>droits de douane<b> <\/b>de 25 % sur \u00abtous les poids lourds fabriqu\u00e9s dans d\u2019autres r\u00e9gions du monde\u00bb. Une mesure qui doit selon lui soutenir les fabricants am\u00e9ricains de camions tels que \u00abPeterbilt, Kenworth, Freightliner, Mack Trucks et autres\u00bb. <\/p>\n<p class=\"sc-cPiKLX AiZTS text-element\">Parmi les entreprises \u00e9trang\u00e8res qui concurrencent ces constructeurs sur le march\u00e9 am\u00e9ricain figurent le su\u00e9dois Volvo et l\u2019allemand Daimler. Les titres des deux soci\u00e9t\u00e9s ont fortement baiss\u00e9 apr\u00e8s la cl\u00f4ture des bourses europ\u00e9ennes jeudi soir.<\/p>\n<p class=\"sc-cPiKLX AiZTS text-element\">Le pr\u00e9sident a ensuite expliqu\u00e9 que ces <a href=\"https:\/\/www.liberation.fr\/international\/amerique\/liberation-day-avec-ses-nouveaux-tarifs-douaniers-donald-trump-montre-de-quels-droits-il-se-chauffe-20250401_JCYRTBVWQRC3ZALXDVTCX4ZUMM\/?redirected=1\" target=\"_blank\" rel=\"noreferrer noopener\" title=\"https:\/\/www.liberation.fr\/international\/amerique\/liberation-day-avec-ses-nouveaux-tarifs-douaniers-donald-trump-montre-de-quels-droits-il-se-chauffe-20250401_JCYRTBVWQRC3ZALXDVTCX4ZUMM\/?redirected=1\">droits de douane<\/a> sur les poids lourds \u00e9taient motiv\u00e9s par \u00abde nombreuses raisons, mais surtout, \u00e0 des fins de s\u00e9curit\u00e9 nationale\u00bb. Au printemps, l\u2019administration Trump avait lanc\u00e9 une enqu\u00eate pour d\u00e9terminer si les importations de camions \u00e9trangers constituaient une menace en la mati\u00e8re. <\/p>\n<p class=\"sc-cPiKLX AiZTS text-element\">Le magnat de l\u2019immobilier compte aussi imposer des droits de douane sur de nombreux meubles. \u00abNous appliquerons une taxe de 50 % sur tous les meubles de cuisine, les lavabos de salle de bains et les produits associ\u00e9s\u00bb, \u00e0 partir du 1er octobre, et \u00abune taxe de 30 % sur les meubles capitonn\u00e9s\u00bb, a-t-il \u00e9crit. <\/p>\n<p class=\"sc-cPiKLX AiZTS text-element\">Selon la Commission du commerce international des Etats-Unis, en 2022, les importations, principalement en provenance d\u2019Asie, repr\u00e9sentaient 60 % de tous les meubles vendus, dont 86 % de tous les meubles en bois et 42 % de tous les meubles rembourr\u00e9s. Le titre des d\u00e9taillants Wayfair et Williams Sonoma, qui d\u00e9pendent de ces produits import\u00e9s, a chut\u00e9 \u00e0 la cl\u00f4ture des bourses apr\u00e8s cette annonce. <\/p>\n<p class=\"sc-cPiKLX AiZTS text-element\">Alors que Donald Trump s\u2019est donn\u00e9 pour mission de relancer l\u2019industrie manufacturi\u00e8re gr\u00e2ce \u00e0 des politiques protectionnistes, qui marquent un revirement complet de la politique am\u00e9ricaine visant jusqu\u2019\u00e0 pr\u00e9sent \u00e0 maintenir une \u00e9conomie ouverte, cette nouvelle offensive tarifaire ravive les craintes d\u2019inflation aux Etats-Unis, premi\u00e8re \u00e9conomie du monde.<\/p>\n<p class=\"sc-cPiKLX AiZTS text-element\"><b>Mise \u00e0 jour<\/b> \u00e0 9 h 38 avec la r\u00e9action de la f\u00e9d\u00e9ration europ\u00e9enne des industries pharmaceutiques <\/p>\n","protected":false},"excerpt":{"rendered":"Donald Trump lance une nouvelle salve de droits de douane, et veut s\u2019en prendre aux secteurs jusqu\u2019ici \u00e9pargn\u00e9s.&hellip;\n","protected":false},"author":2,"featured_media":418783,"comment_status":"","ping_status":"","sticky":false,"template":"","format":"standard","meta":{"footnotes":""},"categories":[2],"tags":[11,75,1011,27,1074,12],"class_list":{"0":"post-418782","1":"post","2":"type-post","3":"status-publish","4":"format-standard","5":"has-post-thumbnail","7":"category-actualites","8":"tag-actualites","9":"tag-donald-trump","10":"tag-fr","11":"tag-france","12":"tag-guerre-commerciale","13":"tag-news"},"share_on_mastodon":{"url":"https:\/\/pubeurope.com\/@fr\/115270330791092743","error":""},"_links":{"self":[{"href":"https:\/\/www.europesays.com\/fr\/wp-json\/wp\/v2\/posts\/418782","targetHints":{"allow":["GET"]}}],"collection":[{"href":"https:\/\/www.europesays.com\/fr\/wp-json\/wp\/v2\/posts"}],"about":[{"href":"https:\/\/www.europesays.com\/fr\/wp-json\/wp\/v2\/types\/post"}],"author":[{"embeddable":true,"href":"https:\/\/www.europesays.com\/fr\/wp-json\/wp\/v2\/users\/2"}],"replies":[{"embeddable":true,"href":"https:\/\/www.europesays.com\/fr\/wp-json\/wp\/v2\/comments?post=418782"}],"version-history":[{"count":0,"href":"https:\/\/www.europesays.com\/fr\/wp-json\/wp\/v2\/posts\/418782\/revisions"}],"wp:featuredmedia":[{"embeddable":true,"href":"https:\/\/www.europesays.com\/fr\/wp-json\/wp\/v2\/media\/418783"}],"wp:attachment":[{"href":"https:\/\/www.europesays.com\/fr\/wp-json\/wp\/v2\/media?parent=418782"}],"wp:term":[{"taxonomy":"category","embeddable":true,"href":"https:\/\/www.europesays.com\/fr\/wp-json\/wp\/v2\/categories?post=418782"},{"taxonomy":"post_tag","embeddable":true,"href":"https:\/\/www.europesays.com\/fr\/wp-json\/wp\/v2\/tags?post=418782"}],"curies":[{"name":"wp","href":"https:\/\/api.w.org\/{rel}","templated":true}]}}