{"id":418800,"date":"2025-09-26T11:31:13","date_gmt":"2025-09-26T11:31:13","guid":{"rendered":"https:\/\/www.europesays.com\/fr\/418800\/"},"modified":"2025-09-26T11:31:13","modified_gmt":"2025-09-26T11:31:13","slug":"isere-des-agriculteurs-se-font-entendre-a-coups-de-canon-effaroucheur-devant-la-prefecture-a-grenoble","status":"publish","type":"post","link":"https:\/\/www.europesays.com\/fr\/418800\/","title":{"rendered":"Is\u00e8re. Des agriculteurs se font entendre \u00e0 coups de canon effaroucheur devant la pr\u00e9fecture \u00e0\u00a0Grenoble"},"content":{"rendered":"<p>Ils ont r\u00e9pondu \u00e0 l\u2019appel national de la FNSEA : ce vendredi 26 septembre, des agriculteurs is\u00e9rois &#8211; six tracteurs et une vingtaine de personnes &#8211; sont mobilis\u00e9s devant la pr\u00e9fecture de Grenoble. La FDSEA38 et les Jeunes agriculteurs Is\u00e8re ont invit\u00e9 le monde rural et agricole \u00e0 venir exprimer son ras-le-bol et ses inqui\u00e9tudes.<\/p>\n<p>Il y a d\u2019abord la crise sanitaire de <a href=\"https:\/\/www.ledauphine.com\/d\/crise-de-la-dermatose-nodulaire-en-savoie-et-en-haute-savoie-les-dernieres-infos-cfb74f47-e25e-47bc-895c-fb2d4a29eb20\" target=\"_blank\" rel=\"noopener\">la dermatose nodulaire contagieuse<\/a> et ses lourdes de cons\u00e9quences pour les \u00e9leveurs. <br \/>\u00c0 cela s\u2019ajoutent \u00ab\u00a0des motifs d\u2019agacement quotidiens\u00a0\u00bb comme la r\u00e9duction des moyens de la PAC (Politique agricole commune), les accords commerciaux (<a href=\"https:\/\/www.ledauphine.com\/economie\/2025\/09\/03\/mercosur-la-commission-europeenne-accepte-les-clauses-de-sauvegarde-voulues-par-la-france\" target=\"_blank\" rel=\"noopener\">notamment le Mercosur<\/a>) qui fragilisent les fili\u00e8res, la pression de la pr\u00e9dation et les difficult\u00e9s croissantes de la fili\u00e8re arboricole.<\/p>\n<p>Des revendications qu\u2019ils font entendre \u00e0 coups de canon effaroucheur, qui r\u00e9sonne dans le centre ville grenoblois, tandis qu\u2019une d\u00e9l\u00e9gation est re\u00e7ue en cette fin de matin\u00e9e en pr\u00e9fecture.<\/p>\n","protected":false},"excerpt":{"rendered":"Ils ont r\u00e9pondu \u00e0 l\u2019appel national de la FNSEA : ce vendredi 26 septembre, des agriculteurs is\u00e9rois &#8211;&hellip;\n","protected":false},"author":2,"featured_media":418801,"comment_status":"","ping_status":"","sticky":false,"template":"","format":"standard","meta":{"footnotes":""},"categories":[9566],"tags":[1111,11,327,2430,9671,33,115,112,113,116,111,114,1777,674,1011,27,2731,108,12,25,71,801],"class_list":{"0":"post-418800","1":"post","2":"type-post","3":"status-publish","4":"format-standard","5":"has-post-thumbnail","7":"category-grenoble","8":"tag-actu","9":"tag-actualites","10":"tag-agriculture","11":"tag-auvergne-rhone-alpes","12":"tag-conflit-social","13":"tag-economie","14":"tag-edition-bourgoin-jallieu-nord-dauphine","15":"tag-edition-grenoble-agglomeration","16":"tag-edition-gresivaudan-oisans","17":"tag-edition-la-tour-du-pin-nord-dauphine","18":"tag-edition-vienne-roussillon","19":"tag-edition-voiron-saint-marcellin","20":"tag-eu","21":"tag-europe","22":"tag-fr","23":"tag-france","24":"tag-grenoble","25":"tag-isere","26":"tag-news","27":"tag-republique-francaise","28":"tag-sante","29":"tag-social"},"share_on_mastodon":{"url":"https:\/\/pubeurope.com\/@fr\/115270378144998118","error":""},"_links":{"self":[{"href":"https:\/\/www.europesays.com\/fr\/wp-json\/wp\/v2\/posts\/418800","targetHints":{"allow":["GET"]}}],"collection":[{"href":"https:\/\/www.europesays.com\/fr\/wp-json\/wp\/v2\/posts"}],"about":[{"href":"https:\/\/www.europesays.com\/fr\/wp-json\/wp\/v2\/types\/post"}],"author":[{"embeddable":true,"href":"https:\/\/www.europesays.com\/fr\/wp-json\/wp\/v2\/users\/2"}],"replies":[{"embeddable":true,"href":"https:\/\/www.europesays.com\/fr\/wp-json\/wp\/v2\/comments?post=418800"}],"version-history":[{"count":0,"href":"https:\/\/www.europesays.com\/fr\/wp-json\/wp\/v2\/posts\/418800\/revisions"}],"wp:featuredmedia":[{"embeddable":true,"href":"https:\/\/www.europesays.com\/fr\/wp-json\/wp\/v2\/media\/418801"}],"wp:attachment":[{"href":"https:\/\/www.europesays.com\/fr\/wp-json\/wp\/v2\/media?parent=418800"}],"wp:term":[{"taxonomy":"category","embeddable":true,"href":"https:\/\/www.europesays.com\/fr\/wp-json\/wp\/v2\/categories?post=418800"},{"taxonomy":"post_tag","embeddable":true,"href":"https:\/\/www.europesays.com\/fr\/wp-json\/wp\/v2\/tags?post=418800"}],"curies":[{"name":"wp","href":"https:\/\/api.w.org\/{rel}","templated":true}]}}