{"id":418820,"date":"2025-09-26T11:42:10","date_gmt":"2025-09-26T11:42:10","guid":{"rendered":"https:\/\/www.europesays.com\/fr\/418820\/"},"modified":"2025-09-26T11:42:10","modified_gmt":"2025-09-26T11:42:10","slug":"la-responsabilite-societale-de-la-ville-au-coeur-des-debats","status":"publish","type":"post","link":"https:\/\/www.europesays.com\/fr\/418820\/","title":{"rendered":"la responsabilit\u00e9 soci\u00e9tale de la Ville au c\u0153ur des d\u00e9bats"},"content":{"rendered":"<p>Au conseil municipal du 23\u00a0septembre, la culture s\u2019est d\u2019abord invit\u00e9e par l\u2019interpellation de l\u2019\u00e9lu d\u2019opposition Jean-Jacques Hermence sur le co\u00fbt de la pi\u00e8ce de th\u00e9\u00e2tre \u00ab\u00a0Les Liaisons dangereuses\u00a0\u00bb, qu\u2019il juge \u00ab\u00a0\u00e9litiste\u00a0\u00bb. Le maire, Patrick Bobet, a r\u00e9pliqu\u00e9 que, pour le th\u00e9\u00e2tre, la saison culturelle doit comporter des t\u00eates d\u2019affiche et s\u2019adapter \u00e0 l\u2019offre du march\u00e9.<\/p>\n<p>Emmanuelle Angelini, adjointe, a soulign\u00e9 que les tarifs des spectacles sont diff\u00e9renci\u00e9s et accessibles, et que la Ville, par sa politique (la majorit\u00e9 des offres culturelles \u00e9tant gratuite), a la volont\u00e9 de toucher tous les publics.<\/p>\n<p>Rapport RSO 2024<\/p>\n<p>Puis, Jean-Georges Micol et Gwena\u00ebl Lamarque, adjoints, ont pr\u00e9sent\u00e9 le rapport 2024 de responsabilit\u00e9 soci\u00e9tale des organisations (RSO) qui retrace l\u2019ensemble des missions et activit\u00e9s des services, pr\u00e9cise les r\u00e9alisations de l\u2019ann\u00e9e \u00e9coul\u00e9e ainsi que les principaux objectifs pour l\u2019ann\u00e9e suivante.<\/p>\n<p>Ce rapport relate les faits marquants de l\u2019ann\u00e9e, les initiatives visant \u00e0 rassembler, dialoguer, animer, prot\u00e9ger, pr\u00e9server, accompagner, d\u00e9velopper, innover et communiquer. Il expose aussi les grands projets\u00a0: r\u00e9habilitation du patrimoine communal, travaux r\u00e9alis\u00e9s dans les \u00e9coles, \u00e9quipements sportifs et participation citoyenne.<\/p>\n<p>Dans l\u2019opposition, Patrick Alvarez a salu\u00e9 la r\u00e9alisation du nouvel Ehpad, le contrat \u00e9ducatif du territoire, les mesures de s\u00e9curit\u00e9 et l\u2019installation d\u2019un conseiller num\u00e9rique. Il souhaite des conseils de quartier, des jardins partag\u00e9s \u00e0 l\u2019hippodrome et s\u2019inqui\u00e8te du sort des d\u00e9chets et de l\u2019espace de vie skatable. Damien Rousseau a mis l\u2019accent sur l\u2019environnement, les plantations d\u2019arbres et arbustes, les mobilit\u00e9s douces et le r\u00f4le du conseil municipal des enfants. Claire Layan a not\u00e9 les actions en faveur de la parentalit\u00e9, les activit\u00e9s artistiques dans les \u00e9coles, marqu\u00e9 son inqui\u00e9tude pour les jeux dans les cours entre filles et gar\u00e7ons et d\u00e9plor\u00e9 le faible budget participatif. Jean-Jacques Hermence, lui, a mis l\u2019accent sur l\u2019urgence d\u2019agir en faveur du climat.<\/p>\n<p>    Au fil des dossiers<br \/>\nOnt \u00e9t\u00e9 approuv\u00e9es \u00e0 l\u2019unanimit\u00e9\u00a0: la convention de partenariat avec la Chambre de m\u00e9tiers et de l\u2019artisanat de Nouvelle-Aquitaine pour participer aux r\u00e9flexions collectives sur les d\u00e9fis et enjeux du commerce de proximit\u00e9 du territoire en mati\u00e8re de transition num\u00e9rique et intelligence artificielle, de ressources humaines et de r\u00e9emploi\u00a0; la convention avec la mission locale Technowest\u00a0; la convention annuelle de partenariat entre la Ville et les associations de l\u2019Union Sportive Bouscataise\u00a0; la subvention exceptionnelle accord\u00e9e \u00e0 la Protection civile Le Bouscat-Bruges\u00a0; la convention de subvention suite \u00e0 l\u2019appel \u00e0 projets \u00ab\u00a0Contrat local des solidarit\u00e9s\u00a0\u00bb\u00a0; la mesure Fonds verts de l\u2019\u00c9tat.<br \/>A \u00e9t\u00e9 approuv\u00e9e \u00e0 la majorit\u00e9\u00a0: la modification des statuts du Syndicat d\u00e9partemental d\u2019\u00e9nergie et d\u2019environnement de la Gironde. Patrick Alvarez et Jean-Jacques Hermence (opposition) ont vot\u00e9 contre, eu \u00e9gard au rapport de la Chambre r\u00e9gionale des comptes qui \u00e9trille la gestion de ce syndicat.<\/p>\n","protected":false},"excerpt":{"rendered":"Au conseil municipal du 23\u00a0septembre, la culture s\u2019est d\u2019abord invit\u00e9e par l\u2019interpellation de l\u2019\u00e9lu d\u2019opposition Jean-Jacques Hermence sur&hellip;\n","protected":false},"author":2,"featured_media":418821,"comment_status":"","ping_status":"","sticky":false,"template":"","format":"standard","meta":{"footnotes":""},"categories":[2817],"tags":[1111,11,1997,1777,674,1011,27,12,2219,25],"class_list":{"0":"post-418820","1":"post","2":"type-post","3":"status-publish","4":"format-standard","5":"has-post-thumbnail","7":"category-bordeaux","8":"tag-actu","9":"tag-actualites","10":"tag-bordeaux","11":"tag-eu","12":"tag-europe","13":"tag-fr","14":"tag-france","15":"tag-news","16":"tag-nouvelle-aquitaine","17":"tag-republique-francaise"},"share_on_mastodon":{"url":"https:\/\/pubeurope.com\/@fr\/115270421300545146","error":""},"_links":{"self":[{"href":"https:\/\/www.europesays.com\/fr\/wp-json\/wp\/v2\/posts\/418820","targetHints":{"allow":["GET"]}}],"collection":[{"href":"https:\/\/www.europesays.com\/fr\/wp-json\/wp\/v2\/posts"}],"about":[{"href":"https:\/\/www.europesays.com\/fr\/wp-json\/wp\/v2\/types\/post"}],"author":[{"embeddable":true,"href":"https:\/\/www.europesays.com\/fr\/wp-json\/wp\/v2\/users\/2"}],"replies":[{"embeddable":true,"href":"https:\/\/www.europesays.com\/fr\/wp-json\/wp\/v2\/comments?post=418820"}],"version-history":[{"count":0,"href":"https:\/\/www.europesays.com\/fr\/wp-json\/wp\/v2\/posts\/418820\/revisions"}],"wp:featuredmedia":[{"embeddable":true,"href":"https:\/\/www.europesays.com\/fr\/wp-json\/wp\/v2\/media\/418821"}],"wp:attachment":[{"href":"https:\/\/www.europesays.com\/fr\/wp-json\/wp\/v2\/media?parent=418820"}],"wp:term":[{"taxonomy":"category","embeddable":true,"href":"https:\/\/www.europesays.com\/fr\/wp-json\/wp\/v2\/categories?post=418820"},{"taxonomy":"post_tag","embeddable":true,"href":"https:\/\/www.europesays.com\/fr\/wp-json\/wp\/v2\/tags?post=418820"}],"curies":[{"name":"wp","href":"https:\/\/api.w.org\/{rel}","templated":true}]}}