{"id":418822,"date":"2025-09-26T11:43:09","date_gmt":"2025-09-26T11:43:09","guid":{"rendered":"https:\/\/www.europesays.com\/fr\/418822\/"},"modified":"2025-09-26T11:43:09","modified_gmt":"2025-09-26T11:43:09","slug":"entre-le-fifib-et-le-festival-international-cet-automne-bordeaux-fait-son-cinema","status":"publish","type":"post","link":"https:\/\/www.europesays.com\/fr\/418822\/","title":{"rendered":"Entre le Fifib et le Festival international, cet automne, Bordeaux fait son cin\u00e9ma"},"content":{"rendered":"<p>Cinq jours de projections, d\u00e9bats et rencontres au village du festival (Cour Mably) seront l\u2019occasion de rencontrer talents confirm\u00e9s et artistes \u00e9mergents, qui pour certains livrent ici leurs premiers films. Une future Palme d\u2019or se cache peut-\u00eatre dans la s\u00e9lection 2025\u00a0! \u00c0 noter cette ann\u00e9e\u00a0: un focus sur le m\u00e9tier de monteur, avec la projection du travail de Laurent S\u00e9n\u00e9chal, qui a notamment travaill\u00e9 sur \u00ab\u00a0Anatomie d\u2019une chute\u00a0\u00bb (Palme d\u2019or 2023).<\/p>\n<p>\u00c0 Pessac, ce sont les documents historiques qui attendent les cin\u00e9philes, avec le Festival international du film d\u2019histoire. La th\u00e9matique retenue cette ann\u00e9e\u00a0: \u00ab\u00a0Secrets et Mensonges\u00a0\u00bb, avec notamment le long-m\u00e9trage \u00ab\u00a0Op\u00e9ration Trump, les espions russes \u00e0 la conqu\u00eate de l\u2019Am\u00e9rique\u00a0\u00bb.<\/p>\n","protected":false},"excerpt":{"rendered":"Cinq jours de projections, d\u00e9bats et rencontres au village du festival (Cour Mably) seront l\u2019occasion de rencontrer talents&hellip;\n","protected":false},"author":2,"featured_media":418823,"comment_status":"","ping_status":"","sticky":false,"template":"","format":"standard","meta":{"footnotes":""},"categories":[2817],"tags":[1111,11,1997,1777,674,1011,27,12,2219,25],"class_list":{"0":"post-418822","1":"post","2":"type-post","3":"status-publish","4":"format-standard","5":"has-post-thumbnail","7":"category-bordeaux","8":"tag-actu","9":"tag-actualites","10":"tag-bordeaux","11":"tag-eu","12":"tag-europe","13":"tag-fr","14":"tag-france","15":"tag-news","16":"tag-nouvelle-aquitaine","17":"tag-republique-francaise"},"share_on_mastodon":{"url":"https:\/\/pubeurope.com\/@fr\/115270425455674276","error":""},"_links":{"self":[{"href":"https:\/\/www.europesays.com\/fr\/wp-json\/wp\/v2\/posts\/418822","targetHints":{"allow":["GET"]}}],"collection":[{"href":"https:\/\/www.europesays.com\/fr\/wp-json\/wp\/v2\/posts"}],"about":[{"href":"https:\/\/www.europesays.com\/fr\/wp-json\/wp\/v2\/types\/post"}],"author":[{"embeddable":true,"href":"https:\/\/www.europesays.com\/fr\/wp-json\/wp\/v2\/users\/2"}],"replies":[{"embeddable":true,"href":"https:\/\/www.europesays.com\/fr\/wp-json\/wp\/v2\/comments?post=418822"}],"version-history":[{"count":0,"href":"https:\/\/www.europesays.com\/fr\/wp-json\/wp\/v2\/posts\/418822\/revisions"}],"wp:featuredmedia":[{"embeddable":true,"href":"https:\/\/www.europesays.com\/fr\/wp-json\/wp\/v2\/media\/418823"}],"wp:attachment":[{"href":"https:\/\/www.europesays.com\/fr\/wp-json\/wp\/v2\/media?parent=418822"}],"wp:term":[{"taxonomy":"category","embeddable":true,"href":"https:\/\/www.europesays.com\/fr\/wp-json\/wp\/v2\/categories?post=418822"},{"taxonomy":"post_tag","embeddable":true,"href":"https:\/\/www.europesays.com\/fr\/wp-json\/wp\/v2\/tags?post=418822"}],"curies":[{"name":"wp","href":"https:\/\/api.w.org\/{rel}","templated":true}]}}