{"id":418826,"date":"2025-09-26T11:45:11","date_gmt":"2025-09-26T11:45:11","guid":{"rendered":"https:\/\/www.europesays.com\/fr\/418826\/"},"modified":"2025-09-26T11:45:11","modified_gmt":"2025-09-26T11:45:11","slug":"semaine-sous-tension-a-toulouse-apres-la-gifle","status":"publish","type":"post","link":"https:\/\/www.europesays.com\/fr\/418826\/","title":{"rendered":"semaine \u00ab\u00a0sous tension\u00a0\u00bb \u00e0 Toulouse apr\u00e8s la gifle"},"content":{"rendered":"<p>            Par<br \/>\n        <strong><br \/>\n            <a href=\"https:\/\/actu.fr\/auteur\/clement-mazella\" title=\"Consulter tous les articles de Cl\u00e9ment Mazella\" rel=\"nofollow noopener\" target=\"_blank\">Cl\u00e9ment Mazella<\/a><br \/>\n        <\/strong><\/p>\n<p>        Publi\u00e9 le<\/p>\n<p>            26 sept. 2025 \u00e0 13h29        <\/p>\n<p>\u00ab\u00a0Nous attendons une r\u00e9action\u00a0\u00bb, \u00ab\u00a0semaine sous tension\u00a0\u00bb : Romain Ntamack ne l\u2019a pas cach\u00e9, <strong>le ton est mont\u00e9 <\/strong>\u00e0 <a href=\"https:\/\/actu.fr\/tag\/stade-toulousain\" rel=\"nofollow noopener\" target=\"_blank\">Toulouse<\/a>. La semaine derni\u00e8re, les Rouge et Noir ont encaiss\u00e9 une sacr\u00e9e gifle, avec 44 points pris \u00e0 Montpellier. Cela repr\u00e9sente <a href=\"https:\/\/actu.fr\/occitanie\/toulouse_31555\/apres-la-gifle-recue-a-montpellier-voici-le-top-10-des-plus-grosses-defaites-de-toulouse-en-top-14_63196958.html\" rel=\"nofollow noopener\" target=\"_blank\">la 6e plus lourde d\u00e9faite du Stade Toulousain en Top 14<\/a>. Loin d\u2019\u00eatre anodin pour le triple champion de France en titre.<\/p>\n<p class=\" wall-content\">Cette \u00ab\u00a0tension\u00a0\u00bb, l\u2019ouvreur international a mis des mots dessus : \u00ab\u00a0Une tension dans tous les sens du terme. <strong>Il y a eu de l\u2019agacement des joueurs sur le terrain, des accrochages l\u00e9gers \u00e0 l\u2019entra\u00eenement<\/strong> : \u00e7a fait monter le palpitant, \u00e7a ne nous fait pas de mal. Cela nous remet \u00e0 notre place et la t\u00eate \u00e0 l\u2019endroit d\u2019avoir eu une telle d\u00e9b\u00e2cle\u00a0\u00bb.<\/p>\n<p class=\" wall-content\">Ces petits accrochages, il y en a notamment eu un lors de la s\u00e9ance d\u2019entra\u00eenement ouverte mardi, entre deux joueurs de premi\u00e8re ligne. Rien de grave, bien s\u00fbr, c\u2019\u00e9tait m\u00eame l\u00e9ger, mais symbole d\u2019un Toulouse qui souhaite clairement remettre les pendules \u00e0 l\u2019heure.<\/p>\n<p>Discussions apr\u00e8s \u00ab\u00a0la d\u00e9bacle\u00a0\u00bb<\/p>\n<p class=\" wall-content\">Au Septeo Stadium, apr\u00e8s \u00ab\u00a0la d\u00e9bache\u00a0\u00bb, seul Ugo Mola est venu s\u2019exprimer. Les joueurs, eux, ont \u00e9t\u00e9 invit\u00e9s \u00e0 \u00ab\u00a0r\u00e9fl\u00e9chir\u00a0\u00bb, se reconcentrer et se r\u00e9veiller. C\u2019\u00e9tait le mot d\u2019ordre de la semaine. \u00ab\u00a0On s\u2019est parl\u00e9 entre nous. Ce n\u2019\u00e9tait pas que le r\u00f4le des leaders. Mais il \u00e9tait important que des mecs d\u2019exp\u00e9rience montent le niveau d\u2019\u00e9nergie de l\u2019\u00e9quipe\u00a0\u00bb, indique le 3e ligne anglais Jack Willis, tr\u00e8s peu \u00e0 la f\u00eate \u00e0 Montpellier.<\/p>\n<p class=\" wall-content\">\u00ab\u00a0Notre d\u00e9but de saison est mitig\u00e9 dans le contenu : on ne se cherche aucune excuse. Quand on manque d\u2019engagement, ce n\u2019est pas un probl\u00e8me de pr\u00e9paration et de semaines en moins. C\u2019est un manque d\u2019implication. Il faut r\u00e9gler \u00e7a tr\u00e8s vite\u00a0\u00bb, a l\u00e2ch\u00e9 l\u2019entra\u00eeneur Laurent Thuery.<\/p>\n<p class=\" wall-content\">Ce dernier poursuit : \u00ab\u00a0Cette semaine, on a tout fait pour qu\u2019il y ait une r\u00e9action. On va voir s\u2019il y en aura une\u00a0\u00bb. Un Toulouse programm\u00e9 donc pour \u00ab\u00a0r\u00e9agir\u00a0\u00bb lors du derby face \u00e0 Castres samedi soir (21h). \u00ab\u00a0Si cette r\u00e9action n\u2019a pas lieu, ce sera inqui\u00e9tant\u00a0\u00bb, pointe un Thuery qui met tout un groupe face \u00e0 ses responsabilit\u00e9s.\u00a0<\/p>\n<p class=\" wall-content\">Personnalisez votre actualit\u00e9 en ajoutant vos villes et m\u00e9dias en favori avec <a href=\"https:\/\/moncompte.actu.fr\" title=\"D\u00e9couvez Mon Actu\" rel=\"nofollow noopener\" data-trk=\"{&quot;cta&quot;:{&quot;action&quot;:&quot;https:\\\/\\\/moncompte.actu.fr&quot;,&quot;category&quot;:&quot;mon compte&quot;,&quot;from&quot;:&quot;article footer&quot;,&quot;name&quot;:&quot;Mon actu&quot;,&quot;type&quot;:&quot;cta&quot;}}\" target=\"_blank\">Mon Actu<\/a>.<\/p>\n","protected":false},"excerpt":{"rendered":"Par Cl\u00e9ment Mazella Publi\u00e9 le 26 sept. 2025 \u00e0 13h29 \u00ab\u00a0Nous attendons une r\u00e9action\u00a0\u00bb, \u00ab\u00a0semaine sous tension\u00a0\u00bb :&hellip;\n","protected":false},"author":2,"featured_media":418827,"comment_status":"","ping_status":"","sticky":false,"template":"","format":"standard","meta":{"footnotes":""},"categories":[2816],"tags":[1111,11,1777,674,1011,27,12,2680,25,479,60,476,478,2312],"class_list":{"0":"post-418826","1":"post","2":"type-post","3":"status-publish","4":"format-standard","5":"has-post-thumbnail","7":"category-toulouse","8":"tag-actu","9":"tag-actualites","10":"tag-eu","11":"tag-europe","12":"tag-fr","13":"tag-france","14":"tag-news","15":"tag-occitanie","16":"tag-republique-francaise","17":"tag-rugby","18":"tag-sports","19":"tag-stade-toulousain","20":"tag-top-14","21":"tag-toulouse"},"share_on_mastodon":{"url":"https:\/\/pubeurope.com\/@fr\/115270433138007467","error":""},"_links":{"self":[{"href":"https:\/\/www.europesays.com\/fr\/wp-json\/wp\/v2\/posts\/418826","targetHints":{"allow":["GET"]}}],"collection":[{"href":"https:\/\/www.europesays.com\/fr\/wp-json\/wp\/v2\/posts"}],"about":[{"href":"https:\/\/www.europesays.com\/fr\/wp-json\/wp\/v2\/types\/post"}],"author":[{"embeddable":true,"href":"https:\/\/www.europesays.com\/fr\/wp-json\/wp\/v2\/users\/2"}],"replies":[{"embeddable":true,"href":"https:\/\/www.europesays.com\/fr\/wp-json\/wp\/v2\/comments?post=418826"}],"version-history":[{"count":0,"href":"https:\/\/www.europesays.com\/fr\/wp-json\/wp\/v2\/posts\/418826\/revisions"}],"wp:featuredmedia":[{"embeddable":true,"href":"https:\/\/www.europesays.com\/fr\/wp-json\/wp\/v2\/media\/418827"}],"wp:attachment":[{"href":"https:\/\/www.europesays.com\/fr\/wp-json\/wp\/v2\/media?parent=418826"}],"wp:term":[{"taxonomy":"category","embeddable":true,"href":"https:\/\/www.europesays.com\/fr\/wp-json\/wp\/v2\/categories?post=418826"},{"taxonomy":"post_tag","embeddable":true,"href":"https:\/\/www.europesays.com\/fr\/wp-json\/wp\/v2\/tags?post=418826"}],"curies":[{"name":"wp","href":"https:\/\/api.w.org\/{rel}","templated":true}]}}